{"id":254457,"date":"2025-11-25T04:49:14","date_gmt":"2025-11-25T04:49:14","guid":{"rendered":"https:\/\/www.europesays.com\/es\/254457\/"},"modified":"2025-11-25T04:49:14","modified_gmt":"2025-11-25T04:49:14","slug":"la-casa-no-se-construye-en-un-dia","status":"publish","type":"post","link":"https:\/\/www.europesays.com\/es\/254457\/","title":{"rendered":"La casa no se construye en un d\u00eda"},"content":{"rendered":"<p class=\"ft-text\"><strong>Rafa Nadal volvi\u00f3 a aparecer<\/strong>. El extenista, que dej\u00f3 el deporte con el que tanto nos maravill\u00f3 hace pr\u00e1cticamente un a\u00f1o, concrectamente el pasado 19 de noviembre de 2024, acudi\u00f3 a la gala Marca para recibir el premio ADN.<\/p>\n<p class=\"ft-text\">El tenista balear coment\u00f3 varios temas, entre ellos, lo ocurrido en la <strong>Final a 8 de la Copa Davis en Bolonia.<\/strong> \u00abHa sido un torneo espectacular, ha sido una pena al final, Jaume estaba jugando el mejor tenis de su vida. Fue una pena el comienzo del segundo set cuando ya ten\u00eda el break arriba\u00bb.<\/p>\n<p class=\"ft-text\">En la alfombra roja, le preguntaron a Nadal <strong>la situaci\u00f3n actual del Real Madrid<\/strong>. El balear, que ser\u00e1 uno de los<strong> candidatos a ocupar la presidencia <\/strong>blanca, una vez se retire Florentino P\u00e9rez, valor\u00f3 el papel de Xabi Alonso en este nuevo Real Madrid.<\/p>\n<p class=\"ft-text\">Tras una serie de partidos sin victorias, que incluyen una derrota en la Champions League y dos empates en LaLiga, el Real Madrid de Xabi Alonso se encuentra en medio de una ola de cr\u00edticas. El Bar\u00e7a ha aprovechado estos dos tropiezos consecutivos para reducir distancias en la clasificaci\u00f3n, lo que ha aumentado la presi\u00f3n sobre el entrenador. Sin embargo, a pesar del clima tenso, el extenista, quien sigue de cerca la actualidad deportiva, se posicion\u00f3 a favor de Xabi Alonso y pidi\u00f3 paciencia.<\/p>\n<p class=\"ft-text\">\u00ab<strong>Lo veo como un proceso natural de un deporte que se tiene que escribir cada d\u00eda p\u00e1ginas y p\u00e1ginas, y del que se tiene que hablar horas y horas\u00bb,<\/strong> comenz\u00f3 diciendo el extenista, haciendo un llamado a no apresurarse en los juicios cuando se trata de proyectos a largo plazo.<\/p>\n<p>Un proyecto en construcci\u00f3n<\/p>\n<p class=\"ft-text\">Nadal destac\u00f3 que, a pesar de los tropiezos del Madrid, el equipo sigue en una situaci\u00f3n destacada, tanto en liga como en la Champions. <strong>\u00abEs cierto que en los \u00faltimos tres partidos no han ido tan bien como los jugadores ni el staff quer\u00edan, pero al final son momentos y no creo que nadie en el Real Madrid no hubiese firmado estar en la cima de LaLiga hace unos meses<\/strong>\u00ab, coment\u00f3 Nadal, poniendo en perspectiva la buena situaci\u00f3n que el equipo a\u00fan mantiene.<\/p>\n<p class=\"ft-text\">El extenista tambi\u00e9n resalt\u00f3 el hecho de que Xabi Alonso se encuentra al frente de un proyecto nuevo y en fase de adaptaci\u00f3n.<strong> \u00abEs un nuevo proyecto, con un entrenador nuevo, se tienen que asimilar muchas cosas. La casa no se construye en un d\u00eda<\/strong>\u00ab, subray\u00f3 Nadal, dando a entender que no es razonable esperar resultados inmediatos en un proceso que lleva tiempo.<\/p>\n<p class=\"ft-text\">Si bien Rafa defendi\u00f3 a Xabi, tambi\u00e9n reconoci\u00f3 que las expectativas en el Real Madrid son muy altas debido a la historia del club. Las comparaciones con otros entrenadores que han pasado por el equipo, como Zinedine Zidane o Carlo Ancelotti, son inevitables. Sin embargo, Nadal apunt\u00f3 que cada entrenador tiene su propio enfoque y que, aunque los resultados pueden no ser los esperados, el trabajo de Alonso debe ser valorado en su justa medida.<\/p>\n<p>Confianza en el futuro del proyecto<\/p>\n<p class=\"ft-text\">Rafa Nadal tambi\u00e9n se\u00f1al\u00f3 que el trabajo realizado por Xabi Alonso hasta ahora es un reflejo de la solidez del proyecto, destacando que el equipo sigue mostrando capacidades para luchar en todas las competiciones. \u00ab<strong>Lo que se necesita ahora es paciencia, y el tiempo dir\u00e1 si este proyecto lleva al equipo a donde todos esperan\u00bb,<\/strong> coment\u00f3.<\/p>\n<p class=\"ft-text\">Uno de los aspectos m\u00e1s destacados por Nadal es la presi\u00f3n constante que enfrentan los entrenadores en el Real Madrid. <strong>\u00abEn un club como el Real Madrid, la exigencia es alt\u00edsima y la presi\u00f3n nunca desaparece\u00bb,<\/strong> se\u00f1al\u00f3. Este ambiente de alta presi\u00f3n, seg\u00fan Nadal, puede afectar tanto a jugadores como a entrenadores, pero tambi\u00e9n puede ser un motor para mejorar.<\/p>\n<p class=\"ft-text\">En medio de la tormenta medi\u00e1tica, Nadal quiso dejar claro su apoyo incondicional a Xabi Alonso, destacando su capacidad para gestionar momentos dif\u00edciles.<strong> \u00abEs un entrenador muy preparado, que entiende el juego y sabe c\u00f3mo lidiar con las adversidades\u00bb<\/strong>, concluy\u00f3 el extenista, dejando claro que, a su juicio, el futuro de Alonso en el Real Madrid sigue siendo prometedor.<\/p>\n<p>El futuro inmediato del Real Madrid<\/p>\n<p class=\"ft-text\">Pr\u00f3ximamente, el equipo de Xabi Alonso se enfrentar\u00e1 a Olympiacos y Girona. Unos partidos, no decisivos, pero si condicionantes para Xabi Alonso. Los pr\u00f3ximos resultados pueden aliviar las cr\u00edticas o reforzar la necesidad de realizar ajustes en el equipo, pero lo que est\u00e1 claro es que el proyecto de Xabi Alonso sigue siendo una apuesta a largo plazo en el seno del club.<\/p>\n","protected":false},"excerpt":{"rendered":"Rafa Nadal volvi\u00f3 a aparecer. El extenista, que dej\u00f3 el deporte con el que tanto nos maravill\u00f3 hace&hellip;\n","protected":false},"author":2,"featured_media":254458,"comment_status":"","ping_status":"","sticky":false,"template":"","format":"standard","meta":{"footnotes":""},"categories":[274],"tags":[168,25,24,15510,3294,3238,3489,12830,6894,23,167,327,326,46725,10344],"class_list":{"0":"post-254457","1":"post","2":"type-post","3":"status-publish","4":"format-standard","5":"has-post-thumbnail","7":"category-tenis","8":"tag-deportes","9":"tag-es","10":"tag-espana","11":"tag-florentino-perez","12":"tag-le","13":"tag-mano","14":"tag-nadal","15":"tag-rafa","16":"tag-rafa-nadal","17":"tag-spain","18":"tag-sports","19":"tag-tenis","20":"tag-tennis","21":"tag-tiende","22":"tag-xabi-alonso"},"share_on_mastodon":{"url":"https:\/\/pubeurope.com\/@es\/115608535925980052","error":""},"_links":{"self":[{"href":"https:\/\/www.europesays.com\/es\/wp-json\/wp\/v2\/posts\/254457","targetHints":{"allow":["GET"]}}],"collection":[{"href":"https:\/\/www.europesays.com\/es\/wp-json\/wp\/v2\/posts"}],"about":[{"href":"https:\/\/www.europesays.com\/es\/wp-json\/wp\/v2\/types\/post"}],"author":[{"embeddable":true,"href":"https:\/\/www.europesays.com\/es\/wp-json\/wp\/v2\/users\/2"}],"replies":[{"embeddable":true,"href":"https:\/\/www.europesays.com\/es\/wp-json\/wp\/v2\/comments?post=254457"}],"version-history":[{"count":0,"href":"https:\/\/www.europesays.com\/es\/wp-json\/wp\/v2\/posts\/254457\/revisions"}],"wp:featuredmedia":[{"embeddable":true,"href":"https:\/\/www.europesays.com\/es\/wp-json\/wp\/v2\/media\/254458"}],"wp:attachment":[{"href":"https:\/\/www.europesays.com\/es\/wp-json\/wp\/v2\/media?parent=254457"}],"wp:term":[{"taxonomy":"category","embeddable":true,"href":"https:\/\/www.europesays.com\/es\/wp-json\/wp\/v2\/categories?post=254457"},{"taxonomy":"post_tag","embeddable":true,"href":"https:\/\/www.europesays.com\/es\/wp-json\/wp\/v2\/tags?post=254457"}],"curies":[{"name":"wp","href":"https:\/\/api.w.org\/{rel}","templated":true}]}}