{"id":254461,"date":"2025-11-25T04:53:14","date_gmt":"2025-11-25T04:53:14","guid":{"rendered":"https:\/\/www.europesays.com\/es\/254461\/"},"modified":"2025-11-25T04:53:14","modified_gmt":"2025-11-25T04:53:14","slug":"de-argentina-a-estrella-del-elche","status":"publish","type":"post","link":"https:\/\/www.europesays.com\/es\/254461\/","title":{"rendered":"de Argentina a estrella del Elche"},"content":{"rendered":"<p id=\"evob5odBDsU\" data-wc=\"112\">Mucho est\u00e1 dando que hablar el partido que ha enfrentado al Real Madrid y al Elche este fin de semana en el Estadio Mart\u00ednez Valero. No solo por el empate con el que finaliz\u00f3 el encuentro, que pone sobre la mesa una posible falta de entendimiento entre Xabi Alonso y los jugadores merengues, sino porque en el terreno de juego llam\u00f3 la atenci\u00f3n una presencia: la de<strong>\u00a0Federico Redondo.\u00a0<\/strong>El centrocampista del equipo alicantino sali\u00f3 al c\u00e9sped para disputar los \u00faltimos minutos y dej\u00f3 claro que su nombre dar\u00e1 mucho que hablar en el f\u00fatbol espa\u00f1ol. Te presentamos a la nueva estrella de la liga, hijo de una gran estrella del f\u00fatbol.<\/p>\n<p> <img src=\"https:\/\/www.europesays.com\/es\/wp-content\/uploads\/2025\/11\/79be7072ebdd-gettyimages-2232348178.jpg\"   width=\"1024\" height=\"682\" loading=\"lazy\" decoding=\"async\" alt=\"Federico Redondo, jugador del Elche\" fetchpriority=\"auto\" class=\"image ho-image\"\/>\u00a9 Getty ImagesFederico Redondo, jugador del Elche<\/p>\n<p id=\"eLG501BnOc\" data-wc=\"80\">Nacido en Madrid el \u00a018 de enero de 2003 y criado en Argentina, en su destino estaba marcado el v\u00ednculo con el deporte. No en vano, forma parte de una saga que ha hecho historia en el f\u00fatbol. Su abuelo materno es Jorge &#8216;Indio&#8217; Solari, que desarroll\u00f3 gran parte de su carrera en el pa\u00eds sudamericano como jugador del River Plate; y<strong>\u00a0su padre es Fernando Redondo, tambi\u00e9n exjugador del Real Madrid y embajador de la Liga Espa\u00f1ola en Argentina.<\/strong><\/p>\n<p> <strong class=\"fr-embedded\"><img src=\"https:\/\/www.europesays.com\/es\/wp-content\/uploads\/2025\/11\/99347bb94ec4-gettyimages-650896262.jpg\"   width=\"664\" height=\"1024\" loading=\"lazy\" decoding=\"async\" alt=\"Fernando Redondo durante su etapa como jugador del Real Madrid\" fetchpriority=\"auto\" class=\"image ho-image\"\/>\u00a9 Getty ImagesFernando Redondo durante su etapa como jugador del Real Madrid<\/strong><\/p>\n<p id=\"e_TbGu5dl3\" data-wc=\"75\">Sus padres se conocieron en Tenerife, donde Fernando lleg\u00f3 como jugador del equipo de la isla, que curiosamente entrenaba el que hoy es su suegro. En 1992 contrajo matrimonio con Natalia Solari y no tardaron en formar una familia numerosa con Fernando, Luciana y Federico. <strong>El t\u00edo de ella es Eduardo Solari, padre de los tambi\u00e9n futbolistas Santiago, Esteban y David. El primero es exjugador del Real Madrid y\u00a0<a class=\"hm-link ho-link\" href=\"https:\/\/www.hola.com\/actualidad\/20181030132184\/solari-entrenador-real-madrid-gt\/\" data-mrf-recirculation=\"article-body-link\" rel=\"nofollow noopener\" target=\"_blank\">actual director de f\u00fatbol del club.<\/a><\/strong><\/p>\n<p id=\"e40YzkSN33l\" data-wc=\"84\">\u00abCualquier reuni\u00f3n familiar termina siendo una gran charla de f\u00fatbol. No me preguntes por qu\u00e9\u2026 y al mismo tiempo est\u00e1 a la vista, siempre el tema es el mismo: f\u00fatbol\u00bb, confesaba en La Naci\u00f3n. Adem\u00e1s. Federico reconoc\u00eda que<strong>\u00a0este deporte ocupa el 100% de su vida: cuando no est\u00e1 jugando, lo disfruta como espectador y tambi\u00e9n habla de este tema con sus amigos, con sus abuelos, con su padre, sus t\u00edos, sus hermanos, sus primos..<\/strong>. En su vida el f\u00fatbol es el eje central.<\/p>\n<p> <img src=\"https:\/\/www.europesays.com\/es\/wp-content\/uploads\/2025\/11\/7b40a0a90ecb-primera-victoria-en-casa-con-un-gran-ambiente-y-con-la-gente-que-mas-quiero-a.jpg\"   width=\"819\" height=\"1024\" loading=\"lazy\" decoding=\"async\" alt=\"Fede, arropado por su familia en sus primeros pasos en el Elche\" fetchpriority=\"auto\" class=\"image ho-image\"\/>\u00a9 fede.redondoFede, arropado por su familia en sus primeros pasos en el Elche<br \/>\nSu sue\u00f1o de jugar con Messi y su llegada a Espa\u00f1a<\/p>\n<p id=\"e8wv7404Gw\" data-wc=\"88\">\u00a0Desde ni\u00f1o demostr\u00f3 un gran talento con el bal\u00f3n. Empez\u00f3 en equipos de Argentina, incluida su en categor\u00edas inferiores, y en febrero de 2024 lleg\u00f3 una oportunidad que lo cambi\u00f3 todo: su fichaje por el Inter Miami, equipo de David Beckham en el que<strong>\u00a0ha cumplido su sue\u00f1o de jugar con Leo Messi, el gran \u00eddolo de su generaci\u00f3n<\/strong>. Tambi\u00e9n ha compartido vestuario con Sergio Busquets, Luis Su\u00e1rez y Jordi Alba. Su carrera le ha trasladado ahora hasta Espa\u00f1a, donde ha firmado contrato con el Elche hasta 2030.<\/p>\n<p> <img src=\"https:\/\/www.europesays.com\/es\/wp-content\/uploads\/2025\/11\/84d6167f4165-gettyimages-2171269090.jpg\"   width=\"1024\" height=\"682\" loading=\"lazy\" decoding=\"async\" alt=\"Una imagen de Fede Redondo con Leo Messi\" fetchpriority=\"auto\" class=\"image ho-image\"\/>\u00a9 Getty ImagesUna imagen de Fede Redondo con Leo Messi<\/p>\n<p id=\"e4zEz89fvw\" data-wc=\"93\">Para el jugador del Elche, tener dos apellidos que han dejado su impronta en el f\u00fatbol no es un lastre. Todo lo contrario. \u00c9l mismo ha confesado que lo lleva con orgullo porque admira profundamente a su padre, al que ha homenajeado<strong>\u00a0eligiendo el 5 como el n\u00famero de su dorsal y a quien considera \u00abel mejor de la historia\u00bb en su posici\u00f3n<\/strong>. Adem\u00e1s, deja claro que Fernando Redondo nunca le oblig\u00f3 a jugar al f\u00fatbol, sino que fue una decisi\u00f3n suya cuando ni siquiera sab\u00eda que era hijo de una gran estrella.<\/p>\n<p>De la popularidad de toda la familia a su hermetismo en el amor<\/p>\n<p id=\"eZyXkDig6d\" data-wc=\"85\">La popularidad siempre ha estado presente en su vida al formar parte de una familia dedicada por completo al f\u00fatbol. Su padre se retir\u00f3 cuando \u00e9l solo ten\u00eda 5 a\u00f1os, pero recuerda las pasiones que despertaba y las colas que se formaban para fotografiarse a su lado o pedirle aut\u00f3grafos. Es una parte de la profesi\u00f3n que vive con naturalidad, y aunque Fede no se considera famoso,<strong>\u00a0s\u00ed es consciente de que muchos j\u00f3venes le admiran, \u00a0ya que su carrera ilusiona y tiene mucha proyecci\u00f3n.<\/strong><\/p>\n<p> <img src=\"https:\/\/www.europesays.com\/es\/wp-content\/uploads\/2025\/11\/e03066cad8f9-gettyimages-2229451531.jpg\"   width=\"1024\" height=\"683\" loading=\"lazy\" decoding=\"async\" alt=\"Media Image\" fetchpriority=\"auto\" class=\"image ho-image\"\/>\u00a9 Getty Images<\/p>\n<p id=\"eAv3m4uuY7\" data-wc=\"81\">Muy decreto en cuanto a su vida personal, apenas comparte detalles relacionados con su intimidad y en sus redes sociales el contenido es en su mayor\u00eda profesional. <strong>Fue relacionado tiempo atr\u00e1s con la modelo Juana Tinelli a ra\u00edz de unas im\u00e1genes de los dos compartiendo tiempo en Miami<\/strong>, pero ninguno de los dos se pronunci\u00f3 al respecto. En la actualidad, la hija del expresidente de la Liga argentina y protagonista de su propio reality familiar, acaba de romper con Bautista Cui\u00f1a.<\/p>\n","protected":false},"excerpt":{"rendered":"Mucho est\u00e1 dando que hablar el partido que ha enfrentado al Real Madrid y al Elche este fin&hellip;\n","protected":false},"author":2,"featured_media":254462,"comment_status":"","ping_status":"","sticky":false,"template":"","format":"standard","meta":{"footnotes":""},"categories":[268],"tags":[517,634,168,25,24,280,282,281,23,167],"class_list":{"0":"post-254461","1":"post","2":"type-post","3":"status-publish","4":"format-standard","5":"has-post-thumbnail","7":"category-futbol","8":"tag-actualidad","9":"tag-deporte","10":"tag-deportes","11":"tag-es","12":"tag-espana","13":"tag-football","14":"tag-futbol","15":"tag-soccer","16":"tag-spain","17":"tag-sports"},"share_on_mastodon":{"url":"https:\/\/pubeurope.com\/@es\/115608552157751577","error":""},"_links":{"self":[{"href":"https:\/\/www.europesays.com\/es\/wp-json\/wp\/v2\/posts\/254461","targetHints":{"allow":["GET"]}}],"collection":[{"href":"https:\/\/www.europesays.com\/es\/wp-json\/wp\/v2\/posts"}],"about":[{"href":"https:\/\/www.europesays.com\/es\/wp-json\/wp\/v2\/types\/post"}],"author":[{"embeddable":true,"href":"https:\/\/www.europesays.com\/es\/wp-json\/wp\/v2\/users\/2"}],"replies":[{"embeddable":true,"href":"https:\/\/www.europesays.com\/es\/wp-json\/wp\/v2\/comments?post=254461"}],"version-history":[{"count":0,"href":"https:\/\/www.europesays.com\/es\/wp-json\/wp\/v2\/posts\/254461\/revisions"}],"wp:featuredmedia":[{"embeddable":true,"href":"https:\/\/www.europesays.com\/es\/wp-json\/wp\/v2\/media\/254462"}],"wp:attachment":[{"href":"https:\/\/www.europesays.com\/es\/wp-json\/wp\/v2\/media?parent=254461"}],"wp:term":[{"taxonomy":"category","embeddable":true,"href":"https:\/\/www.europesays.com\/es\/wp-json\/wp\/v2\/categories?post=254461"},{"taxonomy":"post_tag","embeddable":true,"href":"https:\/\/www.europesays.com\/es\/wp-json\/wp\/v2\/tags?post=254461"}],"curies":[{"name":"wp","href":"https:\/\/api.w.org\/{rel}","templated":true}]}}