{"id":254503,"date":"2025-11-25T05:26:13","date_gmt":"2025-11-25T05:26:13","guid":{"rendered":"https:\/\/www.europesays.com\/es\/254503\/"},"modified":"2025-11-25T05:26:13","modified_gmt":"2025-11-25T05:26:13","slug":"el-encendido-del-alumbrado-navideno-este-sabado-a-las-2000-horas-en-la-alameda","status":"publish","type":"post","link":"https:\/\/www.europesays.com\/es\/254503\/","title":{"rendered":"El encendido del alumbrado navide\u00f1o, este s\u00e1bado a las 20:00 horas en la Alameda"},"content":{"rendered":"<p class=\"uk-article-meta\">\n\t\tEscrito en 24 Noviembre 2025.\t<\/p>\n<p>\t\t\t\t\t\t<img decoding=\"async\" class=\"uk-align-right\" src=\"https:\/\/www.europesays.com\/es\/wp-content\/uploads\/2025\/11\/inauguraci\u00f3n_alumbrado_navide\u00f1o_intro.jpg\" alt=\"\"\/><\/p>\n<p>La Delegaci\u00f3n de Fiestas del Ayuntamiento de Benalup-Casas Viejas llevar\u00e1 a cabo el encendido del alumbrado extraordinario de Navidad este s\u00e1bado 29 de noviembre a partir de las 20:00 horas en la Alameda. La jornada se completar\u00e1 con la representaci\u00f3n del espect\u00e1culo infantil \u2018Voy a cantarte\u2019, tributo a Disney. \u00a0<\/p>\n<p>&#13;<br \/>\n &#13;<\/p>\n<p>El encendido del alumbrado navide\u00f1o supone el comienzo de la programaci\u00f3n de Navidad, que en los pr\u00f3ximos d\u00edas se dar\u00e1 a conocer con actividades para todos los p\u00fablicos en estas fechas tan especiales. \u00a0<\/p>\n","protected":false},"excerpt":{"rendered":"Escrito en 24 Noviembre 2025. La Delegaci\u00f3n de Fiestas del Ayuntamiento de Benalup-Casas Viejas llevar\u00e1 a cabo el&hellip;\n","protected":false},"author":2,"featured_media":254504,"comment_status":"","ping_status":"","sticky":false,"template":"","format":"standard","meta":{"footnotes":""},"categories":[81],"tags":[39861,39864,39862,39863,119,123,124,25,24,117,121,122,23,118,120],"class_list":{"0":"post-254503","1":"post","2":"type-post","3":"status-publish","4":"format-standard","5":"has-post-thumbnail","7":"category-ciencia-y-tecnologia","8":"tag-ayuntamiento-de-benalup-casas-viejas","9":"tag-benalup","10":"tag-benalup-casas-viejas","11":"tag-benalup-casas-viejas-cadiz","12":"tag-ciencia","13":"tag-ciencia-y-tecnologia","14":"tag-cienciaytecnologia","15":"tag-es","16":"tag-espana","17":"tag-science","18":"tag-science-and-technology","19":"tag-scienceandtechnology","20":"tag-spain","21":"tag-technology","22":"tag-tecnologia"},"share_on_mastodon":{"url":"https:\/\/pubeurope.com\/@es\/115608682090890841","error":""},"_links":{"self":[{"href":"https:\/\/www.europesays.com\/es\/wp-json\/wp\/v2\/posts\/254503","targetHints":{"allow":["GET"]}}],"collection":[{"href":"https:\/\/www.europesays.com\/es\/wp-json\/wp\/v2\/posts"}],"about":[{"href":"https:\/\/www.europesays.com\/es\/wp-json\/wp\/v2\/types\/post"}],"author":[{"embeddable":true,"href":"https:\/\/www.europesays.com\/es\/wp-json\/wp\/v2\/users\/2"}],"replies":[{"embeddable":true,"href":"https:\/\/www.europesays.com\/es\/wp-json\/wp\/v2\/comments?post=254503"}],"version-history":[{"count":0,"href":"https:\/\/www.europesays.com\/es\/wp-json\/wp\/v2\/posts\/254503\/revisions"}],"wp:featuredmedia":[{"embeddable":true,"href":"https:\/\/www.europesays.com\/es\/wp-json\/wp\/v2\/media\/254504"}],"wp:attachment":[{"href":"https:\/\/www.europesays.com\/es\/wp-json\/wp\/v2\/media?parent=254503"}],"wp:term":[{"taxonomy":"category","embeddable":true,"href":"https:\/\/www.europesays.com\/es\/wp-json\/wp\/v2\/categories?post=254503"},{"taxonomy":"post_tag","embeddable":true,"href":"https:\/\/www.europesays.com\/es\/wp-json\/wp\/v2\/tags?post=254503"}],"curies":[{"name":"wp","href":"https:\/\/api.w.org\/{rel}","templated":true}]}}