{"id":254509,"date":"2025-11-25T05:29:14","date_gmt":"2025-11-25T05:29:14","guid":{"rendered":"https:\/\/www.europesays.com\/es\/254509\/"},"modified":"2025-11-25T05:29:14","modified_gmt":"2025-11-25T05:29:14","slug":"la-jueza-de-la-dana-pide-a-el-ventorro-la-factura-y-una-foto-del-reservado-donde-comieron-mazon-y-vilaplana-noticias-de-la-comunidad-valenciana","status":"publish","type":"post","link":"https:\/\/www.europesays.com\/es\/254509\/","title":{"rendered":"La jueza de la dana pide a El Ventorro la factura y una foto del reservado donde comieron Maz\u00f3n y Vilaplana | Noticias de la Comunidad Valenciana"},"content":{"rendered":"<p class=\"\">La jueza de Catarroja (Valencia) <a href=\"https:\/\/elpais.com\/noticias\/gota-fria\/\" target=\"_self\" rel=\"nofollow noopener\" title=\"https:\/\/elpais.com\/noticias\/gota-fria\/\">que investiga la dana<\/a>, Nuria Ruiz Tobarra, quiere desgranar todos los detalles de la comida que el 29 de octubre de 2024 celebraron durante casi cuatro horas en el restaurante El Ventorro de Valencia el ahora presidente en funciones de la Generalitat, Carlos Maz\u00f3n, y la periodista Maribel Vilaplana.<\/p>\n<p class=\"\">Tras escuchar la declaraci\u00f3n como testigo el pasado viernes de Alfredo Romero, due\u00f1o de la casa de comidas, la magistrada ha acordado pedir a este empresario una foto del reservado que acogi\u00f3 el almuerzo y las medidas del espacio. La instructora le requiere tambi\u00e9n la factura de la cuenta y los detalles de la comanda de un \u00e1gape que se desarroll\u00f3 mientras la cat\u00e1strofe m\u00e1s letal del siglo dej\u00f3 229 muertos y un reguero de destrucci\u00f3n en Valencia. <\/p>\n<p class=\"\">El almuerzo \u2014seg\u00fan declar\u00f3 Romero en el juzgado\u2014 se desarroll\u00f3 en un reservado en la primera planta del restaurante con capacidad para cinco comensales. Consisti\u00f3 en un men\u00fa cerrado e incluy\u00f3 una botella de vino, \u201cprobablemente una ca\u00f1a inicial\u201d y varias botellas de agua. Concluy\u00f3 a las 17.00. Y los clientes extendieron la sobremesa hasta las 18.45 y salieron \u201cno m\u00e1s tarde de las 19.00\u2033. La Generalitat hizo la reserva \u201cdos o tres d\u00edas antes\u201d y el PP de Valencia abon\u00f3 la cuenta a trav\u00e9s de una transferencia, seg\u00fan apunt\u00f3 ante la instructora el restaurador, que al comparecer como testigo ten\u00eda la obligaci\u00f3n de decir la verdad. <\/p>\n<p class=\"\">La jueza justifica en un auto pedir la imagen del reservado con el argumento de que resulta clave para analizar si Vilaplana pudo escuchar las conversaciones de Maz\u00f3n sobre la crisis. El jefe del Consell mantuvo ocho llamadas entre las 17.37 y las 18.30 horas desde la casa de comidas con personalidades como la entonces consejera de Justicia e Interior y principal imputada en la causa, Salom\u00e9 Pradas, o el presidente de la Diputaci\u00f3n de Valencia, el popular Vicente Momp\u00f3. \u201cCon id\u00e9ntica motivaci\u00f3n, y dado que la fotograf\u00eda por s\u00ed sola no permite determinar el tama\u00f1o exacto de la sala, es preciso que se facilite por el titular del restaurante las medidas de ancho y de largo de la sala donde tuvo lugar la comida\u201d, responde la instructora a esta solicitud que ha hecho la acusaci\u00f3n popular que ejerce Ciudadanos. <\/p>\n<p class=\"\">Para sostener la petici\u00f3n de solicitar al restaurador la factura de la cuenta, la magistrada apunta que se enmarca en la necesidad de precisar \u201cla extensi\u00f3n de dicho \u00e1gape\u201d. La comida se prolong\u00f3, seg\u00fan la periodista, que ha cambiado tres veces de versi\u00f3n en un a\u00f1o, entre las 15.00 y las 18.45 horas. Y la jueza justifica que, a ra\u00edz de iniciar la investigaci\u00f3n sobre el almuerzo \u2014que arranca despu\u00e9s de que la Audiencia Provincial de Valencia diera luz verde a tomar declaraci\u00f3n como testigo a Vilaplana\u2014 ha acordado las comparecencias de los escoltas, el ch\u00f3fer y seis altos cargos de Maz\u00f3n, entre los que figura el sucesor del bar\u00f3n popular y secretario general del PP de Valencia, Juanfran P\u00e9rez Llorca, que desfil\u00f3 por el juzgado de Catarroja como testigo el pasado viernes. \u201cNo es lo mismo que la comida hubiera terminado, que los clientes estuvieran en la sobremesa. Tambi\u00e9n justificar\u00eda lo consumido una salida m\u00e1s tard\u00eda del restaurante y en qu\u00e9 momento los escoltas pudieran haber sido testigos de comentarios y conversaciones relativas a la emergencia\u201d, a\u00f1ade la instructora. <\/p>\n<p class=\"\">La solicitud de requerir la factura de la cuenta fue solicitada por la acusaci\u00f3n popular que ejerce en la causa Acci\u00f3 Cultural del Pa\u00eds Valenci\u00e0. <\/p>\n<p>La instructora investiga la factura del sucesor de Maz\u00f3n <\/p>\n<p class=\"\">Tras escuchar tambi\u00e9n el pasado viernes la comparecencia como testigo de P\u00e9rez Llorca, la magistrada ha solicitado el cotejo de los mensajes de WhatsApp que el d\u00eda de la dana cruz\u00f3 el sucesor de Maz\u00f3n con los dos investigados en la causa: la exconsejera Pradas, y quien fuera su segundo durante la riada, Emilio Arg\u00fceso. La instructora requiere tambi\u00e9n la factura del tel\u00e9fono corporativo del Ayuntamiento de Finestrat (Alicante), donde es alcalde P\u00e9rez Llorca. Desde este terminal, el tambi\u00e9n secretario general del PP de Valencia llam\u00f3 a las 18.57 horas al bar\u00f3n popular. Y estableci\u00f3 comunicaci\u00f3n con Pradas (18.57, 18.58 y 18.59). La magistrada quiere saber si las llamadas son entrantes o salientes y su duraci\u00f3n. Y da cinco d\u00edas al candidato del PP a la presidencia de la Generalitat para que aporte este documento, despu\u00e9s de que \u00e9l mismo se ofreciera a entregarlo. <\/p>\n","protected":false},"excerpt":{"rendered":"La jueza de Catarroja (Valencia) que investiga la dana, Nuria Ruiz Tobarra, quiere desgranar todos los detalles de&hellip;\n","protected":false},"author":2,"featured_media":246874,"comment_status":"","ping_status":"","sticky":false,"template":"","format":"standard","meta":{"footnotes":""},"categories":[8],"tags":[17,18,2007,242,25,24,13,14,11,4274,19,20,55219,9,10,15,16,956,23,12,21,22,235],"class_list":{"0":"post-254509","1":"post","2":"type-post","3":"status-publish","4":"format-standard","5":"has-post-thumbnail","7":"category-espana","8":"tag-breaking-news","9":"tag-breakingnews","10":"tag-carlos-mazon","11":"tag-comunidad-valenciana","12":"tag-es","13":"tag-espana","14":"tag-featured-news","15":"tag-featurednews","16":"tag-headlines","17":"tag-inundaciones-dana-octubre-2024","18":"tag-latest-news","19":"tag-latestnews","20":"tag-maribel-vilaplana","21":"tag-news","22":"tag-noticias","23":"tag-noticias-destacadas","24":"tag-noticiasdestacadas","25":"tag-pp","26":"tag-spain","27":"tag-titulares","28":"tag-ultimas-noticias","29":"tag-ultimasnoticias","30":"tag-valencia"},"share_on_mastodon":{"url":"https:\/\/pubeurope.com\/@es\/115608693403242523","error":""},"_links":{"self":[{"href":"https:\/\/www.europesays.com\/es\/wp-json\/wp\/v2\/posts\/254509","targetHints":{"allow":["GET"]}}],"collection":[{"href":"https:\/\/www.europesays.com\/es\/wp-json\/wp\/v2\/posts"}],"about":[{"href":"https:\/\/www.europesays.com\/es\/wp-json\/wp\/v2\/types\/post"}],"author":[{"embeddable":true,"href":"https:\/\/www.europesays.com\/es\/wp-json\/wp\/v2\/users\/2"}],"replies":[{"embeddable":true,"href":"https:\/\/www.europesays.com\/es\/wp-json\/wp\/v2\/comments?post=254509"}],"version-history":[{"count":0,"href":"https:\/\/www.europesays.com\/es\/wp-json\/wp\/v2\/posts\/254509\/revisions"}],"wp:featuredmedia":[{"embeddable":true,"href":"https:\/\/www.europesays.com\/es\/wp-json\/wp\/v2\/media\/246874"}],"wp:attachment":[{"href":"https:\/\/www.europesays.com\/es\/wp-json\/wp\/v2\/media?parent=254509"}],"wp:term":[{"taxonomy":"category","embeddable":true,"href":"https:\/\/www.europesays.com\/es\/wp-json\/wp\/v2\/categories?post=254509"},{"taxonomy":"post_tag","embeddable":true,"href":"https:\/\/www.europesays.com\/es\/wp-json\/wp\/v2\/tags?post=254509"}],"curies":[{"name":"wp","href":"https:\/\/api.w.org\/{rel}","templated":true}]}}