{"id":254514,"date":"2025-11-25T05:41:12","date_gmt":"2025-11-25T05:41:12","guid":{"rendered":"https:\/\/www.europesays.com\/es\/254514\/"},"modified":"2025-11-25T05:41:12","modified_gmt":"2025-11-25T05:41:12","slug":"alejandro-sanz-habla-claro-sobre-lo-que-esta-pasando-en-espana-y-el-mundo-entero-no-puedo-con-tanto-ocio-y-cultura","status":"publish","type":"post","link":"https:\/\/www.europesays.com\/es\/254514\/","title":{"rendered":"Alejandro Sanz habla claro sobre lo que est\u00e1 pasando en Espa\u00f1a y el mundo entero: \u00abNo puedo con tanto\u00bb | Ocio y cultura"},"content":{"rendered":"<p class=\"loc\">Madrid<\/p>\n<p>El cantante Alejandro Sanz ha compartido en la SER cu\u00e1les son las injusticias que m\u00e1s le preocupan actualmente. <a href=\"https:\/\/cadenaser.com\/nacional\/2025\/11\/14\/alejandro-sanz-da-la-sorpresa-y-arrebata-a-bad-bunny-el-grammy-latino-a-grabacion-del-ano-benito-te-lo-he-robado-cadena-ser\/\" target=\"_blank\" rel=\"nofollow noopener\" title=\"https:\/\/cadenaser.com\/nacional\/2025\/11\/14\/alejandro-sanz-da-la-sorpresa-y-arrebata-a-bad-bunny-el-grammy-latino-a-grabacion-del-ano-benito-te-lo-he-robado-cadena-ser\/\">Tras su triunfo en los Latin Grammy<\/a>, el artista ha concedido una entrevista en la que ha mostrado su preocupaci\u00f3n por temas como las guerras o el hambre, que ha dejado reflejadas en su \u00faltimo \u00e1lbum.<\/p>\n<p>M\u00e1s informaci\u00f3n<\/p>\n<p>\u00bfY ahora qu\u00e9? ha sido su \u00faltimo disco, tras a\u00f1os apartado de nuevos proyectos musicales. En este <a href=\"https:\/\/cadenaser.com\/nacional\/2024\/10\/25\/alejandro-sanz-desnuda-sus-sentimientos-en-una-cancion-dedicada-a-su-exnovia-cadena-ser\/\" target=\"_blank\" rel=\"nofollow noopener\" title=\"https:\/\/cadenaser.com\/nacional\/2024\/10\/25\/alejandro-sanz-desnuda-sus-sentimientos-en-una-cancion-dedicada-a-su-exnovia-cadena-ser\/\">nuevo trabajo<\/a>, \u00e9l responde y plantea a una de las preguntas que la sociedad m\u00e1s se hace actualmente, dado el complejo contexto social y pol\u00edtico que se presenta a nivel internacional.<\/p>\n<p>Para Sanz esta pregunta representa, precisamente, la voluntad de querer superarse y pensar qu\u00e9 puede hacerse para ir a mejor. Concretamente, el \u00faltimo tema del \u00e1lbum se titula Qu\u00e9 injusto, el que mejor parece recoger este sentimiento, lo que ha llevado a preguntar al compositor cu\u00e1les son las injusticias que m\u00e1s le quitan el sue\u00f1o.<\/p>\n<p>\u00abMe preocupan las guerras, el hambre, los cr\u00edmenes, la muerte de los ni\u00f1os, la corrupci\u00f3n&#8230;\u00bb, ha enumerado el artista, adem\u00e1s de confesar que \u00e9l siempre trata de colaborar con distintas ONG, fundaciones o causas sociales para tratar de aportar su granito de arena.<\/p>\n<p><img loading=\"lazy\" decoding=\"async\" src=\"https:\/\/www.europesays.com\/es\/wp-content\/uploads\/2025\/11\/https:\/\/sdmedia.playser.cadenaser.com\/playser\/image\/202511\/20\/1763668748324_1763669262_asset_still.j.jpeg\" width=\"16\" height=\"9\"\/><\/p>\n<p>Sin embargo, una de las cuestiones que m\u00e1s le preocupa es el negacionismo del cambio clim\u00e1tico. \u00abMe preocupa el negacionismo del cambio clim\u00e1tico, la Tierra plana&#8230; No puedo con tantas cosas, se me hace bola\u00bb, ha confesado Alejandro Sanz.<\/p>\n<p>Al respecto, el cantante ha se\u00f1alado que le sorprende c\u00f3mo estos temas pueden ser objeto de debate en la sociedad actual, puesto que son cuestiones que antes no eran discutidas. \u00abAntes hab\u00eda cosas que ni se discut\u00edan, es como dar 50 pasos hacia atr\u00e1s\u00bb, ha a\u00f1adido.<\/p>\n<p>Sanz ha asegurado que se siente abrumado por la cantidad de cuestiones injustas que imperan ahora, lo que dificulta que una sola persona pueda tratar de ayudar a terminar con todas ellas. \u00abAntes era capaz de seleccionar y enfocarme en un problema y ayudar como pod\u00eda. Ahora, me aturde la cantidad de cosas tan complicadas y tan injustas\u00bb, ha explicado.<\/p>\n","protected":false},"excerpt":{"rendered":"Madrid El cantante Alejandro Sanz ha compartido en la SER cu\u00e1les son las injusticias que m\u00e1s le preocupan&hellip;\n","protected":false},"author":2,"featured_media":254515,"comment_status":"","ping_status":"","sticky":false,"template":"","format":"standard","meta":{"footnotes":""},"categories":[174],"tags":[255,146,147,25,24,256,23],"class_list":{"0":"post-254514","1":"post","2":"type-post","3":"status-publish","4":"format-standard","5":"has-post-thumbnail","7":"category-famosos","8":"tag-celebrities","9":"tag-entertainment","10":"tag-entretenimiento","11":"tag-es","12":"tag-espana","13":"tag-famosos","14":"tag-spain"},"share_on_mastodon":{"url":"https:\/\/pubeurope.com\/@es\/115608740600688165","error":""},"_links":{"self":[{"href":"https:\/\/www.europesays.com\/es\/wp-json\/wp\/v2\/posts\/254514","targetHints":{"allow":["GET"]}}],"collection":[{"href":"https:\/\/www.europesays.com\/es\/wp-json\/wp\/v2\/posts"}],"about":[{"href":"https:\/\/www.europesays.com\/es\/wp-json\/wp\/v2\/types\/post"}],"author":[{"embeddable":true,"href":"https:\/\/www.europesays.com\/es\/wp-json\/wp\/v2\/users\/2"}],"replies":[{"embeddable":true,"href":"https:\/\/www.europesays.com\/es\/wp-json\/wp\/v2\/comments?post=254514"}],"version-history":[{"count":0,"href":"https:\/\/www.europesays.com\/es\/wp-json\/wp\/v2\/posts\/254514\/revisions"}],"wp:featuredmedia":[{"embeddable":true,"href":"https:\/\/www.europesays.com\/es\/wp-json\/wp\/v2\/media\/254515"}],"wp:attachment":[{"href":"https:\/\/www.europesays.com\/es\/wp-json\/wp\/v2\/media?parent=254514"}],"wp:term":[{"taxonomy":"category","embeddable":true,"href":"https:\/\/www.europesays.com\/es\/wp-json\/wp\/v2\/categories?post=254514"},{"taxonomy":"post_tag","embeddable":true,"href":"https:\/\/www.europesays.com\/es\/wp-json\/wp\/v2\/tags?post=254514"}],"curies":[{"name":"wp","href":"https:\/\/api.w.org\/{rel}","templated":true}]}}