{"id":254522,"date":"2025-11-25T05:49:10","date_gmt":"2025-11-25T05:49:10","guid":{"rendered":"https:\/\/www.europesays.com\/es\/254522\/"},"modified":"2025-11-25T05:49:10","modified_gmt":"2025-11-25T05:49:10","slug":"juan-usle-mi-pintura-esta-muy-contaminada-de-memoria-de-presente-de-azar-el-mundo","status":"publish","type":"post","link":"https:\/\/www.europesays.com\/es\/254522\/","title":{"rendered":"Juan Usl\u00e9: &quot;Mi pintura est\u00e1 muy contaminada de memoria, de presente, de azar&quot; &#8211; El Mundo"},"content":{"rendered":"<ol>\n<li><a href=\"https:\/\/news.google.com\/rss\/articles\/CBMif0FVX3lxTE0yaVFEbHlFbUdtUkNnT3FLXzVyNVY2MGw2aUFVOU1IaEMwY3A5WTBBcy1TbHJZcFdYVEI3MzY3V3FYUGpQVWJJYzNxLTNXN3c0Mmh6QlhqakIyZDh3b2xoZ1cySjB3MGoxbzJHNm9URWwwQmNIRGhtWkNnTEUwVDTSAX9BVV95cUxNMWNWRnRFLUtzUlhYaURjVmhBOEFCNkE0QWw2bWV2VkItc2lmX045Q3lVTi03XzRoeTI4ek55SVY2clBsYm9EQnZ1d2hLZ1BJd0RDbl94aDdWYXkyemlTSTQyVkg1WWVad3pUa1VWYnlTWnBHbEx1V1FBdUtvS0Zn?oc=5\" target=\"_blank\" rel=\"nofollow noopener\">Juan Usl\u00e9: \u00abMi pintura est\u00e1 muy contaminada de memoria, de presente, de azar\u00bb<\/a>&nbsp;&nbsp;El Mundo<\/li>\n<li><a href=\"https:\/\/news.google.com\/rss\/articles\/CBMi0AFBVV95cUxNcW5kY0pEUUVIdURIYlJMbmpDc1VNOEE2SDZsTXBqekxmQng1M2FtZzBaTnkwblZ4eHVFUU5PbV93LXZyNTAtODZlZkQ3TUF6Tk9WaV91eEN5dVhWeDlWbVFpVklWaHVhVDdmRjN0cHhpTEdmcm85NndZNnZkSHNGWXhXZnpFME1FZWlGUjRKWUFmdHIwV0ZWdHVOX2RwdzFOWDNlNlU5MDJWYUt3MHhmN29RSlNnWi00STJ5enVubzREU0Z0RkY1b2VJZ2JzUVdu?oc=5\" target=\"_blank\" rel=\"nofollow noopener\">Juan Usl\u00e9, pintor: \u00abSoy adicto a este estudio volc\u00e1nico que llevo siempre en mi cabeza\u00bb<\/a>&nbsp;&nbsp;El Espa\u00f1ol<\/li>\n<li><a href=\"https:\/\/news.google.com\/rss\/articles\/CBMixwFBVV95cUxNcHp5TVBEeVdaek1tVkhJX3k2eGtpUXN0dFIyZDFQZ2ZiaDRXaFlxTkRKNENYZ3pMVGVtOXZVelFIUzF1c3ctOHJzVmMzYmN3eTlfVzI2MHdrVUJoaW12SXJEekt0akNnaGtzbXAzeU44bnNBN0FjT0h2Y1h1TU5EUmhiZUgtQlhXUTNxbk1BWmZJX3pzNWhNblV2b0U5T09wSXp0QlplTDZYaFFDTUVqSDh0VXFLdUVjVk1xbVZQbzdsVVpRRFpB?oc=5\" target=\"_blank\" rel=\"nofollow noopener\">Convocatoria: Juan Usl\u00e9. Ese barco en la monta\u00f1a, gran antol\u00f3gica que recorre cuatro d\u00e9cadas del trabajo del artista<\/a>&nbsp;&nbsp;Museo Reina Sof\u00eda<\/li>\n<li><a href=\"https:\/\/news.google.com\/rss\/articles\/CBMinAFBVV95cUxOQm01U3FlaFljSXppRVlmd21MaXB3V1lBeXNyelh2V3pPT3pLZjZBYjJsd3JFRmtrajVUNjVXNE83c3dqWEk0a3VwR09fR25GR1hVS3hkVHE3YUEwVUZrdnN4OHo3TUFHeVY0NzlqTmFybUNuSFg4ZzhyWXppQ293eHhGdDRyZERxM00tMHBVZ1RfUlZaTnREUUJsSzM?oc=5\" target=\"_blank\" rel=\"nofollow noopener\">Juan Usl\u00e9, ese barco en la monta\u00f1a<\/a>&nbsp;&nbsp;El Diario Monta\u00f1\u00e9s<\/li>\n<li><a href=\"https:\/\/news.google.com\/rss\/articles\/CBMikgFBVV95cUxQM3RPSG5Sem80c0hnMDc0ZmNWcFBGdVo4THFJMUlnZm1RRHRRV3gwODJSZGdMQzJISW1pNllvTDZhYmlBSHluUzhlc3V5LUU3TFlCblBuSXc1dTFRQ0ZFWkR5emh2anZLNFpMd254c3lPSERjMm5CUXhXaTZTRGlHNXM0Vk40bGROOFFQUWt1X3dZdw?oc=5\" target=\"_blank\" rel=\"nofollow noopener\">Juan Usl\u00e9 charla con Calvo Ulloa en el Museo Reina Sof\u00eda<\/a>&nbsp;&nbsp;masdearte.com<\/li>\n<\/ol>\n","protected":false},"excerpt":{"rendered":"Juan Usl\u00e9: \u00abMi pintura est\u00e1 muy contaminada de memoria, de presente, de azar\u00bb&nbsp;&nbsp;El Mundo Juan Usl\u00e9, pintor: \u00abSoy&hellip;\n","protected":false},"author":2,"featured_media":254523,"comment_status":"","ping_status":"","sticky":false,"template":"","format":"standard","meta":{"footnotes":""},"categories":[91],"tags":[229,146,147,25,24,30678,18088,23],"class_list":{"0":"post-254522","1":"post","2":"type-post","3":"status-publish","4":"format-standard","5":"has-post-thumbnail","7":"category-entretenimiento","8":"tag-arte","9":"tag-entertainment","10":"tag-entretenimiento","11":"tag-es","12":"tag-espana","13":"tag-la-lectura","14":"tag-museo-reina-sofia","15":"tag-spain"},"share_on_mastodon":{"url":"https:\/\/pubeurope.com\/@es\/115608771825151153","error":""},"_links":{"self":[{"href":"https:\/\/www.europesays.com\/es\/wp-json\/wp\/v2\/posts\/254522","targetHints":{"allow":["GET"]}}],"collection":[{"href":"https:\/\/www.europesays.com\/es\/wp-json\/wp\/v2\/posts"}],"about":[{"href":"https:\/\/www.europesays.com\/es\/wp-json\/wp\/v2\/types\/post"}],"author":[{"embeddable":true,"href":"https:\/\/www.europesays.com\/es\/wp-json\/wp\/v2\/users\/2"}],"replies":[{"embeddable":true,"href":"https:\/\/www.europesays.com\/es\/wp-json\/wp\/v2\/comments?post=254522"}],"version-history":[{"count":0,"href":"https:\/\/www.europesays.com\/es\/wp-json\/wp\/v2\/posts\/254522\/revisions"}],"wp:featuredmedia":[{"embeddable":true,"href":"https:\/\/www.europesays.com\/es\/wp-json\/wp\/v2\/media\/254523"}],"wp:attachment":[{"href":"https:\/\/www.europesays.com\/es\/wp-json\/wp\/v2\/media?parent=254522"}],"wp:term":[{"taxonomy":"category","embeddable":true,"href":"https:\/\/www.europesays.com\/es\/wp-json\/wp\/v2\/categories?post=254522"},{"taxonomy":"post_tag","embeddable":true,"href":"https:\/\/www.europesays.com\/es\/wp-json\/wp\/v2\/tags?post=254522"}],"curies":[{"name":"wp","href":"https:\/\/api.w.org\/{rel}","templated":true}]}}