{"id":254551,"date":"2025-11-25T06:16:34","date_gmt":"2025-11-25T06:16:34","guid":{"rendered":"https:\/\/www.europesays.com\/es\/254551\/"},"modified":"2025-11-25T06:16:34","modified_gmt":"2025-11-25T06:16:34","slug":"el-81-de-los-sanitarios-detecta-problemas-en-el-desarrollo-de-los-ninos-por-el-uso-de-pantallas","status":"publish","type":"post","link":"https:\/\/www.europesays.com\/es\/254551\/","title":{"rendered":"El 81% de los sanitarios detecta problemas en el desarrollo de los ni\u00f1os por el uso de pantallas"},"content":{"rendered":"<p>El 81% de los profesionales sanitarios detecta un <strong>aumento de los problemas en el desarrollo infantil asociados al uso excesivo de las pantallas<\/strong>, seg\u00fan las conclusiones de un estudio sobre el impacto de la sobreexposici\u00f3n a los dispositivos en la salud de los peque\u00f1os.<\/p>\n<p>El informe, que ha sido presentado coincidiendo con la salida de la 35 Gu\u00eda AIJU 2025 de juguetes del Instituto Tecnol\u00f3gico de Producto Infantil y Ocio, con sede en Ibi (Alicante), se\u00f1ala que <strong>el 91% de los ni\u00f1os y ni\u00f1as pasa frente a las pantallas m\u00e1s tiempo del recomendado<\/strong> por este tipo de especialistas, seg\u00fan el coordinador del \u00e1rea de investigaci\u00f3n infantil de AIJU, Pablo Bus\u00f3, que ha se\u00f1alado que el estudio ha contado con la percepci\u00f3n de 65 m\u00e9dicos especialistas en infancia y de 334 familias con hijos entre 0 y 17 a\u00f1os.<\/p>\n<p><strong>La preocupaci\u00f3n por el uso de pantallas es compartida por familias y sanitarios<\/strong>, que incluyen entre los efectos en el desarrollo f\u00edsico, cognitivo, emocional y social en la infancia consecuencias en el sue\u00f1o (81%), salud mental (69), obesidad y problemas visuales (63) y alteraciones posturales y neumotoras.<\/p>\n<p>Siete de cada diez familias, preocupadas<\/p>\n<p>Seg\u00fan el estudio, el 68% de las familias manifiesta preocupaci\u00f3n por el tiempo de exposici\u00f3n a pantallas de sus hijos, y en este sentido se pone de manifiesto que el 98% de los ni\u00f1os de cuatro a seis a\u00f1os no cumple con el criterio fijado por la Asociaci\u00f3n Espa\u00f1ola de Pediatr\u00eda (AEP) de cero pantallas ante de los seis.<\/p>\n<p>El 91% de los ni\u00f1os y ni\u00f1as pasa frente a los dispositivos m\u00e1s tiempo del recomendado. Aunque el 96% de las unidades familiares establece normas de uso, el 71 encuentra dificultades para mantenerlas debido a factores como la falta de tiempo, la necesidad de apoyo durante otras tareas y conflictos con los hijos.<\/p>\n<p>\u00abEsta investigaci\u00f3n reafirma la <strong>necesidad de generar entornos de juego y socializaci\u00f3n libres de pantallas<\/strong>, que promuevan un desarrollo infantil saludable y que el uso de las tecnolog\u00edas sea activo y guiado por las familias y los profesionales\u00bb, seg\u00fan Bus\u00f3.<\/p>\n<p>La Gu\u00eda AIJU 2025-26 es la \u00fanica en Espa\u00f1a avalada por instituciones de consumo para recomendar productos que han superado informes pedag\u00f3gicos y de usabilidad con m\u00e1s de cien horas de juego libre, y en el mismo aparecen 66 productos.<\/p>\n<p>El director general de la patronal nacional juguetera, Jos\u00e9 Antonio Pastor, ha destacado que nos encontramos en \u00abun momento de cambio en el que las pantallas ocupan buena parte de nuestras vidas pero en el que tambi\u00e9n las familias est\u00e1n m\u00e1s sensibilizadas con todos los beneficios que el juego aporta en el desarrollo de los ni\u00f1os\u00bb.<\/p>\n","protected":false},"excerpt":{"rendered":"El 81% de los profesionales sanitarios detecta un aumento de los problemas en el desarrollo infantil asociados al&hellip;\n","protected":false},"author":2,"featured_media":254552,"comment_status":"","ping_status":"","sticky":false,"template":"","format":"standard","meta":{"footnotes":""},"categories":[8],"tags":[17,18,25,24,13,14,11,19,20,9,10,15,16,23,12,21,22],"class_list":{"0":"post-254551","1":"post","2":"type-post","3":"status-publish","4":"format-standard","5":"has-post-thumbnail","7":"category-espana","8":"tag-breaking-news","9":"tag-breakingnews","10":"tag-es","11":"tag-espana","12":"tag-featured-news","13":"tag-featurednews","14":"tag-headlines","15":"tag-latest-news","16":"tag-latestnews","17":"tag-news","18":"tag-noticias","19":"tag-noticias-destacadas","20":"tag-noticiasdestacadas","21":"tag-spain","22":"tag-titulares","23":"tag-ultimas-noticias","24":"tag-ultimasnoticias"},"share_on_mastodon":{"url":"https:\/\/pubeurope.com\/@es\/115608878211670229","error":""},"_links":{"self":[{"href":"https:\/\/www.europesays.com\/es\/wp-json\/wp\/v2\/posts\/254551","targetHints":{"allow":["GET"]}}],"collection":[{"href":"https:\/\/www.europesays.com\/es\/wp-json\/wp\/v2\/posts"}],"about":[{"href":"https:\/\/www.europesays.com\/es\/wp-json\/wp\/v2\/types\/post"}],"author":[{"embeddable":true,"href":"https:\/\/www.europesays.com\/es\/wp-json\/wp\/v2\/users\/2"}],"replies":[{"embeddable":true,"href":"https:\/\/www.europesays.com\/es\/wp-json\/wp\/v2\/comments?post=254551"}],"version-history":[{"count":0,"href":"https:\/\/www.europesays.com\/es\/wp-json\/wp\/v2\/posts\/254551\/revisions"}],"wp:featuredmedia":[{"embeddable":true,"href":"https:\/\/www.europesays.com\/es\/wp-json\/wp\/v2\/media\/254552"}],"wp:attachment":[{"href":"https:\/\/www.europesays.com\/es\/wp-json\/wp\/v2\/media?parent=254551"}],"wp:term":[{"taxonomy":"category","embeddable":true,"href":"https:\/\/www.europesays.com\/es\/wp-json\/wp\/v2\/categories?post=254551"},{"taxonomy":"post_tag","embeddable":true,"href":"https:\/\/www.europesays.com\/es\/wp-json\/wp\/v2\/tags?post=254551"}],"curies":[{"name":"wp","href":"https:\/\/api.w.org\/{rel}","templated":true}]}}