{"id":254555,"date":"2025-11-25T06:22:13","date_gmt":"2025-11-25T06:22:13","guid":{"rendered":"https:\/\/www.europesays.com\/es\/254555\/"},"modified":"2025-11-25T06:22:13","modified_gmt":"2025-11-25T06:22:13","slug":"raducanu-se-cae-de-la-exhibicion-de-diciembre-donde-si-estara-alcaraz","status":"publish","type":"post","link":"https:\/\/www.europesays.com\/es\/254555\/","title":{"rendered":"Raducanu se &#8216;cae&#8217; de la exhibici\u00f3n de diciembre donde s\u00ed estar\u00e1 Alcaraz"},"content":{"rendered":"<p>La brit\u00e1nica Emma Raducanu, ganadora del US Open en 2021, <b>se ausentar\u00e1 de la exhibici\u00f3n del pr\u00f3ximo 7 y 8 de diciembre <\/b>en Estados Unidos en la que participar\u00e1 Carlos Alcaraz junto a Joao Fonseca, Frances Tiafoe y Amanda Anisimova.<\/p>\n<p>Raducanu, que se estima que dejar\u00e1 de ganar 500.000 libras (570.000 euros) por no participar en este torneo, ser\u00e1 reemplazada por la estadounidense Jessica Pegula, sexta jugadora del r\u00e1nking. <b>Raducanu form\u00f3 pareja mixta con Alcaraz<\/b> en el pasado US Open, si bien ambos cayeron eliminados en la primera ronda.<\/p>\n<p>Un<b> problema en el pie<\/b> ha impedido que Raducanu se una al tenista murciano, Fonseca y Anisimova en esta exhibici\u00f3n de dos d\u00edas que tendr\u00e1 lugar en Nueva Jersey el 7 de diciembre y en Miami el 8 de diciembre.<\/p>\n<p>La pupila de Francis Roig <b>continuar\u00e1 sus entrenamientos en Barcelona<\/b> junto al t\u00e9cnico espa\u00f1ol antes de viajar a Australia para preparar el primer Grand Slam del a\u00f1o, que comenzar\u00e1 el 12 de enero.<\/p>\n","protected":false},"excerpt":{"rendered":"La brit\u00e1nica Emma Raducanu, ganadora del US Open en 2021, se ausentar\u00e1 de la exhibici\u00f3n del pr\u00f3ximo 7&hellip;\n","protected":false},"author":2,"featured_media":254556,"comment_status":"","ping_status":"","sticky":false,"template":"","format":"standard","meta":{"footnotes":""},"categories":[274],"tags":[168,25,24,23,167,327,326],"class_list":{"0":"post-254555","1":"post","2":"type-post","3":"status-publish","4":"format-standard","5":"has-post-thumbnail","7":"category-tenis","8":"tag-deportes","9":"tag-es","10":"tag-espana","11":"tag-spain","12":"tag-sports","13":"tag-tenis","14":"tag-tennis"},"share_on_mastodon":{"url":"https:\/\/pubeurope.com\/@es\/115608901854176052","error":""},"_links":{"self":[{"href":"https:\/\/www.europesays.com\/es\/wp-json\/wp\/v2\/posts\/254555","targetHints":{"allow":["GET"]}}],"collection":[{"href":"https:\/\/www.europesays.com\/es\/wp-json\/wp\/v2\/posts"}],"about":[{"href":"https:\/\/www.europesays.com\/es\/wp-json\/wp\/v2\/types\/post"}],"author":[{"embeddable":true,"href":"https:\/\/www.europesays.com\/es\/wp-json\/wp\/v2\/users\/2"}],"replies":[{"embeddable":true,"href":"https:\/\/www.europesays.com\/es\/wp-json\/wp\/v2\/comments?post=254555"}],"version-history":[{"count":0,"href":"https:\/\/www.europesays.com\/es\/wp-json\/wp\/v2\/posts\/254555\/revisions"}],"wp:featuredmedia":[{"embeddable":true,"href":"https:\/\/www.europesays.com\/es\/wp-json\/wp\/v2\/media\/254556"}],"wp:attachment":[{"href":"https:\/\/www.europesays.com\/es\/wp-json\/wp\/v2\/media?parent=254555"}],"wp:term":[{"taxonomy":"category","embeddable":true,"href":"https:\/\/www.europesays.com\/es\/wp-json\/wp\/v2\/categories?post=254555"},{"taxonomy":"post_tag","embeddable":true,"href":"https:\/\/www.europesays.com\/es\/wp-json\/wp\/v2\/tags?post=254555"}],"curies":[{"name":"wp","href":"https:\/\/api.w.org\/{rel}","templated":true}]}}