{"id":254581,"date":"2025-11-25T06:39:09","date_gmt":"2025-11-25T06:39:09","guid":{"rendered":"https:\/\/www.europesays.com\/es\/254581\/"},"modified":"2025-11-25T06:39:09","modified_gmt":"2025-11-25T06:39:09","slug":"cabreo-en-junts-y-mayorias-dificiles","status":"publish","type":"post","link":"https:\/\/www.europesays.com\/es\/254581\/","title":{"rendered":"cabreo en Junts y mayor\u00edas dif\u00edciles"},"content":{"rendered":"\n<p> La \u00faltima encuesta de Centre d\u2019Estudis d\u2019Opini\u00f3 (CEO), el equivalente al CIS de la Generalitat de Catalu\u00f1a, da un vuelco al tablero pol\u00edtico catal\u00e1n. Alian\u00e7a Catalana, un partido de ultraderecha independentista, pasar\u00eda en algo m\u00e1s de un a\u00f1o de tener dos diputados en el Parlament, como ahora, a la posibilidad de lograr <a href=\"https:\/\/www.elconfidencial.com\/espana\/cataluna\/2025-11-24\/cis-catalan-alianca-catalana-mas-escanos-junts_4253310\/\" target=\"_self\" rel=\"nofollow noopener\"> una horquilla de entre 19 y 20 esca\u00f1os<\/a>. As\u00ed, multiplicar\u00eda sus resultados por diez y se postula ya como tercera fuerza. <a href=\"https:\/\/www.elconfidencial.com\/espana\/cataluna\/2025-11-24\/junts-cuestiona-encuesta-ceo-subida-alianca_4253461\/\" target=\"_self\" rel=\"nofollow noopener\">Junts ha montado en c\u00f3lera<\/a> y los posibles pactos se complican sobremanera. <\/p>\n<p> <a href=\"https:\/\/www.elconfidencial.com\/espana\/cataluna\/2025-11-16\/momento-orriols-alianca-catalana-turismo-ripoll_4247401\/\" target=\"_self\" rel=\"nofollow noopener\">Silvia Orriols<\/a>, la l\u00edder de Alian\u00e7a, vive un momento dulce desde el punto de vista demosc\u00f3pico. El resto de los partidos catalanes no tanto. Junts ha salido en tromba a criticar la encuesta porque queda en una situaci\u00f3n muy d\u00e9bil. Su electorado es el m\u00e1s infiel. La ca\u00edda de esca\u00f1os les impide superar a ERC y convertirse en segunda fuerza pol\u00edtica. <\/p>\n<p> Pero el resultado de la encuesta no s\u00f3lo perjudica a Junts, como insin\u00faan los de <strong>Carles Puigdemont<\/strong>, que denuncian el sesgo del bajo peso en la muestra de las provincias que no son Barcelona. Sin embargo, ignoran, por ejemplo, que el 60% de los consultados tienen el catal\u00e1n como primera lengua. Cuando el sesgo les favorece en Junts no se refieren a \u00e9l. El PSC aparece como ganador, pero pierde dos esca\u00f1os. <\/p>\n<p> La \u00fanica mayor\u00eda clara que sale de la encuesta es imposible: Junts, Alian\u00e7a y Vox. Pero en este momento hay un cintur\u00f3n sanitario que impide pactar pol\u00edticas con la ultraderecha, as\u00ed que tampoco servir\u00eda. Habr\u00e1 que ver cu\u00e1nto dura. <\/p>\n<p> La subida de Alian\u00e7a redibuja por completo el mapa catal\u00e1n. Impide un gran acuerdo del independentismo por la incompatibilidad entre la CUP y los de Silvia Orriols. Es decir, hace imposible el escenario que llev\u00f3 a la Declaraci\u00f3n Unilateral de Independencia en octubre de 2017. <\/p>\n<p> Tambi\u00e9n sit\u00faa el tema de la inmigraci\u00f3n como la cuesti\u00f3n medular de la legislatura, cuando el plan del presidente catal\u00e1n <strong>Salvador Illa<\/strong> era que <a href=\"https:\/\/www.elconfidencial.com\/empresas\/2025-11-22\/plan-50-000-viviendas-salvador-illa-juega-concurso_4251452\/\" target=\"_self\" rel=\"nofollow noopener\">lo fuese la vivienda<\/a> y por eso ha centrado el grueso de los esfuerzos en la promoci\u00f3n de alquiler asequible en Catalu\u00f1a. <\/p>\n<p>            Futuro incierto           <\/p>\n<p> Los resultados del \u00faltimo bar\u00f3metro del CEO arrojan un futuro incierto para la pol\u00edtica catalana. Acuerdos de m\u00ednimos como el que permiti\u00f3 <a href=\"https:\/\/www.elconfidencial.com\/espana\/cataluna\/2021-12-09\/jxcat-prepara-propuesta-tv3-negociacion-ccma_3336280\/\" target=\"_self\" rel=\"nofollow noopener\">renovar el consejo de la Corporaci\u00f3 Catalana de Mitjans Audiovisuals<\/a> (TV3 y Catalunya R\u00e0dio) ser\u00eda imposible con esta composici\u00f3n de la C\u00e1mara. La ultraderecha no podr\u00eda bloquear la vida parlamentaria, pero s\u00ed hacerla mucho m\u00e1s complicada de lo que ya es en Catalu\u00f1a. <\/p>\n<p class=\"bodyObject bodyBlockquote\">Los grandes pactos como el que sirvi\u00f3 para renovar TV3 ser\u00e1n imposibles con esta aritm\u00e9tica<\/p>\n<p> La encuesta del CEO recoge una corriente de fondo, la subida de la ultraderecha entre los catalanes ante los problemas de gesti\u00f3n migratoria combinada con la frustraci\u00f3n pol\u00edtica que ha generado el proc\u00e9s en m\u00e1s de dos millones de votantes, los que dieron su respaldo al independentismo hace ocho a\u00f1os. <\/p>\n<p>            Una cuarta parte           <\/p>\n<p> El efecto inesperado de todo esto es que entre Alian\u00e7a y Vox pueden llegar a sumar 35 esca\u00f1os, lo que supone casi una cuarta parte de la c\u00e1mara catalana. Y el problema de fondo radica en la falta de alternativas para parar la ultraderecha. Este tipo de formaciones extremas subieron cuando <strong>Pere Aragon\u00e8s<\/strong> las ignoraba en la pasada legislatura. Ahora, Salvador Illa, pero tambi\u00e9n el presidente del Parlament, <strong>Josep Rull<\/strong>; confrontan con ellas constantemente. Pero siguen al alza en las encuestas. <\/p>\n<p> Estas semanas <strong>Oriol Junqueras <\/strong> y <strong>Gabriel Rufi\u00e1n <\/strong>tambi\u00e9n han optado por el choque directo. Pero no hay garant\u00edas de que funcione. En el CEO, en una encuesta a m\u00e1s de 2.000 catalanes, hay un 40% que se muestra harto de todo. De alguna manera ah\u00ed est\u00e1 el vivero de lo que est\u00e1 pasando en Catalu\u00f1a. <\/p>\n<p> La \u00faltima encuesta de Centre d\u2019Estudis d\u2019Opini\u00f3 (CEO), el equivalente al CIS de la Generalitat de Catalu\u00f1a, da un vuelco al tablero pol\u00edtico catal\u00e1n. Alian\u00e7a Catalana, un partido de ultraderecha independentista, pasar\u00eda en algo m\u00e1s de un a\u00f1o de tener dos diputados en el Parlament, como ahora, a la posibilidad de lograr <a href=\"https:\/\/www.elconfidencial.com\/espana\/cataluna\/2025-11-24\/cis-catalan-alianca-catalana-mas-escanos-junts_4253310\/\" target=\"_self\" rel=\"nofollow noopener\"> una horquilla de entre 19 y 20 esca\u00f1os<\/a>. As\u00ed, multiplicar\u00eda sus resultados por diez y se postula ya como tercera fuerza. <a href=\"https:\/\/www.elconfidencial.com\/espana\/cataluna\/2025-11-24\/junts-cuestiona-encuesta-ceo-subida-alianca_4253461\/\" target=\"_self\" rel=\"nofollow noopener\">Junts ha montado en c\u00f3lera<\/a> y los posibles pactos se complican sobremanera. <\/p>\n","protected":false},"excerpt":{"rendered":"La \u00faltima encuesta de Centre d\u2019Estudis d\u2019Opini\u00f3 (CEO), el equivalente al CIS de la Generalitat de Catalu\u00f1a, da&hellip;\n","protected":false},"author":2,"featured_media":254582,"comment_status":"","ping_status":"","sticky":false,"template":"","format":"standard","meta":{"footnotes":""},"categories":[8],"tags":[17,18,25,24,13,14,11,19,20,9,10,15,16,23,12,21,22],"class_list":{"0":"post-254581","1":"post","2":"type-post","3":"status-publish","4":"format-standard","5":"has-post-thumbnail","7":"category-espana","8":"tag-breaking-news","9":"tag-breakingnews","10":"tag-es","11":"tag-espana","12":"tag-featured-news","13":"tag-featurednews","14":"tag-headlines","15":"tag-latest-news","16":"tag-latestnews","17":"tag-news","18":"tag-noticias","19":"tag-noticias-destacadas","20":"tag-noticiasdestacadas","21":"tag-spain","22":"tag-titulares","23":"tag-ultimas-noticias","24":"tag-ultimasnoticias"},"share_on_mastodon":{"url":"https:\/\/pubeurope.com\/@es\/115608968710033522","error":""},"_links":{"self":[{"href":"https:\/\/www.europesays.com\/es\/wp-json\/wp\/v2\/posts\/254581","targetHints":{"allow":["GET"]}}],"collection":[{"href":"https:\/\/www.europesays.com\/es\/wp-json\/wp\/v2\/posts"}],"about":[{"href":"https:\/\/www.europesays.com\/es\/wp-json\/wp\/v2\/types\/post"}],"author":[{"embeddable":true,"href":"https:\/\/www.europesays.com\/es\/wp-json\/wp\/v2\/users\/2"}],"replies":[{"embeddable":true,"href":"https:\/\/www.europesays.com\/es\/wp-json\/wp\/v2\/comments?post=254581"}],"version-history":[{"count":0,"href":"https:\/\/www.europesays.com\/es\/wp-json\/wp\/v2\/posts\/254581\/revisions"}],"wp:featuredmedia":[{"embeddable":true,"href":"https:\/\/www.europesays.com\/es\/wp-json\/wp\/v2\/media\/254582"}],"wp:attachment":[{"href":"https:\/\/www.europesays.com\/es\/wp-json\/wp\/v2\/media?parent=254581"}],"wp:term":[{"taxonomy":"category","embeddable":true,"href":"https:\/\/www.europesays.com\/es\/wp-json\/wp\/v2\/categories?post=254581"},{"taxonomy":"post_tag","embeddable":true,"href":"https:\/\/www.europesays.com\/es\/wp-json\/wp\/v2\/tags?post=254581"}],"curies":[{"name":"wp","href":"https:\/\/api.w.org\/{rel}","templated":true}]}}