{"id":25461,"date":"2025-08-04T17:14:04","date_gmt":"2025-08-04T17:14:04","guid":{"rendered":"https:\/\/www.europesays.com\/es\/25461\/"},"modified":"2025-08-04T17:14:04","modified_gmt":"2025-08-04T17:14:04","slug":"artistas-espanoles-se-suman-al-manifiesto-contra-el-rodaje-de-la-odisea-de-nolan-en-sahara","status":"publish","type":"post","link":"https:\/\/www.europesays.com\/es\/25461\/","title":{"rendered":"Artistas espa\u00f1oles se suman al manifiesto contra el rodaje de &#8216;La Odisea&#8217; de Nolan en Sahara"},"content":{"rendered":"<p>Madrid (EFE).- Artistas espa\u00f1oles como los realizadores Rodrigo Sorogoyen e Ic\u00edar Bolla\u00edn y actores como Javier Bardem, Juan Diego Botto, Carolina Yuste o Luis Tosar se sumaron al manifiesto del Festival Internacional de Cine del Sahara (FiSahara) contra el rodaje de \u2018La Odisea\u2019 de Christopher Nolan en el Sahara Occidental.<\/p>\n<p>En dicho manifiesto, remitido a los medios, se pide a Universal Pictures, Syncopy y Nolan \u00abque rompan su silencio sobre por qu\u00e9 eligieron la ciudad de Dajla, ocupada por Marruecos, en el Sahara Occidental, como lugar de rodaje de escenas de la pel\u00edcula\u00bb.<\/p>\n<p>\u00abEl se\u00f1or Nolan film\u00f3 all\u00ed sin el consentimiento del pueblo saharaui. El \u00fanico consentimiento que recibi\u00f3 provino de la fuerza ocupante: Marruecos. A d\u00eda de hoy, Dajla y el Sahara Occidental no son el lugar so\u00f1ado que Nolan imagina para su pel\u00edcula\u00bb, denuncia el texto.<\/p>\n<p>A lo largo del mismo se se\u00f1ala entre otros puntos que el pueblo saharaui fue \u00abexpulsado\u00bb de su tierra en 1975, \u00abobligado a huir al desierto y fue bombardeado con f\u00f3sforo blanco y napalm por aviones marroqu\u00edes y franceses\u00bb.<\/p>\n<p>Consentimiento del pueblo saharaui<\/p>\n<p>\u00abNolan y su equipo pueden haber contribuido sin saberlo a la represi\u00f3n del pueblo del Sahara Occidental, ayudando a normalizar la brutal ocupaci\u00f3n de Marruecos\u00bb, contin\u00faa el manifiesto, en el que se pide al equipo de la pel\u00edcula que reconozca p\u00fablicamente que no deber\u00eda haber firmado escenas en Dajla y que \u00abno las editen o que obtengan el consentimiento para hacerlo del pueblo saharaui\u00bb.<\/p>\n<p>Se invita asimismo al cineasta estadounidense a \u00abutilizar su poderosa plataforma para arrojar luz sobre la cr\u00edtica situaci\u00f3n de los y las saharauis bajo la ocupaci\u00f3n marroqu\u00ed y de los que viven en condiciones extremas en los campos de refugiados de Argelia\u00bb, donde tiene lugar FiSahara.<\/p>\n<p>La lista de firmantes del manifiesto incluye un buen n\u00famero de personalidades espa\u00f1olas. As\u00ed, adem\u00e1s de los citados, aparecen los tambi\u00e9n int\u00e9rpretes Javier Guti\u00e9rrez, Nathalie Poza, Carlos Bardem, Guillermo Toledo, Alberto San Juan y Melanie Olivares y los directores Benito Zambrano y Fernando Colomo, entre otros.<\/p>\n","protected":false},"excerpt":{"rendered":"Madrid (EFE).- Artistas espa\u00f1oles como los realizadores Rodrigo Sorogoyen e Ic\u00edar Bolla\u00edn y actores como Javier Bardem, Juan&hellip;\n","protected":false},"author":2,"featured_media":25462,"comment_status":"","ping_status":"","sticky":false,"template":"","format":"standard","meta":{"footnotes":""},"categories":[174],"tags":[255,177,70,146,147,25,24,256,23],"class_list":{"0":"post-25461","1":"post","2":"type-post","3":"status-publish","4":"format-standard","5":"has-post-thumbnail","7":"category-famosos","8":"tag-celebrities","9":"tag-cine","10":"tag-conflictos","11":"tag-entertainment","12":"tag-entretenimiento","13":"tag-es","14":"tag-espana","15":"tag-famosos","16":"tag-spain"},"share_on_mastodon":{"url":"","error":""},"_links":{"self":[{"href":"https:\/\/www.europesays.com\/es\/wp-json\/wp\/v2\/posts\/25461","targetHints":{"allow":["GET"]}}],"collection":[{"href":"https:\/\/www.europesays.com\/es\/wp-json\/wp\/v2\/posts"}],"about":[{"href":"https:\/\/www.europesays.com\/es\/wp-json\/wp\/v2\/types\/post"}],"author":[{"embeddable":true,"href":"https:\/\/www.europesays.com\/es\/wp-json\/wp\/v2\/users\/2"}],"replies":[{"embeddable":true,"href":"https:\/\/www.europesays.com\/es\/wp-json\/wp\/v2\/comments?post=25461"}],"version-history":[{"count":0,"href":"https:\/\/www.europesays.com\/es\/wp-json\/wp\/v2\/posts\/25461\/revisions"}],"wp:featuredmedia":[{"embeddable":true,"href":"https:\/\/www.europesays.com\/es\/wp-json\/wp\/v2\/media\/25462"}],"wp:attachment":[{"href":"https:\/\/www.europesays.com\/es\/wp-json\/wp\/v2\/media?parent=25461"}],"wp:term":[{"taxonomy":"category","embeddable":true,"href":"https:\/\/www.europesays.com\/es\/wp-json\/wp\/v2\/categories?post=25461"},{"taxonomy":"post_tag","embeddable":true,"href":"https:\/\/www.europesays.com\/es\/wp-json\/wp\/v2\/tags?post=25461"}],"curies":[{"name":"wp","href":"https:\/\/api.w.org\/{rel}","templated":true}]}}