{"id":254611,"date":"2025-11-25T07:02:10","date_gmt":"2025-11-25T07:02:10","guid":{"rendered":"https:\/\/www.europesays.com\/es\/254611\/"},"modified":"2025-11-25T07:02:10","modified_gmt":"2025-11-25T07:02:10","slug":"el-gobierno-propone-a-teresa-peramato-como-proxima-fiscal-general-del-estado-espana","status":"publish","type":"post","link":"https:\/\/www.europesays.com\/es\/254611\/","title":{"rendered":"El Gobierno propone a Teresa Peramato como pr\u00f3xima fiscal general del Estado | Espa\u00f1a"},"content":{"rendered":"<p class=\"\">El Gobierno ha elegido a Teresa Peramato, una fiscal muy vinculada a la lucha contra la violencia de g\u00e9nero, para sustituir a \u00c1lvaro Garc\u00eda Ortiz como fiscal general del Estado. La propuesta del Ejecutivo llega despu\u00e9s de que el Tribunal Supremo condenara a Garc\u00eda Ortiz a dos a\u00f1os de inhabilitaci\u00f3n para el cargo por un delito de revelaci\u00f3n de secretos vinculado al empresario Alberto Gonz\u00e1lez Amador, pareja de Isabel D\u00edaz Ayuso y procesado por fraude contra Hacienda.<\/p>\n<p class=\"\">Peramato es fiscal de carrera con 35 a\u00f1os de ejercicio y actualmente ejerce como Fiscal de Sala Jefa de la Secci\u00f3n Penal de la Fiscal\u00eda del Tribunal Supremo. Tambi\u00e9n es Fiscal de Sala Delegada para la Protecci\u00f3n y Tutela de las V\u00edctimas en el Proceso Penal. Peramato ha sido adem\u00e1s presidenta de la Uni\u00f3n Progresista de Fiscales, por lo que su perfil coincide plenamente con el mensaje que el Gobierno quer\u00eda transmitir de que la sucesora de Garc\u00eda Ortiz ser\u00eda alguien netamente progresista. De este modo La Moncloa responde con toda una declaraci\u00f3n de intenciones a la <a href=\"https:\/\/elpais.com\/espana\/2025-11-21\/el-gobierno-mide-sus-pasos-mientras-estalla-en-privado-contra-el-supremo-lo-tenian-decidido-es-un-fallo-politico.html\" rel=\"nofollow noopener\" title=\"https:\/\/elpais.com\/espana\/2025-11-21\/el-gobierno-mide-sus-pasos-mientras-estalla-en-privado-contra-el-supremo-lo-tenian-decidido-es-un-fallo-politico.html\" target=\"_blank\">indignaci\u00f3n y el shock inicial<\/a> que gener\u00f3 la condena de la Sala Segunda de lo Penal del Supremo. <\/p>\n<p class=\"\">La propuesta del Ejecutivo cuenta con el \u201creconocimiento un\u00e1nime de los operadores jur\u00eddicos\u201d seg\u00fan La Moncloa. Su punto fuerte es una trayectoria de largo recorrido especialmente dedicada a la lucha contra la violencia de g\u00e9nero. De hecho, es considerada una de las grandes impulsoras de la especializaci\u00f3n judicial en esta materia. En 2005 fue nombrada fiscal delegada para la Secci\u00f3n de Violencia Sobre la Mujer en la Fiscal\u00eda Provincial de Madrid. Tambi\u00e9n fue miembro del Grupo de Expertos del Observatorio Estatal de Violencia contra la Mujer para la elaboraci\u00f3n del Primer Informe Anual del Observatorio Estatal de Violencia sobre la Mujer (2007). Adem\u00e1s, ha ocupado el cargo de Fiscal de Sala contra la Violencia sobre la Mujer entre 2021 y 2025. <\/p>\n<p class=\"\">La propuesta del Gobierno para ser la nueva fiscal general ser\u00e1 la cuarta persona que desempe\u00f1a el cargo desde que Pedro S\u00e1nchez lleg\u00f3 a La Moncloa en junio de 2018. Mar\u00eda Jos\u00e9 Segarra dirigi\u00f3 la Fiscal\u00eda desde junio de 2018 a enero de 2020 y la exministra de Justicia le reemplaz\u00f3 hasta julio de 2022. Delgado dimiti\u00f3, aunque en su caso, por problemas de salud. Mientras no se publique en el BOE su cese, Garc\u00eda Ortiz seguir\u00e1 en funciones: su renuncia este lunes era necesaria para que el Consejo de Ministros pudiera iniciar el proceso para elegir a la nueva jefa del Ministerio P\u00fablico. La teniente fiscal del Supremo, \u00c1ngeles S\u00e1nchez Conde, n\u00famero dos de la c\u00fapula fiscal, ser\u00e1 la fiscal general en funciones hasta que Peramato sea nombrada formalmente.<\/p>\n<p class=\"\">El art\u00edculo 124.4 de la <a href=\"https:\/\/www.boe.es\/buscar\/act.php?id=BOE-A-1978-31229\" rel=\"nofollow noopener\" target=\"_blank\">Constituci\u00f3n<\/a> establece que el fiscal general del Estado ser\u00e1 nombrado por el Rey, a propuesta del Gobierno, o\u00eddo previamente el Consejo General del Poder Judicial (CGPJ). Recibido el informe del CGPJ, que no es vinculante, el Gobierno debe comunicar su propuesta al Congreso, que fijar\u00e1 una fecha para que el candidato comparezca ante la Comisi\u00f3n de Justicia del Congreso. <\/p>\n<p class=\"\">Garc\u00eda Ortiz present\u00f3 este lunes su renuncia al cargo en una carta enviada al ministro de Justicia. En la misiva remitida a Bola\u00f1os, Garc\u00eda Ortiz explicaba que la decisi\u00f3n de adelantar su salida antes de que el Supremo ejecute la inhabilitaci\u00f3n, y \u201csin esperar siquiera a conocer la motivaci\u00f3n de la sentencia\u201d, se deb\u00eda su \u201cprofundo respeto\u201d a las resoluciones judiciales y a su voluntad \u201csiempre presente, de proteger a la Fiscal\u00eda espa\u00f1ola\u201d. \u201cAunque mi determinaci\u00f3n deriva directamente del fallo que me ha sido notificado, en mi haber tengo el convencimiento de haber servido fielmente a la instituci\u00f3n a la que me honro en pertenecer, con una inequ\u00edvoca vocaci\u00f3n de servicio p\u00fablico, sentido del deber y lealtad institucional\u201d. Garc\u00eda Ortiz pod\u00eda haberse quedado en el cargo hasta que el Supremo notifique la sentencia con los argumentos que le han llevado a condenarlo (por ahora solo ha hecho p\u00fablico el fallo), ya que ser\u00e1 entonces cuando surta efecto la pena. Pero el fiscal general ha optado por anticipar su salida acogi\u00e9ndose al art\u00edculo<a href=\"https:\/\/www.boe.es\/buscar\/act.php?id=BOE-A-1982-837\" rel=\"nofollow noopener\" title=\"https:\/\/www.boe.es\/buscar\/act.php?id=BOE-A-1982-837\" target=\"_blank\">31.1 a) del Estatuto Org\u00e1nico del Ministerio Fiscal (EOMF),<\/a>que contempla que el fiscal general del Estado puede cesar \u201ca petici\u00f3n propia\u201d.<\/p>\n","protected":false},"excerpt":{"rendered":"El Gobierno ha elegido a Teresa Peramato, una fiscal muy vinculada a la lucha contra la violencia de&hellip;\n","protected":false},"author":2,"featured_media":254612,"comment_status":"","ping_status":"","sticky":false,"template":"","format":"standard","meta":{"footnotes":""},"categories":[8],"tags":[8577,17,18,25,24,13,14,2153,582,11,19,20,9,10,15,16,6932,23,12,4874,21,22],"class_list":{"0":"post-254611","1":"post","2":"type-post","3":"status-publish","4":"format-standard","5":"has-post-thumbnail","7":"category-espana","8":"tag-alvaro-garcia-ortiz","9":"tag-breaking-news","10":"tag-breakingnews","11":"tag-es","12":"tag-espana","13":"tag-featured-news","14":"tag-featurednews","15":"tag-fiscalia-general-estado","16":"tag-gobierno","17":"tag-headlines","18":"tag-latest-news","19":"tag-latestnews","20":"tag-news","21":"tag-noticias","22":"tag-noticias-destacadas","23":"tag-noticiasdestacadas","24":"tag-sentencias-condenatorias","25":"tag-spain","26":"tag-titulares","27":"tag-tribunal-supremo","28":"tag-ultimas-noticias","29":"tag-ultimasnoticias"},"share_on_mastodon":{"url":"","error":""},"_links":{"self":[{"href":"https:\/\/www.europesays.com\/es\/wp-json\/wp\/v2\/posts\/254611","targetHints":{"allow":["GET"]}}],"collection":[{"href":"https:\/\/www.europesays.com\/es\/wp-json\/wp\/v2\/posts"}],"about":[{"href":"https:\/\/www.europesays.com\/es\/wp-json\/wp\/v2\/types\/post"}],"author":[{"embeddable":true,"href":"https:\/\/www.europesays.com\/es\/wp-json\/wp\/v2\/users\/2"}],"replies":[{"embeddable":true,"href":"https:\/\/www.europesays.com\/es\/wp-json\/wp\/v2\/comments?post=254611"}],"version-history":[{"count":0,"href":"https:\/\/www.europesays.com\/es\/wp-json\/wp\/v2\/posts\/254611\/revisions"}],"wp:featuredmedia":[{"embeddable":true,"href":"https:\/\/www.europesays.com\/es\/wp-json\/wp\/v2\/media\/254612"}],"wp:attachment":[{"href":"https:\/\/www.europesays.com\/es\/wp-json\/wp\/v2\/media?parent=254611"}],"wp:term":[{"taxonomy":"category","embeddable":true,"href":"https:\/\/www.europesays.com\/es\/wp-json\/wp\/v2\/categories?post=254611"},{"taxonomy":"post_tag","embeddable":true,"href":"https:\/\/www.europesays.com\/es\/wp-json\/wp\/v2\/tags?post=254611"}],"curies":[{"name":"wp","href":"https:\/\/api.w.org\/{rel}","templated":true}]}}