{"id":254613,"date":"2025-11-25T07:03:20","date_gmt":"2025-11-25T07:03:20","guid":{"rendered":"https:\/\/www.europesays.com\/es\/254613\/"},"modified":"2025-11-25T07:03:20","modified_gmt":"2025-11-25T07:03:20","slug":"abre-al-trafico-el-nuevo-enlace-de-alhaurin-de-la-torre-con-la-autovia-a-7-ayuntamiento-de-alhaurin-de-la-torre","status":"publish","type":"post","link":"https:\/\/www.europesays.com\/es\/254613\/","title":{"rendered":"Abre al tr\u00e1fico el nuevo enlace de Alhaur\u00edn de la Torre con la autov\u00eda A-7 &#8211; Ayuntamiento de Alhaur\u00edn de la Torre"},"content":{"rendered":"<ol>\n<li><a href=\"https:\/\/news.google.com\/rss\/articles\/CBMipwFBVV95cUxObzdiWDYzY29lVTlWYkZQWWlDUEdiXzY2OHZWYzlLZVRZODI2MnNLc0hCaEpER3l1NlphWGhNRWhwV3RTV3k3VnU0QjZGRWlydkoxMldveGwtbnhHbF9FQlNacU9HM3hfWlg0cVdldE1RbjViZXZFR0VBeURpVTRqV1R1MGM3VjlwRENzZEFiLWoyOWw2VExXYU9nbXdXemMzelBxOFBfNA?oc=5\" target=\"_blank\" rel=\"nofollow noopener\">Abre al tr\u00e1fico el nuevo enlace de Alhaur\u00edn de la Torre con la autov\u00eda A-7<\/a>&nbsp;&nbsp;Ayuntamiento de Alhaur\u00edn de la Torre<\/li>\n<li><a href=\"https:\/\/news.google.com\/rss\/articles\/CBMipgFBVV95cUxPU3RWUFlXM1FjeEE3ZERjSVZBR3pnVHJOSVNnRU1xMFdYa0VUZVFDbV94U0hxS0xPVjVzSmhuNFBYTXJDbDdhaDBIUlBjMFRUZUJoc2x1eXVybmpDWmVPSjNaYWxIS190MFhWcUFRWUxqTm03Nmg2R0NOX082MzE2Z0xZNnBSdnE3Yi1jeDlEU2RVVDdTU2Z3enBIVjd4US1Qb2JpcXhR?oc=5\" target=\"_blank\" rel=\"nofollow noopener\">Alhaur\u00edn de la Torre estrena su conexi\u00f3n alternativa hacia la A-7<\/a>&nbsp;&nbsp;Diario Sur<\/li>\n<li><a href=\"https:\/\/news.google.com\/rss\/articles\/CBMivgFBVV95cUxPWjFqWnJvX1gxTjJMbjZvazV0OGd2ZFFqTS1ZLVdpSVltS1ZMUDR5ejZTWmRJTWVfaHh3S0lNaFJMMWdBRVlnV21vQVMzckt2WFlYRUNDOFVWWGpzeWVVaW11RFNQZzVGMDZqd2FPbUtYYllrLVoxRmxvaTBaX2tQNGtvcExMSEQwSzhfalo2VW1UYVItMnN5S3ljWEpwNGd4TGh4MV8tVTRkZzhDa1ZyZEp2WmpOUjQxQ2twdzRR0gHDAUFVX3lxTFBYeTRJa0JsblFpaGwySFR4ZGNjak1sR201UXItQjFITnlLVjRZeGttcml6dUJISThsQ0VJNUM3Zkh4YzVjNVMxZzM4UjJYMzFGZG9sXzZmdTVVZmtFM0F3UF80bWlueEc0cXpEV2FxbjhjQV9SYlI5bTJQLUFaNTRqQWEyRVdYYUpYX0t2ZlZxQTNxenJxQ0lMNU9CS042TXl5cnlKRElBeGRDcjdKeWtUZG5Ba2ZwSzZHODVHaUJfSll0MA?oc=5\" target=\"_blank\" rel=\"nofollow noopener\">Inauguran un vial para combatir los atascos en los accesos de Alhaur\u00edn a la hiperronda<\/a>&nbsp;&nbsp;La Opini\u00f3n de M\u00e1laga<\/li>\n<li><a href=\"https:\/\/news.google.com\/rss\/articles\/CBMirAFBVV95cUxPOFRlcE56aVBsd1gyWm9lSVN1QVRBQlJ2SXpyZnB6b1FQQUhjVkEyTmszZjFWSWg1SnVkNzlxaHpTSVdnbUUwc1R6VGFPci0tUHRxNGYzZ3dleTRhRTdsTzYtWXdzT1IteWNXLTBfTlBBSGhRUDNOSkJBeUlxNGNCUWxxalRDNHVaWEZRRll3MTRneURWdGpyZ1BVbW5McHgyalJ4eDgxVm4xR2ho0gGyAUFVX3lxTFBJNl9BVGNJQmo5SDByQW14V1ZHYlhFWGpGU19ZSGVqV2tJRkxNZWZiT05pMk5qVE5YVWNITXZhNXhaRjJCYWJoZjJYSjlVRGF6Y3g0RVNWUUR2SXlwWXVxOGtHZl9UYWRBRWdyMGhaOF9hN2o5N1dyRzRZNW1rQmV4cHd3OXBmcnRJcXNNdXRlbnZpV1B5emcwT2ZIQlhxbW5vcWxXd3E1ZUE0QTlROEhlNWc?oc=5\" target=\"_blank\" rel=\"nofollow noopener\">Alhaur\u00edn de la Torre estrena un nuevo acceso directo a la A-7 que podr\u00e1 absorber \u00abhasta el 40% del tr\u00e1fico de salida\u00bb<\/a>&nbsp;&nbsp;M\u00e1laga Hoy<\/li>\n<li><a href=\"https:\/\/news.google.com\/rss\/articles\/CBMiqAFBVV95cUxOaUZiSFNIb2J0Wk9zYWdIVm1hTzlNNkhuWW44NkJwVGpCQ1lNWGpXX0JZZEZFRmJjZm1MM1R3Qmt2dXBsb19tOVllanVjMXBjVXVBc3FtY1NpOE9JRGtmRE12ZlhwSzZnVUJ4T1R5bmhub0VETVBFdDBkdE9MdENVdnk0R19za1oyOVVMQzVCSE9LR0I2THl3OEcxcHM2YjA3NlFrOFZPWmE?oc=5\" target=\"_blank\" rel=\"nofollow noopener\">Alhaur\u00edn de la Torre estrena una nueva glorieta para mejorar su conexi\u00f3n con la A-7<\/a>&nbsp;&nbsp;101TV<\/li>\n<\/ol>\n","protected":false},"excerpt":{"rendered":"Abre al tr\u00e1fico el nuevo enlace de Alhaur\u00edn de la Torre con la autov\u00eda A-7&nbsp;&nbsp;Ayuntamiento de Alhaur\u00edn de&hellip;\n","protected":false},"author":2,"featured_media":254614,"comment_status":"","ping_status":"","sticky":false,"template":"","format":"standard","meta":{"footnotes":""},"categories":[5],"tags":[17,18,25,24,13,14,11,19,20,9,10,15,16,23,12,21,22],"class_list":{"0":"post-254613","1":"post","2":"type-post","3":"status-publish","4":"format-standard","5":"has-post-thumbnail","7":"category-titulares","8":"tag-breaking-news","9":"tag-breakingnews","10":"tag-es","11":"tag-espana","12":"tag-featured-news","13":"tag-featurednews","14":"tag-headlines","15":"tag-latest-news","16":"tag-latestnews","17":"tag-news","18":"tag-noticias","19":"tag-noticias-destacadas","20":"tag-noticiasdestacadas","21":"tag-spain","22":"tag-titulares","23":"tag-ultimas-noticias","24":"tag-ultimasnoticias"},"share_on_mastodon":{"url":"https:\/\/pubeurope.com\/@es\/115609062845070048","error":""},"_links":{"self":[{"href":"https:\/\/www.europesays.com\/es\/wp-json\/wp\/v2\/posts\/254613","targetHints":{"allow":["GET"]}}],"collection":[{"href":"https:\/\/www.europesays.com\/es\/wp-json\/wp\/v2\/posts"}],"about":[{"href":"https:\/\/www.europesays.com\/es\/wp-json\/wp\/v2\/types\/post"}],"author":[{"embeddable":true,"href":"https:\/\/www.europesays.com\/es\/wp-json\/wp\/v2\/users\/2"}],"replies":[{"embeddable":true,"href":"https:\/\/www.europesays.com\/es\/wp-json\/wp\/v2\/comments?post=254613"}],"version-history":[{"count":0,"href":"https:\/\/www.europesays.com\/es\/wp-json\/wp\/v2\/posts\/254613\/revisions"}],"wp:featuredmedia":[{"embeddable":true,"href":"https:\/\/www.europesays.com\/es\/wp-json\/wp\/v2\/media\/254614"}],"wp:attachment":[{"href":"https:\/\/www.europesays.com\/es\/wp-json\/wp\/v2\/media?parent=254613"}],"wp:term":[{"taxonomy":"category","embeddable":true,"href":"https:\/\/www.europesays.com\/es\/wp-json\/wp\/v2\/categories?post=254613"},{"taxonomy":"post_tag","embeddable":true,"href":"https:\/\/www.europesays.com\/es\/wp-json\/wp\/v2\/tags?post=254613"}],"curies":[{"name":"wp","href":"https:\/\/api.w.org\/{rel}","templated":true}]}}