{"id":254619,"date":"2025-11-25T07:14:09","date_gmt":"2025-11-25T07:14:09","guid":{"rendered":"https:\/\/www.europesays.com\/es\/254619\/"},"modified":"2025-11-25T07:14:09","modified_gmt":"2025-11-25T07:14:09","slug":"asumo-la-responsabilidad-de-las-dos-recaidas","status":"publish","type":"post","link":"https:\/\/www.europesays.com\/es\/254619\/","title":{"rendered":"Asumo la responsabilidad de las dos reca\u00eddas"},"content":{"rendered":"<p data-gtm-element-container=\"modulo-texto-link\" class=\"paragraph\">Tras m\u00e1s de dos meses de baja, el brasile\u00f1o\u00a0<strong>Raphinha<\/strong> est\u00e1 con muchas ganas de poder ayudar al <strong>Bar\u00e7a<\/strong> y espera con ansias el duelo contra el <strong>Chelsea<\/strong> en Stamford Bridge, un partido muy importante para los cul\u00e9s en su objetivo de acabar entre los ocho primeros de la fase liga. El extremo reconoci\u00f3 que \u00abhe echado mucho m\u00e1s de menos al equipo que ellos a m\u00ed\u00bb durante su convalecencia y ahora quiere \u00abayudar en lo que pueda\u00bb para que el equipo mantenga el alto nivel mostrado en Europa durante la pasada temporada. Tampoco puso reparos en reconocer que si su baja ha durado m\u00e1s tiempo de lo esperado ha sido por su culpa. \u00abPuede ser que hubiera errores&#8230;. o puede ser que no. La primera reca\u00edda fue un poco culpa m\u00eda y de la segunda tambi\u00e9n puedo asumir la culpa. Quer\u00eda estar lo m\u00e1s r\u00e1pido posible y me equivoqu\u00e9, por eso las reca\u00eddas. Puedo asumir esa responsabilidad, porque al final hago cosas y, si creo que no me van a ayudar, tendr\u00eda que ser el primero en decir que no. Asumo la responsabilidad de las dos reca\u00eddas por querer estar en el campo lo antes posible para ayudar al equipo. Me he equivocado un poco y por eso he tenido esas dos reca\u00eddas\u201d, se\u00f1al\u00f3.<\/p>\n<p data-gtm-element-container=\"modulo-texto-link\" class=\"paragraph\">\u00abPoder volver a jugar ya es algo especial para m\u00ed, He estado dos meses fuera y me ha costado bastante. Poder jugar en este estadio es especial, pude marcar y espero hacerlo ma\u00f1ana. Si el m\u00edster me pone a jugar, dar\u00e9 lo mejor\u00bb, dijo <strong>Raphinha<\/strong>, que tambi\u00e9n quiso dejar claro que \u00abel objetivo principal de este club es ganar la Champions\u00bb y detall\u00f3 que \u00abel a\u00f1o pasado no estuvimos por muy poco en la final, pero veo al equipo m\u00e1s maduro\u00bb.<\/p>\n<p>    Lee tambi\u00e9n<\/p>\n<p data-gtm-element-container=\"modulo-texto-link\" class=\"paragraph\"><strong>Raphinha<\/strong> tambi\u00e9n apunt\u00f3 que lo pas\u00f3 \u00abmuy mal\u00bb durante estos meses alejado de los terrenos de juego y reconoci\u00f3 que sufri\u00f3 dos reca\u00eddas durante su recuperaci\u00f3n, por lo que ahora debe ir sumando ritmo de competici\u00f3n de forma paulatina para evitar nuevos contratiempos f\u00edsicos.<\/p>\n<p data-gtm-element-container=\"modulo-texto-link\" class=\"paragraph\">\u00abFueron momentos complicados. Soy una persona que quiere estar siempre con el equipo y pasar estos dos meses sin poder jugar fue un momento complicado. Volver de dos meses sin jugar es complicado y necesito un poco de ritmo de juego. Espero volver a la versi\u00f3n que todos conocen\u00bb, apunt\u00f3 el brasile\u00f1o, que tambi\u00e9n desvel\u00f3 que \u00ablo pas\u00e9 peor en la tribuna que en el banquillo\u00bb tras ver como suplente la goleada ante el Athletic Club en el regreso al Spotify Camp Nou.<\/p>\n<p>Molesto por el poco reconocimiento individual<\/p>\n<p data-gtm-element-container=\"modulo-texto-link\" class=\"paragraph\">Otro de los t\u00f3picos sobre los que respondi\u00f3 Raphinha fue por la poca consideraci\u00f3n en premios y galardones que tuvo el curso pasado pese a su excelente temporada, algo que molest\u00f3 al brasile\u00f1o.<\/p>\n<p data-gtm-element-container=\"modulo-texto-link\" class=\"paragraph\">\u00abLa verdad que creo que merec\u00ed mucho m\u00e1s. Son premios individuales. En lo colectivo nos falt\u00f3 la Champions. En los premios individuales no lo controlo yo. Estoy satisfecho con hacer una temporada espectacular.\u00a0La explicaci\u00f3n me la podr\u00edas dar vosotros. Son otros los que votan\u00bb, dijo <strong>Raphinha<\/strong>.<\/p>\n<p data-gtm-element-container=\"modulo-texto-link\" class=\"paragraph\">El &#8217;11&#8217; azulgrana tambi\u00e9n quiso elogiar a su compatriota <strong>Estevao<\/strong> y no tuvo reparos al compararlo con <strong>Lamine Yamal<\/strong>, considerando que ambos ser\u00e1n los futbolistas que marcar\u00e1n la pr\u00f3xima \u00e9poca en el f\u00fatbol mundial.\u00a0<\/p>\n<p data-gtm-element-container=\"modulo-texto-link\" class=\"paragraph\">\u00abSon dos futbolistas de un nivel espectacular. Creo que en los pr\u00f3ximos a\u00f1os ser\u00e1n los mejores futbolistas del mundo. Trabajo con Lamine en el club y con Estevao en la selecci\u00f3n. Son dos talentos tremendos. Est\u00e1n en el camino correcto para ser los mejores. Intento ayudarlos con la experiencia que tengo.\u00a0Estoy seguro de que son talentos que van a volar durante muchos a\u00f1os\u00bb, dijo un <strong>Raphinha<\/strong> que quiere volver a ser el que maravill\u00f3 el curso pasado, empezando por el examen contra el <strong>Chelsea<\/strong> en Stamford Bridge.<\/p>\n","protected":false},"excerpt":{"rendered":"Tras m\u00e1s de dos meses de baja, el brasile\u00f1o\u00a0Raphinha est\u00e1 con muchas ganas de poder ayudar al Bar\u00e7a&hellip;\n","protected":false},"author":2,"featured_media":254620,"comment_status":"","ping_status":"","sticky":false,"template":"","format":"standard","meta":{"footnotes":""},"categories":[268],"tags":[168,25,24,280,282,281,23,167],"class_list":{"0":"post-254619","1":"post","2":"type-post","3":"status-publish","4":"format-standard","5":"has-post-thumbnail","7":"category-futbol","8":"tag-deportes","9":"tag-es","10":"tag-espana","11":"tag-football","12":"tag-futbol","13":"tag-soccer","14":"tag-spain","15":"tag-sports"},"share_on_mastodon":{"url":"https:\/\/pubeurope.com\/@es\/115609106300943219","error":""},"_links":{"self":[{"href":"https:\/\/www.europesays.com\/es\/wp-json\/wp\/v2\/posts\/254619","targetHints":{"allow":["GET"]}}],"collection":[{"href":"https:\/\/www.europesays.com\/es\/wp-json\/wp\/v2\/posts"}],"about":[{"href":"https:\/\/www.europesays.com\/es\/wp-json\/wp\/v2\/types\/post"}],"author":[{"embeddable":true,"href":"https:\/\/www.europesays.com\/es\/wp-json\/wp\/v2\/users\/2"}],"replies":[{"embeddable":true,"href":"https:\/\/www.europesays.com\/es\/wp-json\/wp\/v2\/comments?post=254619"}],"version-history":[{"count":0,"href":"https:\/\/www.europesays.com\/es\/wp-json\/wp\/v2\/posts\/254619\/revisions"}],"wp:featuredmedia":[{"embeddable":true,"href":"https:\/\/www.europesays.com\/es\/wp-json\/wp\/v2\/media\/254620"}],"wp:attachment":[{"href":"https:\/\/www.europesays.com\/es\/wp-json\/wp\/v2\/media?parent=254619"}],"wp:term":[{"taxonomy":"category","embeddable":true,"href":"https:\/\/www.europesays.com\/es\/wp-json\/wp\/v2\/categories?post=254619"},{"taxonomy":"post_tag","embeddable":true,"href":"https:\/\/www.europesays.com\/es\/wp-json\/wp\/v2\/tags?post=254619"}],"curies":[{"name":"wp","href":"https:\/\/api.w.org\/{rel}","templated":true}]}}