{"id":254621,"date":"2025-11-25T07:15:18","date_gmt":"2025-11-25T07:15:18","guid":{"rendered":"https:\/\/www.europesays.com\/es\/254621\/"},"modified":"2025-11-25T07:15:18","modified_gmt":"2025-11-25T07:15:18","slug":"el-importante-debut-que-le-espera-en-su-vuelta-a-casa-por-navidad","status":"publish","type":"post","link":"https:\/\/www.europesays.com\/es\/254621\/","title":{"rendered":"el importante debut que le espera en su vuelta a casa por Navidad"},"content":{"rendered":"<p id=\"ecWI8uMPdG\" data-wc=\"111\">En Australia, en el campus de la Universidad de Sidney, Ingrid de Noruega se encuentra <a class=\"hm-link ho-link\" href=\"https:\/\/www.hola.com\/realeza\/casa_noruega\/20251120868668\/ingrid-de-noruega-reaparece-en-australia-en-plenos-examenes-y-en-una-semana-clave-para-su-familia\/\" data-mrf-recirculation=\"article-body-link\" rel=\"nofollow noopener\" target=\"_blank\">en plena temporada de ex\u00e1menes<\/a> dando el \u00faltimo empuj\u00f3n a la materia antes de las esperadas vacaciones de Navidad. Ser\u00e1 entonces cuando vuelva a Oslo, donde sus padres y sus abuelos tratan de capear el temporal como pueden, mientras su hermano Marius Borg, el hijo que tuvo Mette-Marit antes de su matrimonio con el pr\u00edncipe Haakon, espera a ser juzgado por m\u00e1s de 30 delitos, entre ellos 4 violaciones. Ajena al esc\u00e1ndalo, la hija de los pr\u00edncipes herederos, aprovecha las vacaciones navide\u00f1as para seguir avanzando en la agenda p\u00fablica y lo hace con un importante debut.\u00a0<\/p>\n<p> <img src=\"https:\/\/www.europesays.com\/es\/wp-content\/uploads\/2025\/11\/635c35153e22-eksamensperioden-1.jpg\"   width=\"819\" height=\"1024\" loading=\"lazy\" decoding=\"async\" alt=\"Ingrid de Noruega en la Universidad de Sidney, Australia\" fetchpriority=\"auto\" class=\"image ho-image\"\/>\u00a9 @detnorskekongehusIngrid de Noruega est\u00e1 a punto de volver a Oslo por Navidad<\/p>\n<p id=\"e4MAbCIz62\" data-wc=\"121\">El pr\u00f3ximo 10 de diciembre Oslo albergar\u00e1 la entrega del Premio Nobel de la Paz, el \u00fanico que se otorga en la capital noruega, en lugar de en Estocolmo. Es la primera vez que Ingrid de Noruega participa en este acto que reunir\u00e1 a la Familia Real, a excepci\u00f3n de Sverre Magnus, en el ayuntamiento de Oslo. Junto a sus padres y sus abuelos, entregar\u00e1 el prestigioso galard\u00f3n a la opositora venezolana<strong>\u00a0Mar\u00eda Corina Machado<\/strong>. Es la segunda latina de la historia en recibir este reconocimiento que el jurado le ha concedido por \u00absu incansable labor en la promoci\u00f3n de los derechos democr\u00e1ticos de su pa\u00eds, as\u00ed como su lucha por lograr una transici\u00f3n pac\u00edfica de la dictadura a la democracia\u00bb.<\/p>\n<p> <img src=\"https:\/\/www.europesays.com\/es\/wp-content\/uploads\/2025\/11\/813b6b68d64e-gettyimages-2209160346.jpg\"   width=\"703\" height=\"1024\" loading=\"lazy\" decoding=\"async\" alt=\"Ingrid de Noruega\" fetchpriority=\"auto\" class=\"image ho-image\"\/>\u00a9 Getty ImagesHace un a\u00f1o que madre e hija con acuden juntas a un acto oficial <\/p>\n<p id=\"ez32KgOPa8\" data-wc=\"87\">Adem\u00e1s, por la ma\u00f1ana, la Princesa acompa\u00f1ar\u00e1 a Mette-Marit de Noruega, para entregar otro premio de la paz, pero en este caso el que concede la oficina noruega de la ONG Save the Children. Madre e hija n<a class=\"hm-link ho-link\" href=\"https:\/\/www.hola.com\/realeza\/casa_noruega\/20241213735754\/ingrid-de-noruega-reaparece-en-publico-tras\/\" data-mrf-recirculation=\"article-body-link\" rel=\"nofollow noopener\" target=\"_blank\">o acud\u00edan juntas a un acto oficial desde hace un a\u00f1o<\/a>, cuando visitaron el \u00e1rea infantil y juvenil del Hospital de la ciudad de Drammen en el D\u00eda de Santa Luc\u00eda, el 13 de diciembre, fecha en la que los pa\u00edses n\u00f3rdicos dan el pistoletazo de salida a la Navidad.\u00a0<\/p>\n<p id=\"e4pKqUpq6O\" data-wc=\"77\">Se desconoce si, como colof\u00f3n del d\u00eda, Ingrid tambi\u00e9n asistir\u00e1 a <a class=\"hm-link ho-link\" href=\"https:\/\/www.hola.com\/realeza\/casa_noruega\/20241210735090\/haakon-y-metter-matit-de-noruega-presiden-cena-de-gala-premios-nobel\/\" data-mrf-recirculation=\"article-body-link\" rel=\"nofollow noopener\" target=\"_blank\">la cena de gala que se celebra en el Gran Hotel de Oslo<\/a> desde 1934 para conmemorar el Nobel de la Paz. El a\u00f1o pasado, por primera vez, Harald y Sonia de Noruega no acudieron y cedieron el testigo a los Pr\u00edncipes Herederos. Un relevo generacional que podr\u00eda consolidarse en esta ocasi\u00f3n con la presencia de su hija mayor, el futuro de una corona en crisis.\u00a0<\/p>\n<p> <img src=\"https:\/\/www.europesays.com\/es\/wp-content\/uploads\/2025\/11\/64e5be0a041f-gettyimages-2189245962.jpg\"   width=\"1024\" height=\"1015\" loading=\"lazy\" decoding=\"async\" alt=\"El a\u00f1o pasado, Haakon y Mette-Marit de Noruega representaron a la Femilia Real en la cena de gala por el Premio Nobel de la Paz \" fetchpriority=\"auto\" class=\"image ho-image\"\/>\u00a9 Getty ImagesEl a\u00f1o pasado, Haakon y Mette-Marit de Noruega representaron a la Familia Real en la cena de gala por el Premio Nobel de la Paz<br \/>\nMette-Marit, en el punto de mira<\/p>\n<p id=\"eW_ZLtznTS\" data-wc=\"140\">Adem\u00e1s del debut de la princesa Ingrid, para Mette-Marit de Noruega ser\u00e1 tambi\u00e9n el primer gran acto de relevancia internacional desde que retom\u00f3 su agenda tras su baja para someterse a un tratamiento de rehabilitaci\u00f3n pulmonar. Ha vuelto a la vida p\u00fablica y lo ha hecho en un momento en el que est\u00e1 especialmente <a class=\"hm-link ho-link\" href=\"https:\/\/www.hola.com\/realeza\/casa_noruega\/20251112867154\/mette-marit-mas-madre-que-futura-reina-nuevo-libro\/\" data-mrf-recirculation=\"article-body-link\" rel=\"nofollow noopener\" target=\"_blank\">en el punto de mira<\/a>. Desde hace un a\u00f1o, el esc\u00e1ndalo de Marius Borg no da tregua, pero ahora dos publicaciones sobre el asunto ponen el foco en el papel que su madre ha tenido en todo el proceso. Tanto en\u00a0Rayas Blancas, ovejas negras, que aborda los v\u00ednculos de Marius con el crimen organizado, como en Fuera de Control, que analiza el caso, describen a la Princesa Heredera como una mujer desesperada por proteger a su hijo que olvida su posici\u00f3n institucional como futura reina.\u00a0<\/p>\n<p> <img src=\"https:\/\/www.europesays.com\/es\/wp-content\/uploads\/2025\/11\/01b43adeb701-gettyimages-2195672242.jpg\"   width=\"682\" height=\"1024\" loading=\"lazy\" decoding=\"async\" alt=\"Princesa Mette-Marit\" fetchpriority=\"auto\" class=\"image ho-image\"\/>\u00a9 Getty ImagesMette-Marit de Noruega no est\u00e1 pasando por un buen momento, ni personal ni institucional<\/p>\n<p id=\"eDjwHa-pHH\" data-wc=\"63\">Precisamente al tratar de retirar uno de los libros sobre su vida, el de Raya Blancas, ovejas negras, Marius ha sufrido <a class=\"hm-link ho-link\" href=\"https:\/\/www.hola.com\/realeza\/casa_noruega\/20251117867900\/princesa-mette-marit-hijo-marius-borg-derrota-judicial-libro\/\" data-mrf-recirculation=\"article-body-link\" rel=\"nofollow noopener\" target=\"_blank\">su primera derrota judicial<\/a>. El juez ha desestimado su petici\u00f3n. En esta biograf\u00eda no autorizada se asegura que vend\u00eda coca\u00edna, algo que sus abogados ha negado rotundamente. A pesar del varapalo, Marius est\u00e1 estudiando la posibilidad de apelar el fallo del tribunal.<\/p>\n<p data-wc=\"85\" id=\"eJQqcWjxryO\">Tampoco facilita sus perspectivas de cara al juicio que se avecina la informaci\u00f3n que ha publicado el diario Aftonbladet sobre <a class=\"hm-link ho-link\" href=\"https:\/\/www.hola.com\/realeza\/casa_noruega\/20251117867900\/princesa-mette-marit-hijo-marius-borg-derrota-judicial-libro\/\" data-mrf-recirculation=\"article-body-link\" rel=\"nofollow noopener\" target=\"_blank\">el historial de b\u00fasqueda del hijo de Mette-Marit<\/a> de Noruega. De acuerdo con los investigadores, Marius intentaba averiguar las consecuencias legales de una agresi\u00f3n y busc\u00f3, desde el tel\u00e9fono m\u00f3vil confiscado por la polic\u00eda, la diferencia entre t\u00e9rminos como \u00abagresi\u00f3n\u00bb, \u00ababuso\u00bb y \u00abviolaci\u00f3n\u00bb. \u00a0Los datos, al parecer, se basan en un informe del Servicio Nacional de Investigaci\u00f3n Criminal y, seg\u00fan la fiscal\u00eda, son altamente reveladores.\u00a0<\/p>\n","protected":false},"excerpt":{"rendered":"En Australia, en el campus de la Universidad de Sidney, Ingrid de Noruega se encuentra en plena temporada&hellip;\n","protected":false},"author":2,"featured_media":254622,"comment_status":"","ping_status":"","sticky":false,"template":"","format":"standard","meta":{"footnotes":""},"categories":[174],"tags":[255,146,147,25,24,256,64171,1027,8158,23],"class_list":{"0":"post-254621","1":"post","2":"type-post","3":"status-publish","4":"format-standard","5":"has-post-thumbnail","7":"category-famosos","8":"tag-celebrities","9":"tag-entertainment","10":"tag-entretenimiento","11":"tag-es","12":"tag-espana","13":"tag-famosos","14":"tag-ingrid-alexandra-de-noruega","15":"tag-realeza","16":"tag-realeza-noruega","17":"tag-spain"},"share_on_mastodon":{"url":"https:\/\/pubeurope.com\/@es\/115609110671554598","error":""},"_links":{"self":[{"href":"https:\/\/www.europesays.com\/es\/wp-json\/wp\/v2\/posts\/254621","targetHints":{"allow":["GET"]}}],"collection":[{"href":"https:\/\/www.europesays.com\/es\/wp-json\/wp\/v2\/posts"}],"about":[{"href":"https:\/\/www.europesays.com\/es\/wp-json\/wp\/v2\/types\/post"}],"author":[{"embeddable":true,"href":"https:\/\/www.europesays.com\/es\/wp-json\/wp\/v2\/users\/2"}],"replies":[{"embeddable":true,"href":"https:\/\/www.europesays.com\/es\/wp-json\/wp\/v2\/comments?post=254621"}],"version-history":[{"count":0,"href":"https:\/\/www.europesays.com\/es\/wp-json\/wp\/v2\/posts\/254621\/revisions"}],"wp:featuredmedia":[{"embeddable":true,"href":"https:\/\/www.europesays.com\/es\/wp-json\/wp\/v2\/media\/254622"}],"wp:attachment":[{"href":"https:\/\/www.europesays.com\/es\/wp-json\/wp\/v2\/media?parent=254621"}],"wp:term":[{"taxonomy":"category","embeddable":true,"href":"https:\/\/www.europesays.com\/es\/wp-json\/wp\/v2\/categories?post=254621"},{"taxonomy":"post_tag","embeddable":true,"href":"https:\/\/www.europesays.com\/es\/wp-json\/wp\/v2\/tags?post=254621"}],"curies":[{"name":"wp","href":"https:\/\/api.w.org\/{rel}","templated":true}]}}