{"id":254623,"date":"2025-11-25T07:18:08","date_gmt":"2025-11-25T07:18:08","guid":{"rendered":"https:\/\/www.europesays.com\/es\/254623\/"},"modified":"2025-11-25T07:18:08","modified_gmt":"2025-11-25T07:18:08","slug":"gala-10-de-operacion-triunfo-los-ultimos-nominados-y-por-fin-una-buena-gala-television","status":"publish","type":"post","link":"https:\/\/www.europesays.com\/es\/254623\/","title":{"rendered":"Gala 10 de \u2018Operaci\u00f3n Triunfo\u2019: los \u00faltimos nominados y, por fin, una buena gala | Televisi\u00f3n"},"content":{"rendered":"<p class=\"\">Despu\u00e9s de las \u00faltimas galas de Operaci\u00f3n Triunfo, era f\u00e1cil pensar que en la d\u00e9cima volver\u00eda a haber demasiados momentos en los que preferir\u00edamos estar preparando los tapers de la semana o viendo reposiciones de Mentes criminales, pero, de pronto, zas, se obr\u00f3 el milagro y vivimos la mejor gala de esta edici\u00f3n. Tal vez porque a menos bultos, m\u00e1s claridad; el refranero es sabio, pero lo cierto es que han sido las dos horas m\u00e1s disfrutables de OT 2025. <\/p>\n<p class=\"\">Funcion\u00f3 todo, una expulsi\u00f3n imprevisible y ajustad\u00edsima; las canciones, la puesta en escena, el vestuario \u2014esto casi es lo m\u00e1s sorprendente, hasta Tinho iba elegante\u2014, los invitados. Todo, o casi todo; las valoraciones del jurado siguieron siendo profundamente aburridas, vac\u00edas, predecibles e intercambiables. \u00bfAlguien recuerda qui\u00e9n ha dicho qu\u00e9 de qui\u00e9n?<\/p>\n<p class=\"\">Esta noche hubo Pablo Albor\u00e1n por partida doble. Que los artistas presenten trabajo es una ganga para los programas con actuaciones musicales; los pone de oferta como el Black Friday. En Saturno, la grupal, Guille Toledano, el m\u00e1s fan del malague\u00f1o, se qued\u00f3 en silencio; pensamos que era un fallo de audio, pero no, incluso eso funcion\u00f3 ayer, fueron los nervios del concursante. <\/p>\n<p class=\"\">Para intentar mantenerse en la Academia, Guillo Rist recurri\u00f3 <a href=\"https:\/\/www.youtube.com\/watch?v=-5Qq1_J6OG0&amp;list=PL-5TBWsJU-q8KymS9r1Nu4BeESLArqIPV&amp;index=8\" target=\"_self\" rel=\"nofollow noopener\" title=\"https:\/\/www.youtube.com\/watch?v=-5Qq1_J6OG0&amp;list=PL-5TBWsJU-q8KymS9r1Nu4BeESLArqIPV&amp;index=8\">al Abracadabra de Lady Gaga<\/a>, y fue un poco Agoney, un poco Chanel y un poco actuaci\u00f3n de Azerbaiy\u00e1n en la segunda semifinal de Eurovisi\u00f3n; se desfond\u00f3, como siempre, pero no tuvo su mejor noche. La otra nominada, T\u00e9you, cant\u00f3 <a href=\"https:\/\/www.youtube.com\/watch?v=nbYGwx-lCNE&amp;list=PL-5TBWsJU-q8KymS9r1Nu4BeESLArqIPV&amp;index=7 \" target=\"_self\" rel=\"nofollow noopener\" title=\"https:\/\/www.youtube.com\/watch?v=nbYGwx-lCNE&amp;list=PL-5TBWsJU-q8KymS9r1Nu4BeESLArqIPV&amp;index=7 \">Je Vole de Louane<\/a>, a la que algunos recordar\u00e1n como la \u00faltima representante de Francia en Eurovisi\u00f3n y otros, o los mismos, por haber sido la protagonista de La familia B\u00e9lier. Fue una actuaci\u00f3n emotiva y delicada en la que T\u00e9you fue T\u00e9you porque solo sabe ser T\u00e9you y, como T\u00e9you, ofrecer\u00e1 preciosos conciertos intimistas en peque\u00f1as salas de conciertos y actuar\u00e1 en festivales por toda la geograf\u00eda. La c\u00e1ntabra apuntaba a ganadora desde la gala cero, pero este no es un formato que premie la personalidad y eso es lo que a ella le sobra. OT necesitaba m\u00e1s a T\u00e9you que T\u00e9you a OT, pero sus caminos deb\u00edan separarse ya. He escrito 8 veces T\u00e9you en un p\u00e1rrafo, s\u00ed, soy consciente, pero es la \u00faltima vez que voy a hablar de ella, o sea que consi\u00e9ntamelo. <\/p>\n<p class=\"\">Por un margen estrech\u00edsimo, quien se qued\u00f3 en la Academia fue Guillo, aunque su alegr\u00eda fue ef\u00edmera; el jurado lo nomin\u00f3 minutos despu\u00e9s.<\/p>\n<p class=\"\">Crespo, ese hombre a un tema urban pegado, interpret\u00f3 <a href=\"https:\/\/www.youtube.com\/watch?v=OdejW5dUok8&amp;list=PL-5TBWsJU-q8KymS9r1Nu4BeESLArqIPV&amp;index=6 \" target=\"_self\" rel=\"nofollow noopener\" title=\"https:\/\/www.youtube.com\/watch?v=OdejW5dUok8&amp;list=PL-5TBWsJU-q8KymS9r1Nu4BeESLArqIPV&amp;index=6 \">Cosas que no te dije<\/a> de Saiko y fue correcto, pero sin entusiasmo, \u00bfaunque, nos entusiasm\u00f3 alguna vez Crespo? \u00bfPor qu\u00e9 sigue Crespo dentro de la Academia? Eso ha debido preguntarse el jurado que esta vez s\u00ed que consider\u00f3 que deb\u00eda estar nominado. Pero antes de llevarse el disgusto, nos cont\u00f3 que le dedicaba el tema a su novia Mar\u00eda Luisa. \u00bfMar\u00eda Luisa? Que todav\u00eda haya mujeres j\u00f3venes que se llaman Mar\u00eda Luisa, no s\u00e9 a ustedes, pero a m\u00ed me emociona. Mar\u00eda Luisa y Crespillo, como le llaman en la Academia, podr\u00edan ser personajes de La Colmena, de El Jarama, de \u00daltimas tardes con Teresa. De Sue\u00f1os de Libertad. A favor de Mar\u00eda Luisa y Crespillo. Guille Toledano cant\u00f3 <a href=\"https:\/\/www.youtube.com\/watch?v=udDU6I01l6A \" target=\"_self\" rel=\"nofollow noopener\" title=\"https:\/\/www.youtube.com\/watch?v=udDU6I01l6A \">Until I Found You<\/a> de Stephen S\u00e1nchez, que suena tanto a la Patsy Cline de Crazy que he tenido que comprobar que no es una versi\u00f3n lib\u00e9rrima. <\/p>\n<p class=\"\">S\u00ed es un cl\u00e1sico <a href=\"https:\/\/www.youtube.com\/watch?v=YJMn-BhFH3M\" target=\"_self\" rel=\"nofollow noopener\" title=\"https:\/\/www.youtube.com\/watch?v=YJMn-BhFH3M\">la romantiqu\u00edsima At Last de Etta James<\/a>, que contribuy\u00f3 a consolidar un poco m\u00e1s a Olivia como la ganadora con la que OT sue\u00f1a. Es, sin duda, uno de los productos m\u00e1s vendibles del programa y, despu\u00e9s de todo esto, lo produce Amazon y Amazon vende cosas. Y las compra, lo \u00faltimo, la gala del Met. S\u00ed, <a href=\"https:\/\/elpais.com\/smoda\/moda\/2025-11-21\/pueden-los-nuevos-ricos-comprar-el-buen-gusto-jeff-bezos-y-lauren-sanchez-demuestran-otra-vez-que-si.html\" target=\"_self\" rel=\"nofollow noopener\" title=\"https:\/\/elpais.com\/smoda\/moda\/2025-11-21\/pueden-los-nuevos-ricos-comprar-el-buen-gusto-jeff-bezos-y-lauren-sanchez-demuestran-otra-vez-que-si.html\">Jeff Bezos acaba de comprar el evento m\u00e1s glamuroso, exclusivo<\/a> y aspiracional del mundo de la moda; dicen que todo se puede comprar menos el buen gusto, pero qui\u00e9n dice que no puedes comprar a un mont\u00f3n de personas que s\u00ed lo tienen. Olivia, que estaba de cumplea\u00f1os, estuvo impresionante, no se puede negar. Le favoreci\u00f3 un vestuario adecuado y una realizaci\u00f3n exquisita que quer\u00eda convertir cada frame en un reservorio de likes. Fue objetivamente bello, aunque a m\u00ed me sumi\u00f3 en la melancol\u00eda recordar que es la canci\u00f3n que, interpretada por Beyonc\u00e9, bailaron los Obama en el baile inaugural de su primer mandato. Una vez hubo elegancia en la Casa Blanca.<\/p>\n<p class=\"\">Tambi\u00e9n estuvo cuidada la actuaci\u00f3n de Claudia, que interpret\u00f3, algo acatarrada, <a href=\"https:\/\/www.youtube.com\/watch?v=5DBJVmoytD4\" target=\"_self\" rel=\"nofollow noopener\" title=\"https:\/\/www.youtube.com\/watch?v=5DBJVmoytD4\">el precioso Birds of a Feather de Billie Eilish<\/a>, aunque no sedujo al jurado que la nomin\u00f3, y en este caso ten\u00eda justificaci\u00f3n; solo pod\u00edan salvar a dos concursantes. Una de ellas fue Cristina, que con el <a href=\"https:\/\/www.youtube.com\/watch?v=fYHPyP0gjLg&amp;list=PL-5TBWsJU-q8KymS9r1Nu4BeESLArqIPV&amp;index=10 \" target=\"_self\" rel=\"nofollow noopener\" title=\"https:\/\/www.youtube.com\/watch?v=fYHPyP0gjLg&amp;list=PL-5TBWsJU-q8KymS9r1Nu4BeESLArqIPV&amp;index=10 \">Uh Nana de Daniela Blasco<\/a>, uno de los temas que compiti\u00f3 en el pasado Benidorm Fest \u2014cu\u00e1ntas horas de Meoldydrama nos habr\u00eda ahorrado su victoria\u2014, estuvo en su l\u00ednea, brillante y rebosante de energ\u00eda. Ella ha ido al concurso a ganar y no quiere distracciones. <\/p>\n<p class=\"\">Lo que no se pod\u00eda imaginar, ni nadie, es que uno de sus rivales m\u00e1s serios iba a ser Tinho. Ayer el gallego <a href=\"https:\/\/www.youtube.com\/watch?v=a-gImw_eXUk\" target=\"_self\" rel=\"nofollow noopener\" title=\"https:\/\/www.youtube.com\/watch?v=a-gImw_eXUk\">reivindic\u00f3 las lenguas del estado con Tempestades de sal<\/a> de S\u00e9s y aprovech\u00f3 el tema de la cantautora coru\u00f1esa para recordar la persecuci\u00f3n que estas lenguas sufrieron durante la dictadura. Despu\u00e9s de esta semana en la que hemos le\u00eddo tantas encuestas en las que un elevad\u00edsimo tanto por ciento (un uno por ciento ya ser\u00eda elevado) de los adolescentes creen que Franco, trivializado gracias a los memes y TikTok, hizo muchas cosas buenas, es refrescante escuchar a gente joven recordar que, si a algo era equivalente el franquismo, no era a diversi\u00f3n, sino a represi\u00f3n. Escucharles reivindicar un tiempo que no han vivido es tan absurdo como romantizar el Neol\u00edtico. Ah, los buenos tiempos antes de la rueda. Tinho, con su risa desbordante y su energ\u00eda ilimitada, es una oda a la naturalidad, un bien tan escaso en un momento en el que lo instagrameable se ha impuesto a lo aut\u00e9ntico. \u00c9l no se guarda nada nunca, no se esconde, ni en las actuaciones ni en la Academia, y eso le ha llevado de simpatic\u00f3n y ex\u00f3tico concursante de relleno a candidato muy serio a hacerse con el triunfo final; ayer fue el favorito, el \u00faltimo de la edici\u00f3n. Tu favorito y cada d\u00eda el de m\u00e1s gente. <\/p>\n<p class=\"\">Aunque ya sabemos que en el resultado final no influye solo el talento y que muchas cosas que han sucedido en esta edici\u00f3n han sido orquestadas en las redes, un bar\u00f3metro nada fiable. Hace unos d\u00edas y durante apenas unas horas, X mostr\u00f3 la localizaci\u00f3n geogr\u00e1fica de las cuentas, lo que en EEUU permiti\u00f3 comprobar que algunas de las que m\u00e1s furiosamente jaleaban las pol\u00edticas antiinmigraci\u00f3n de Trump y proclamaban con m\u00e1s fervor eso de American First proven\u00edan de pa\u00edses africanos o de Oriente Medio, o sea, personas que ahora mismo tendr\u00edan dif\u00edcil entrar en Estados Unidos simplemente por el color de su piel esparcen odio por dinero; eso deja claro lo peligrosas y mentirosas que son las redes sociales, y tambi\u00e9n que el material m\u00e1s abundante de la tierra no es el ox\u00edgeno ni el silicio, sino la estupidez humana.<\/p>\n<p class=\"\">Finalmente fueron Claudia, Guille Toledano. Guillo Rist y Crespo los nominados. Los profesores salvaron a Claudia, tal vez se estaban dando cuenta de que se quedan sin mujeres, y los compa\u00f1eros a Guille Toledano, lo que deja a Guillo Rist y Crespo como los \u00faltimos nominados de la edici\u00f3n. <\/p>\n<p class=\"\">En una gala diez que estuvo de diez, perm\u00edtanme el juego de palabras facil\u00f3n, destac\u00f3 tambi\u00e9n la invitada, Elena Gadel, concursante de la segunda edici\u00f3n de OT y estrella de musical, que interpret\u00f3 junto con las concursantes femeninas que siguen en la Academia Lobo un tema contra la violencia de g\u00e9nero. Quiere la casualidad que esta semana y tambi\u00e9n para conmemorar el D\u00eda Internacional de la Eliminaci\u00f3n de la Violencia contra la Mujer, <a href=\"https:\/\/www.filmin.es\/blog\/lobo-21-de-noviembre-encabeza-la-llegada-de-diversas-producciones-de-la-comunidad-imagine-a-filmin\" target=\"_self\" rel=\"nofollow noopener\" title=\"https:\/\/www.filmin.es\/blog\/lobo-21-de-noviembre-encabeza-la-llegada-de-diversas-producciones-de-la-comunidad-imagine-a-filmin\">Filmin haya estrenado otro Lobo<\/a>. La pel\u00edcula que protagoniza y coescribe Marian \u00c1lvarez. No hubo lobos en la Academia, <a href=\"https:\/\/www.youtube.com\/watch?v=rn7YgdxkVE4&amp;list=PL-5TBWsJU-q9sXjIVQpKUqX4GDsBeTyLY&amp;index=\" target=\"_self\" rel=\"nofollow noopener\" title=\"https:\/\/www.youtube.com\/watch?v=rn7YgdxkVE4&amp;list=PL-5TBWsJU-q9sXjIVQpKUqX4GDsBeTyLY&amp;index=\">s\u00ed 48 perros de asistencia<\/a> que hicieron las delicias de los concursantes; \u201ces la mejor visita que hemos tenido\u201d, dijo un alborozado Crespo. Y no es por desmerecer a todos los que han visitado la Academia este a\u00f1o, pero a ver qui\u00e9n supera las moner\u00edas de un firulais. Hasta eso van a tener dif\u00edcil superar la pr\u00f3xima semana.<\/p>\n","protected":false},"excerpt":{"rendered":"Despu\u00e9s de las \u00faltimas galas de Operaci\u00f3n Triunfo, era f\u00e1cil pensar que en la d\u00e9cima volver\u00eda a haber&hellip;\n","protected":false},"author":2,"featured_media":254624,"comment_status":"","ping_status":"","sticky":false,"template":"","format":"standard","meta":{"footnotes":""},"categories":[171],"tags":[6826,17945,209,146,147,25,24,185,222,1925,16428,23,807,214],"class_list":{"0":"post-254623","1":"post","2":"type-post","3":"status-publish","4":"format-standard","5":"has-post-thumbnail","7":"category-tv","8":"tag-amazon-prime-video","9":"tag-chenoa","10":"tag-cultura","11":"tag-entertainment","12":"tag-entretenimiento","13":"tag-es","14":"tag-espana","15":"tag-musica","16":"tag-operacion-triunfo","17":"tag-opinion","18":"tag-plataformas-digitales","19":"tag-spain","20":"tag-television","21":"tag-tv"},"share_on_mastodon":{"url":"https:\/\/pubeurope.com\/@es\/115609121804827141","error":""},"_links":{"self":[{"href":"https:\/\/www.europesays.com\/es\/wp-json\/wp\/v2\/posts\/254623","targetHints":{"allow":["GET"]}}],"collection":[{"href":"https:\/\/www.europesays.com\/es\/wp-json\/wp\/v2\/posts"}],"about":[{"href":"https:\/\/www.europesays.com\/es\/wp-json\/wp\/v2\/types\/post"}],"author":[{"embeddable":true,"href":"https:\/\/www.europesays.com\/es\/wp-json\/wp\/v2\/users\/2"}],"replies":[{"embeddable":true,"href":"https:\/\/www.europesays.com\/es\/wp-json\/wp\/v2\/comments?post=254623"}],"version-history":[{"count":0,"href":"https:\/\/www.europesays.com\/es\/wp-json\/wp\/v2\/posts\/254623\/revisions"}],"wp:featuredmedia":[{"embeddable":true,"href":"https:\/\/www.europesays.com\/es\/wp-json\/wp\/v2\/media\/254624"}],"wp:attachment":[{"href":"https:\/\/www.europesays.com\/es\/wp-json\/wp\/v2\/media?parent=254623"}],"wp:term":[{"taxonomy":"category","embeddable":true,"href":"https:\/\/www.europesays.com\/es\/wp-json\/wp\/v2\/categories?post=254623"},{"taxonomy":"post_tag","embeddable":true,"href":"https:\/\/www.europesays.com\/es\/wp-json\/wp\/v2\/tags?post=254623"}],"curies":[{"name":"wp","href":"https:\/\/api.w.org\/{rel}","templated":true}]}}