{"id":254627,"date":"2025-11-25T07:21:25","date_gmt":"2025-11-25T07:21:25","guid":{"rendered":"https:\/\/www.europesays.com\/es\/254627\/"},"modified":"2025-11-25T07:21:25","modified_gmt":"2025-11-25T07:21:25","slug":"deberiamos-hablar-despues-del-informe","status":"publish","type":"post","link":"https:\/\/www.europesays.com\/es\/254627\/","title":{"rendered":"Deber\u00edamos hablar despu\u00e9s del informe"},"content":{"rendered":"<p data-mrf-recirculation=\"Links P\u00e1rrafos\" class=\"ue-c-article__paragraph paragraph ue-c-article--first-letter-highlighted\">F<strong>errari <\/strong>se marcha de <strong>Las Vegas<\/strong> con un amargo sabor de boca. Un cuarto y octavo puesto, tras la descalificaci\u00f3n de los <strong>McLaren<\/strong>, deja a la escuadra italiana cada vez m\u00e1s lejos de recuperar el segundo escal\u00f3n en el <strong>Mundial de constructores. <\/strong>\u00abEs la peor temporada de mi vida\u00bb, exclam\u00f3 <strong>Hamilton <\/strong>tras su <strong>22\u00ba jornada consecutiva<\/strong> sin subirse al podio con el mono rojo.\u00a0<\/p>\n<p data-mrf-recirculation=\"Links P\u00e1rrafos\" class=\"ue-c-article__paragraph paragraph\"><strong>Fr\u00e9d\u00e9ric Vasseur<\/strong>, en un intento de calmar las aguas, no estuvo de acuerdo con las palabras de su piloto y admiti\u00f3 que la campa\u00f1a no es tan mala como parece. \u00ab<strong>En t\u00e9rminos de rendimiento puro, creo que no estamos tan mal comparados con la mitad de la temporad<\/strong>a\u00bb, aclar\u00f3. \u00abEntiendo la reacci\u00f3n de <strong>Lewis <\/strong>inmediatamente despu\u00e9s de la carrera, pero necesitamos calmarnos y concentrarnos en los pr\u00f3ximos dos fines de semana, porque volveremos\u201d.<\/p>\n<p><img decoding=\"async\" width=\"3000\" height=\"2000\" class=\"ue-c-article__image lazyload\" alt=\"Lewis Hamiton ha aclarado la pol\u00e9mica sobre su supuesto mensaje a John Elkann.\" loading=\"lazy\" src=\"https:\/\/www.europesays.com\/es\/wp-content\/uploads\/2025\/11\/691ece4c2cdd4.jpeg\"\/><\/p>\n<p>Lewis Hamiton ha aclarado la pol\u00e9mica sobre su supuesto mensaje a John Elkann.Ferrari<\/p>\n<p data-mrf-recirculation=\"Links P\u00e1rrafos\" class=\"ue-c-article__paragraph paragraph\">Sin embargo, reconoci\u00f3 que la frustraci\u00f3n en un sentimiento que se comparte en b\u00fasqueda de mejores resultados. \u00ab<strong>La frustraci\u00f3n es normal. Me preocupar\u00eda si Lewis y yo no estuvi\u00e9ramos frustrados <\/strong>por un d\u00e9cimo puesto\u00bb, enfatiz\u00f3. \u00abPor supuesto, necesitamos mejorar el rendimiento, eso est\u00e1 claro. <strong>Pero se trata m\u00e1s de c\u00f3mo planificamos el fin de semana y c\u00f3mo abordamos el desarrollo durante el mismo\u00bb.\u00a0<\/strong><\/p>\n<p>Comentarios cogidos con pinzas<\/p>\n<p data-mrf-recirculation=\"Links P\u00e1rrafos\" class=\"ue-c-article__paragraph paragraph\"><strong>Tanto Lewis como Charles<\/strong> demostraron su desilusi\u00f3n con el &#8216;<strong>SF-25<\/strong>&#8216; y una temporada en la que nada parece estar de su lado. Pese a que el mandam\u00e1s de la <strong>Scuderia <\/strong>agradeci\u00f3 la sinceridad, pidi\u00f3 calma y le rest\u00f3 importancia a los comentarios del siete veces campe\u00f3n del mundo. \u00ab<strong>Salir del coche y hacer una declaraci\u00f3n inmediata siempre es excesivo. Deber\u00edamos hablar de ello despu\u00e9s del informe<\/strong>\u00ab, sentenci\u00f3.\u00a0<\/p>\n<blockquote class=\"ue-c-article__blockquote\">\n<p>Salir del coche y hacer una declaraci\u00f3n siempre es excesivo. Deber\u00edamos hablar de ello despu\u00e9s del informe<\/p>\n<p>Fr\u00e9d\u00e9ric Vasseur<\/p><\/blockquote>\n<p data-mrf-recirculation=\"Links P\u00e1rrafos\" class=\"ue-c-article__paragraph paragraph\">\u00ab<strong>Entiendo la adrenalina, las emociones, y tambi\u00e9n que alguien pueda hacer comentarios duros a estas alturas del fin de semana<\/strong>\u00ab, defendi\u00f3. \u00abNo s\u00e9 si &#8216;normal&#8217; es la palabra correcta, pero prefiero que los pilotos se muestren muy abiertos sobre su frustraci\u00f3n justo despu\u00e9s de la carrera\u00bb.<\/p>\n<p data-mrf-recirculation=\"Links P\u00e1rrafos\" class=\"ue-c-article__paragraph paragraph\">Que sus pilotos digan lo que piensan es algo que agradece a profundidad. \u00abSi no hemos hecho un trabajo perfecto o el coche no ha ido bien, en lugar de que alguien vaya a la zona de televisi\u00f3n y diga: &#8216;<strong>Ya sabes, el equipo es perfecto, el coche es bueno, bla, bla, bla'\u00bb.<\/strong>\u00a0<\/p>\n<p>Respuesta a John Elkann<\/p>\n<p data-mrf-recirculation=\"Links P\u00e1rrafos\" class=\"ue-c-article__paragraph paragraph\">Las palabras de <strong>John Elkann<\/strong>, presidente del equipo, siguen teniendo un gran peso medi\u00e1tico. El dirigente franc\u00e9s reconoce que es una manera de empujar a la escuder\u00eda hacia adelante. \u00ab<strong>Sin duda, quiere animar al equipo a hacer un mejor trabajo. Debemos tomarlo como un mensaje positivo y de apoyo. <\/strong>Si bien fue un fin de semana dif\u00edcil, no tiene nada que ver. Este fin de semana se debi\u00f3 m\u00e1s a problemas t\u00e9cnicos\u00bb.<\/p>\n","protected":false},"excerpt":{"rendered":"Ferrari se marcha de Las Vegas con un amargo sabor de boca. Un cuarto y octavo puesto, tras&hellip;\n","protected":false},"author":2,"featured_media":254628,"comment_status":"","ping_status":"","sticky":false,"template":"","format":"standard","meta":{"footnotes":""},"categories":[93],"tags":[168,25,24,23,167],"class_list":{"0":"post-254627","1":"post","2":"type-post","3":"status-publish","4":"format-standard","5":"has-post-thumbnail","7":"category-deportes","8":"tag-deportes","9":"tag-es","10":"tag-espana","11":"tag-spain","12":"tag-sports"},"share_on_mastodon":{"url":"https:\/\/pubeurope.com\/@es\/115609134086308928","error":""},"_links":{"self":[{"href":"https:\/\/www.europesays.com\/es\/wp-json\/wp\/v2\/posts\/254627","targetHints":{"allow":["GET"]}}],"collection":[{"href":"https:\/\/www.europesays.com\/es\/wp-json\/wp\/v2\/posts"}],"about":[{"href":"https:\/\/www.europesays.com\/es\/wp-json\/wp\/v2\/types\/post"}],"author":[{"embeddable":true,"href":"https:\/\/www.europesays.com\/es\/wp-json\/wp\/v2\/users\/2"}],"replies":[{"embeddable":true,"href":"https:\/\/www.europesays.com\/es\/wp-json\/wp\/v2\/comments?post=254627"}],"version-history":[{"count":0,"href":"https:\/\/www.europesays.com\/es\/wp-json\/wp\/v2\/posts\/254627\/revisions"}],"wp:featuredmedia":[{"embeddable":true,"href":"https:\/\/www.europesays.com\/es\/wp-json\/wp\/v2\/media\/254628"}],"wp:attachment":[{"href":"https:\/\/www.europesays.com\/es\/wp-json\/wp\/v2\/media?parent=254627"}],"wp:term":[{"taxonomy":"category","embeddable":true,"href":"https:\/\/www.europesays.com\/es\/wp-json\/wp\/v2\/categories?post=254627"},{"taxonomy":"post_tag","embeddable":true,"href":"https:\/\/www.europesays.com\/es\/wp-json\/wp\/v2\/tags?post=254627"}],"curies":[{"name":"wp","href":"https:\/\/api.w.org\/{rel}","templated":true}]}}