{"id":254633,"date":"2025-11-25T07:25:09","date_gmt":"2025-11-25T07:25:09","guid":{"rendered":"https:\/\/www.europesays.com\/es\/254633\/"},"modified":"2025-11-25T07:25:09","modified_gmt":"2025-11-25T07:25:09","slug":"ibex-35-hoy-la-bolsa-en-directo-el-ibex-duda-con-los-16-000-puntos","status":"publish","type":"post","link":"https:\/\/www.europesays.com\/es\/254633\/","title":{"rendered":"Ibex 35 hoy, la Bolsa en Directo | El Ibex duda con los 16.000 puntos"},"content":{"rendered":"<p class=\"ue-c-article__paragraph\">\n                                        Los mercados buscan una mayor estabilizaci\u00f3n. La tregua en las tecnol\u00f3gicas y la previsi\u00f3n de otra rebaja de tipos de la Fed apaciguan los \u00e1nimos. El Ibex intenta mantenerse cerca de la barrera de los 16.000 puntos.\n                                    <\/p>\n<p class=\"ue-c-article__paragraph\">Los inversores suman una jornada m\u00e1s con un despertar sin sobresaltos. El Nasdaq y el Nikkei, dos de los \u00edndices m\u00e1s presionados en la correcci\u00f3n, vuelven a aportar hoy <strong>referencias tranquilizadoras<\/strong>, lejos de las ca\u00eddas del 2% habituales en las \u00faltimas semanas. Las <strong>tecnol\u00f3gicas<\/strong> frenan la recogida de beneficios, y parte de este par\u00f3n en las ventas tiene como origen la Fed.<\/p>\n<p class=\"ue-c-article__paragraph\">En un par de semanas el mercado ha dado <strong>un par de vuelcos a las previsiones<\/strong> sobre el desenlace de la reuni\u00f3n de la <strong>Reserva Federal<\/strong> del 10 de diciembre. La sequ\u00eda de datos macro oficiales en Estados Unidos ha acentuado la volatilidad en este apartado. Las probabilidades de una rebaja de tipos en diciembre bajaron del 50% la semana pasada. A d\u00eda de hoy alcanza el 83%. <\/p>\n<p class=\"ue-c-article__paragraph\">Las \u00faltimas declaraciones de Christopher Waller, gobernador de la Fed, apuntan claramente en esta l\u00ednea, al comentar que si bien la el resultado de la reuni\u00f3n de enero est\u00e1 en duda, <strong>en diciembre parece apropiado<\/strong> un recorte ante los signos de debilidad del mercado laboral estadounidense. <\/p>\n","protected":false},"excerpt":{"rendered":"Los mercados buscan una mayor estabilizaci\u00f3n. La tregua en las tecnol\u00f3gicas y la previsi\u00f3n de otra rebaja de&hellip;\n","protected":false},"author":2,"featured_media":254634,"comment_status":"","ping_status":"","sticky":false,"template":"","format":"standard","meta":{"footnotes":""},"categories":[80],"tags":[2300,12239,82,95,94,25,24,114,23],"class_list":{"0":"post-254633","1":"post","2":"type-post","3":"status-publish","4":"format-standard","5":"has-post-thumbnail","7":"category-economia","8":"tag-bolsa","9":"tag-bolsa-de-wall-street","10":"tag-business","11":"tag-economia","12":"tag-economy","13":"tag-es","14":"tag-espana","15":"tag-mercados","16":"tag-spain"},"share_on_mastodon":{"url":"https:\/\/pubeurope.com\/@es\/115609149579474676","error":""},"_links":{"self":[{"href":"https:\/\/www.europesays.com\/es\/wp-json\/wp\/v2\/posts\/254633","targetHints":{"allow":["GET"]}}],"collection":[{"href":"https:\/\/www.europesays.com\/es\/wp-json\/wp\/v2\/posts"}],"about":[{"href":"https:\/\/www.europesays.com\/es\/wp-json\/wp\/v2\/types\/post"}],"author":[{"embeddable":true,"href":"https:\/\/www.europesays.com\/es\/wp-json\/wp\/v2\/users\/2"}],"replies":[{"embeddable":true,"href":"https:\/\/www.europesays.com\/es\/wp-json\/wp\/v2\/comments?post=254633"}],"version-history":[{"count":0,"href":"https:\/\/www.europesays.com\/es\/wp-json\/wp\/v2\/posts\/254633\/revisions"}],"wp:featuredmedia":[{"embeddable":true,"href":"https:\/\/www.europesays.com\/es\/wp-json\/wp\/v2\/media\/254634"}],"wp:attachment":[{"href":"https:\/\/www.europesays.com\/es\/wp-json\/wp\/v2\/media?parent=254633"}],"wp:term":[{"taxonomy":"category","embeddable":true,"href":"https:\/\/www.europesays.com\/es\/wp-json\/wp\/v2\/categories?post=254633"},{"taxonomy":"post_tag","embeddable":true,"href":"https:\/\/www.europesays.com\/es\/wp-json\/wp\/v2\/tags?post=254633"}],"curies":[{"name":"wp","href":"https:\/\/api.w.org\/{rel}","templated":true}]}}