{"id":254639,"date":"2025-11-25T07:28:40","date_gmt":"2025-11-25T07:28:40","guid":{"rendered":"https:\/\/www.europesays.com\/es\/254639\/"},"modified":"2025-11-25T07:28:40","modified_gmt":"2025-11-25T07:28:40","slug":"los-alumnos-de-los-centros-educativos-de-mostoles-podran-asistir-gratuitamente-a-la-pista-de-hielo-cubierta-y-al-tobogan-de-trineos-de-navipark","status":"publish","type":"post","link":"https:\/\/www.europesays.com\/es\/254639\/","title":{"rendered":"Los alumnos de los centros educativos de M\u00f3stoles podr\u00e1n asistir gratuitamente a la pista de hielo cubierta y al tobog\u00e1n de trineos de Navipark"},"content":{"rendered":"<ul>\n<li class=\" cmAlignjustify\"><strong>El Ayuntamiento de M\u00f3stoles ha invitado a todos los centros educativos del municipio para que los alumnos de 4\u00ba, 5\u00ba y 6\u00ba de Primaria y de 1\u00ba y 2\u00ba de Secundaria participen gratuitamente en la pista de hielo y tobog\u00e1n de trineos de Navipark.  <\/strong><\/li>\n<\/ul>\n<p class=\"cmParagraph cmAlignjustify\"><img loading=\"lazy\" decoding=\"async\" src=\"https:\/\/www.europesays.com\/es\/wp-content\/uploads\/2025\/11\/1405483-destacada NAVIPARK.jpg\" width=\"400\" height=\"225\" alt=\"destacada NAVIPARK\"\/>El Ayuntamiento de M\u00f3stoles, a trav\u00e9s de la Concejal\u00eda de Educaci\u00f3n y Festejos, ha invitado, por segundo a\u00f1o consecutivo, a los centros educativos de la ciudad, para que los alumnos de 4\u00ba, 5\u00ba y 6\u00ba de Primaria y de 1\u00ba y 2\u00ba de Secundaria, puedan asistir y disfrutar, de manera gratuita, de la pista de patinaje de hielo natural, que este a\u00f1o es cubierta, y del tobog\u00e1n de trineos, en Navipark, situado en el Parque Finca Liana. <\/p>\n<p class=\"cmParagraph cmAlignjustify\">Las visitas de los alumnos podr\u00e1n realizarse del 24 de noviembre al 18 de diciembre y estar\u00e1n organizadas por turnos, hasta completar el aforo de la pista, que se establece en 100 personas en cada turno y de 50 m\u00e1ximo para el tobog\u00e1n de trineos. <\/p>\n<p class=\"cmParagraph cmAlignjustify\">Los centros educativos podr\u00e1n elegir uno de los cuatro turnos establecidos en d\u00edas laborables, de lunes a viernes, los tres primeros ser\u00e1n de 9:30 h a 13:00 h (el primero, de 09:30 h a 10:30; el segundo, de 10:45 h a 11:45 y el tercero, de 12:00 h a 13:00 h) y est\u00e1n reservados para los Centros de Educaci\u00f3n de Infantil y Primaria (CEIP). El \u00faltimo turno ser\u00e1 de 13:15 h a 14:15 h y estar\u00e1 reservado para los alumnos de los Institutos de Ense\u00f1anza Secundaria (IES). <\/p>\n<p class=\"cmParagraph cmAlignjustify\">El Ayuntamiento de M\u00f3stoles, al igual que el a\u00f1o pasado, proporcionar\u00e1 todo el material necesario para disfrutar de esta actividad, a excepci\u00f3n de los guantes y la ropa de abrigo adecuada, que cada alumno deber\u00e1 llevar obligatoriamente.<\/p>\n","protected":false},"excerpt":{"rendered":"El Ayuntamiento de M\u00f3stoles ha invitado a todos los centros educativos del municipio para que los alumnos de&hellip;\n","protected":false},"author":2,"featured_media":254640,"comment_status":"","ping_status":"","sticky":false,"template":"","format":"standard","meta":{"footnotes":""},"categories":[5],"tags":[1201,6853,1250,17,18,6854,777,2800,5509,25,24,13,14,11,6852,1928,6850,19,20,6849,9,10,15,16,4111,6851,23,12,21,22,6855],"class_list":{"0":"post-254639","1":"post","2":"type-post","3":"status-publish","4":"format-standard","5":"has-post-thumbnail","7":"category-titulares","8":"tag-alcalde","9":"tag-atencioacuten-ciudadana","10":"tag-ayuntamiento","11":"tag-breaking-news","12":"tag-breakingnews","13":"tag-callejero","14":"tag-ciudad","15":"tag-distritos","16":"tag-empleo","17":"tag-es","18":"tag-espana","19":"tag-featured-news","20":"tag-featurednews","21":"tag-headlines","22":"tag-inversioacuten","23":"tag-joven","24":"tag-juventud","25":"tag-latest-news","26":"tag-latestnews","27":"tag-moacutestoles","28":"tag-news","29":"tag-noticias","30":"tag-noticias-destacadas","31":"tag-noticiasdestacadas","32":"tag-presupuestos","33":"tag-sede-electroacutenica","34":"tag-spain","35":"tag-titulares","36":"tag-ultimas-noticias","37":"tag-ultimasnoticias","38":"tag-webs-municipales"},"share_on_mastodon":{"url":"","error":"Validation failed: Text character limit of 500 exceeded"},"_links":{"self":[{"href":"https:\/\/www.europesays.com\/es\/wp-json\/wp\/v2\/posts\/254639","targetHints":{"allow":["GET"]}}],"collection":[{"href":"https:\/\/www.europesays.com\/es\/wp-json\/wp\/v2\/posts"}],"about":[{"href":"https:\/\/www.europesays.com\/es\/wp-json\/wp\/v2\/types\/post"}],"author":[{"embeddable":true,"href":"https:\/\/www.europesays.com\/es\/wp-json\/wp\/v2\/users\/2"}],"replies":[{"embeddable":true,"href":"https:\/\/www.europesays.com\/es\/wp-json\/wp\/v2\/comments?post=254639"}],"version-history":[{"count":0,"href":"https:\/\/www.europesays.com\/es\/wp-json\/wp\/v2\/posts\/254639\/revisions"}],"wp:featuredmedia":[{"embeddable":true,"href":"https:\/\/www.europesays.com\/es\/wp-json\/wp\/v2\/media\/254640"}],"wp:attachment":[{"href":"https:\/\/www.europesays.com\/es\/wp-json\/wp\/v2\/media?parent=254639"}],"wp:term":[{"taxonomy":"category","embeddable":true,"href":"https:\/\/www.europesays.com\/es\/wp-json\/wp\/v2\/categories?post=254639"},{"taxonomy":"post_tag","embeddable":true,"href":"https:\/\/www.europesays.com\/es\/wp-json\/wp\/v2\/tags?post=254639"}],"curies":[{"name":"wp","href":"https:\/\/api.w.org\/{rel}","templated":true}]}}