{"id":254649,"date":"2025-11-25T07:39:18","date_gmt":"2025-11-25T07:39:18","guid":{"rendered":"https:\/\/www.europesays.com\/es\/254649\/"},"modified":"2025-11-25T07:39:18","modified_gmt":"2025-11-25T07:39:18","slug":"con-toques-de-diseno-y-piezas-de-autor","status":"publish","type":"post","link":"https:\/\/www.europesays.com\/es\/254649\/","title":{"rendered":"con toques de dise\u00f1o y piezas de autor"},"content":{"rendered":"<p>El encargo en esta caso no proced\u00eda de un cliente particular, sino de un promotor \u201cque se dedica a vender inmuebles con un inter\u00e9s importante en apostar por el valor de la arquitectura y el dise\u00f1o\u201d, se\u00f1ala <strong>Ana Fern\u00e1ndez, cofundadora junto con Antonio Ram\u00f3n Morales y Ana Rodr\u00edguez de MAAF Estudio, un joven despacho madrile\u00f1o creado en 2020<\/strong> que, seg\u00fan su propia definici\u00f3n, aborda sus proyectos en 360 grados, <strong>\u201cenfoc\u00e1ndonos en las tres ramas que se alimentan entre s\u00ed: arquitectura, ingenier\u00eda y dise\u00f1o\u201d<\/strong>.<\/p>\n<p>Aqu\u00ed de lo que se ha tratado es de conjugar un <a href=\"https:\/\/www.arquitecturaydiseno.es\/decoracion\/estilo-clasico_12572\" rel=\"nofollow noopener\" target=\"_blank\">estilo cl\u00e1sico<\/a> y a la vez moderno y renovado, creando toques de dise\u00f1o, pero atemporales. <strong>El continente se prestaba a ello: una vivienda de 285 m2 en la emblem\u00e1tica calle Alcal\u00e1 de la capital.<\/strong><\/p>\n","protected":false},"excerpt":{"rendered":"El encargo en esta caso no proced\u00eda de un cliente particular, sino de un promotor \u201cque se dedica&hellip;\n","protected":false},"author":2,"featured_media":254650,"comment_status":"","ping_status":"","sticky":false,"template":"","format":"standard","meta":{"footnotes":""},"categories":[173],"tags":[229,233,231,230,232,234,146,147,25,24,23],"class_list":{"0":"post-254649","1":"post","2":"type-post","3":"status-publish","4":"format-standard","5":"has-post-thumbnail","7":"category-arte-y-diseno","8":"tag-arte","9":"tag-arte-y-diseno","10":"tag-arts","11":"tag-arts-and-design","12":"tag-design","13":"tag-diseno","14":"tag-entertainment","15":"tag-entretenimiento","16":"tag-es","17":"tag-espana","18":"tag-spain"},"share_on_mastodon":{"url":"https:\/\/pubeurope.com\/@es\/115609204347478706","error":""},"_links":{"self":[{"href":"https:\/\/www.europesays.com\/es\/wp-json\/wp\/v2\/posts\/254649","targetHints":{"allow":["GET"]}}],"collection":[{"href":"https:\/\/www.europesays.com\/es\/wp-json\/wp\/v2\/posts"}],"about":[{"href":"https:\/\/www.europesays.com\/es\/wp-json\/wp\/v2\/types\/post"}],"author":[{"embeddable":true,"href":"https:\/\/www.europesays.com\/es\/wp-json\/wp\/v2\/users\/2"}],"replies":[{"embeddable":true,"href":"https:\/\/www.europesays.com\/es\/wp-json\/wp\/v2\/comments?post=254649"}],"version-history":[{"count":0,"href":"https:\/\/www.europesays.com\/es\/wp-json\/wp\/v2\/posts\/254649\/revisions"}],"wp:featuredmedia":[{"embeddable":true,"href":"https:\/\/www.europesays.com\/es\/wp-json\/wp\/v2\/media\/254650"}],"wp:attachment":[{"href":"https:\/\/www.europesays.com\/es\/wp-json\/wp\/v2\/media?parent=254649"}],"wp:term":[{"taxonomy":"category","embeddable":true,"href":"https:\/\/www.europesays.com\/es\/wp-json\/wp\/v2\/categories?post=254649"},{"taxonomy":"post_tag","embeddable":true,"href":"https:\/\/www.europesays.com\/es\/wp-json\/wp\/v2\/tags?post=254649"}],"curies":[{"name":"wp","href":"https:\/\/api.w.org\/{rel}","templated":true}]}}