{"id":254659,"date":"2025-11-25T07:49:10","date_gmt":"2025-11-25T07:49:10","guid":{"rendered":"https:\/\/www.europesays.com\/es\/254659\/"},"modified":"2025-11-25T07:49:10","modified_gmt":"2025-11-25T07:49:10","slug":"el-autor-de-la-carta-que-ha-puesto-en-jaque-a-la-bbc-dice-ahora-que-la-radiotelevision-publica-no-esta-sesgada","status":"publish","type":"post","link":"https:\/\/www.europesays.com\/es\/254659\/","title":{"rendered":"El autor de la carta que ha puesto en jaque a la BBC dice ahora que la radiotelevisi\u00f3n p\u00fablica no est\u00e1 sesgada"},"content":{"rendered":"<p class=\"article-text\">\n        El autor del documento que ha provocado la <a href=\"https:\/\/www.eldiario.es\/internacional\/dimite-director-general-bbc-informe-interno-acusaba-cadena-sesgos-anti-trump-propalestinos_1_12754397.html\" target=\"_blank\" data-mrf-recirculation=\"links-noticia\" class=\"link\" rel=\"nofollow noopener\">dimisi\u00f3n de los dos principales l\u00edderes de la BBC<\/a> y la <a href=\"https:\/\/www.eldiario.es\/internacional\/pasando-bbc-sufre-defenderse-campana-derecha_129_12756470.html\" target=\"_blank\" data-mrf-recirculation=\"links-noticia\" class=\"link\" rel=\"nofollow noopener\">amenaza de una querella<\/a> multimillonaria de Donald Trump se defini\u00f3 este lunes como \u201cun padre centrista\u201d que no pretend\u00eda poner en jaque a la radiotelevisi\u00f3n p\u00fablica brit\u00e1nica. Durante una audiencia en la comisi\u00f3n de cultura, medios y deportes de la C\u00e1mara de los Comunes,\u00a0Michael Prescott, que fue asesor para est\u00e1ndares durante tres a\u00f1os y escribi\u00f3 un memor\u00e1ndum cr\u00edtico tras dejar el puesto este verano, testific\u00f3 que no ve un \u201csesgo institucional\u201d en la radiotelevisi\u00f3n p\u00fablica.\n    <\/p>\n<p>    <a href=\"https:\/\/www.eldiario.es\/internacional\/12-segundos-caros-bbc-supone-querella-trump-amenaza-radiotelevision-publica_1_12759058.html\" data-mrf-recirculation=\"saber-mas\" data-dl-event=\"saber-mas\" rel=\"nofollow noopener\" target=\"_blank\"><\/p>\n<p class=\"know-more__title\">Los 12 segundos m\u00e1s caros de la BBC: qu\u00e9 supone la querella con la que Trump amenaza a la radiotelevisi\u00f3n p\u00fablica<\/p>\n<p>            <img decoding=\"async\" class=\"lazy\" loading=\"lazy\" data-src=\"https:\/\/static.eldiario.es\/clip\/d102fe82-fefd-492d-b4c5-84a309e54136_16-9-aspect-ratio_default_0.jpg\" src=\"data:image\/svg+xml,%3Csvg xmlns=\" http:=\"\" viewbox=\"0 0 880 495\" alt=\"Los 12 segundos m\u00e1s caros de la BBC: qu\u00e9 supone la querella con la que Trump amenaza a la radiotelevisi\u00f3n p\u00fablica\"\/><\/p>\n<p>                        <\/a><\/p>\n<p class=\"article-text\">\n        \u201cNo creo que la BBC tenga un sesgo institucional\u2026 Hay toneladas de contenido de la BBC que son programas factuales de primera categor\u00eda\u201d, dijo Prescott ante las preguntas de los diputados. \u201cS\u00f3lo encontramos alg\u00fan problema aqu\u00ed y all\u00ed\u201d. Prescott dijo estar \u201csorprendido\u201d por las dimisiones del director general y la jefa de informativos. Interrogado sobre si esperaba \u201cel da\u00f1o\u201d que causar\u00eda su memor\u00e1ndum, el ex asesor dijo un rotundo \u201cno\u201d.\n    <\/p>\n<p class=\"article-text\">\n        Su cr\u00edtica a la edici\u00f3n de 12 segundos de un programa de casi una hora emitido en el Reino Unido en octubre de 2024 sobre Donald Trump ha provocado la amenaza del presidente de una <a href=\"https:\/\/www.eldiario.es\/internacional\/12-segundos-caros-bbc-supone-querella-trump-amenaza-radiotelevision-publica_1_12759058.html\" target=\"_blank\" data-mrf-recirculation=\"links-noticia\" class=\"link\" rel=\"nofollow noopener\">denuncia multimillonaria<\/a>. La BBC <a href=\"https:\/\/www.eldiario.es\/internacional\/bbc-pide-perdon-trump-rechaza-pagar-compensacion_1_12766724.html\" target=\"_blank\" data-mrf-recirculation=\"links-noticia\" class=\"link\" rel=\"nofollow noopener\">ha pedido disculpas al presidente<\/a> de Estados Unidos y a la audiencia por la edici\u00f3n del programa y lo ha retirado de su archivo, pero dice que no ve base para una reclamaci\u00f3n por difamaci\u00f3n. La BBC dice que cometi\u00f3 un \u201cerror de juicio\u201d en un programa que ni siquiera se emiti\u00f3 en Estados Unidos.\n    <\/p>\n<p class=\"article-text\">\n        Prescott asegur\u00f3 en el Parlamento que es \u201cun fuerte defensor\u201d de la BBC e insisti\u00f3 en que sus cr\u00edticas a la edici\u00f3n del programa Panorama sobre Trump, la cobertura de la guerra de Gaza o la inmigraci\u00f3n no respond\u00edan a \u201cideolog\u00eda\u201d ni \u201cpol\u00edtica partidista\u201d y que s\u00f3lo le importaba la imparcialidad. Tambi\u00e9n dijo que no quer\u00eda que su carta se filtrara y que ten\u00eda buena opini\u00f3n de Tim Davie, el director general que dimiti\u00f3 tras la publicaci\u00f3n del documento en el Telegraph. Prescott dice que le mand\u00f3 la carta al consejo de administraci\u00f3n de la BBC en septiembre, al regulador de la televisi\u00f3n y al Ministerio de Cultura.\n    <\/p>\n<p class=\"article-text\">\n        En la misma comisi\u00f3n del Parlamento, el director de la BBC, Samir Shah, dijo este lunes que cre\u00eda que Davie no deber\u00eda haber dimitido y que trat\u00f3 de convencerle para que no lo hiciera.\n    <\/p>\n<p>    La carta <\/p>\n<p class=\"article-text\">\n        En su memor\u00e1ndum, Prescott se quejaba de la edici\u00f3n \u201cenga\u00f1osa\u201d del programa Panorama, que hab\u00eda unido dos frases de Trump el 6 de enero de 2021 que daban la impresi\u00f3n de estar seguidas cuando en el <a href=\"https:\/\/www.npr.org\/2021\/02\/10\/966396848\/read-trumps-jan-6-speech-a-key-part-of-impeachment-trial\" target=\"_blank\" data-mrf-recirculation=\"links-noticia\" class=\"link\" rel=\"nofollow noopener\">discurso original <\/a>estaban separadas por casi una hora. Prescott, en su propio documento, tambi\u00e9n omiti\u00f3 parte de las frases del presidente.\u00a0\n    <\/p>\n<blockquote class=\"bluesky-embed\" data-bluesky-uri=\"at:\/\/did:plc:iriguxga3a3ngc4ezfk56knk\/app.bsky.feed.post\/3m5gxauahck2e\"\/>\n<p class=\"article-text\">\n        Prescott defini\u00f3 este lunes el documental como un programa \u201canti-Trump\u201d, si bien recog\u00eda voces que tambi\u00e9n defend\u00edan al entonces candidato republicano y que estaba centrado en su ascenso tras el repudio moment\u00e1neo de su partido por el asalto al Capitolio. En diciembre de 2022,<a href=\"https:\/\/www.nytimes.com\/2022\/12\/22\/us\/politics\/jan-6-committee-report.html\" target=\"_blank\" data-mrf-recirculation=\"links-noticia\" class=\"link\" rel=\"nofollow noopener\"> la comisi\u00f3n de investigaci\u00f3n del Congreso<\/a> de Estados Unidos culp\u00f3 a Trump del asalto y de un intento de revocar el resultado electoral.\n    <\/p>\n<p class=\"article-text\">\n        Interrogado sobre si est\u00e1 de acuerdo con Trump en que el programa da\u00f1\u00f3 su \u201creputaci\u00f3n\u201d, Prescott dijo: \u201cNo se me ocurre nada en lo que est\u00e9 de acuerdo con Donald Trump\u201d. Un diputado le insisti\u00f3 en la pregunta sobre la reputaci\u00f3n y el antiguo asesor dijo que \u201cprobablemente no\u201d.\n    <\/p>\n<p class=\"article-text\">\n        En <a href=\"https:\/\/committees.parliament.uk\/publications\/50118\/documents\/270340\/default\/\" target=\"_blank\" data-mrf-recirculation=\"links-noticia\" class=\"link\" rel=\"nofollow noopener\">la carta del ex asesor<\/a>, hab\u00eda quejas por la cobertura, seg\u00fan \u00e9l, anti-israel\u00ed de la guerra de Gaza, los derechos trans o la discriminaci\u00f3n racial que reproduc\u00edan las habituales de pol\u00edticos a la derecha, aunque \u00e9l insiste en que no pretend\u00eda alinearse con ning\u00fan partido. Prescott criticaba, por ejemplo, que en Estados Unidos la BBC cubriera los derechos de las mujeres y que llamara al aborto \u201cderecho reproductivo\u201d, porque eso, seg\u00fan \u00e9l, favorec\u00eda a Harris. Tambi\u00e9n de que la BBC no mandara m\u00e1s alertas en su aplicaci\u00f3n con noticias negativas sobre refugiados e inmigrantes.\u00a0\n    <\/p>\n<p>    \u201cUna opini\u00f3n personal\u201d<\/p>\n<p class=\"article-text\">\n        En la comisi\u00f3n de los Comunes este lunes compareci\u00f3 a su lado Caroline Daniel, que tambi\u00e9n fue asesora de est\u00e1ndares y quien asegur\u00f3 que las quejas de los miembros y los debates sobre la imparcialidad se tomaban muy en serio.\n    <\/p>\n<p>            <img decoding=\"async\" class=\"lazy\" loading=\"lazy\" data-src=\"https:\/\/static.eldiario.es\/clip\/fdd922f3-3308-4085-989c-12036e7b09e3_16-9-discover-aspect-ratio_default_0.jpg\" src=\"data:image\/svg+xml,%3Csvg xmlns=\" http:=\"\" viewbox=\"0 0 1200 675\" alt=\"Los ex asesores de la BBC, Michael Prescott y Caroline Daniel, este lunes en la C\u00e1mara de los Comunes.\"\/><\/p>\n<p class=\"article-text\">\n        Ella record\u00f3 que hab\u00eda decisiones complejas \u201ca diario en cada programa\u201d y asegur\u00f3 que la BBC \u201csiempre estaba dispuesta al debate y a tomar medidas\u201d. Daniel alab\u00f3 la cobertura de las elecciones de Estados Unidos de la BBC y dijo que la carta de Prescott era \u201cuna opini\u00f3n personal\u201d, no un informe inclusivo. El presidente de la corporaci\u00f3n tambi\u00e9n describi\u00f3 as\u00ed el memor\u00e1ndum.\n    <\/p>\n<p>    <a href=\"https:\/\/www.eldiario.es\/internacional\/bbc-pide-perdon-trump-rechaza-pagar-compensacion_1_12766724.html\" data-mrf-recirculation=\"saber-mas-abajo\" data-dl-event=\"saber-mas-abajo\" rel=\"nofollow noopener\" target=\"_blank\"><\/p>\n<p class=\"know-more__title\">La BBC pide perd\u00f3n a Trump, pero rechaza pagarle una compensaci\u00f3n<\/p>\n<p>            <img decoding=\"async\" class=\"lazy\" loading=\"lazy\" data-src=\"https:\/\/static.eldiario.es\/clip\/6cc45951-6068-4a0f-8ed4-16c81c6449b6_16-9-aspect-ratio_default_0.jpg\" src=\"data:image\/svg+xml,%3Csvg xmlns=\" http:=\"\" viewbox=\"0 0 880 495\" alt=\"La BBC pide perd\u00f3n a Trump, pero rechaza pagarle una compensaci\u00f3n\"\/><\/p>\n<p>                        <\/a><\/p>\n<p class=\"article-text\">\n        La mayor preocupaci\u00f3n de Daniel despu\u00e9s de su experiencia como asesora de est\u00e1ndares es que la radiotelevisi\u00f3n p\u00fablica no haga suficiente caso al papel de la inteligencia artificial y sus \u201criesgos editoriales\u201d.\u00a0\n    <\/p>\n","protected":false},"excerpt":{"rendered":"El autor del documento que ha provocado la dimisi\u00f3n de los dos principales l\u00edderes de la BBC y&hellip;\n","protected":false},"author":2,"featured_media":254660,"comment_status":"","ping_status":"","sticky":false,"template":"","format":"standard","meta":{"footnotes":""},"categories":[42],"tags":[808,1697,27973,17,18,2471,6727,13,14,11,61,62,63,64,28417,19,20,9,689,10,15,16,4500,3576,64174,39054,12,21,22,65,66,67],"class_list":{"0":"post-254659","1":"post","2":"type-post","3":"status-publish","4":"format-standard","5":"has-post-thumbnail","7":"category-internacional","8":"tag-ahora","9":"tag-autor","10":"tag-bbc","11":"tag-breaking-news","12":"tag-breakingnews","13":"tag-carta","14":"tag-dice","15":"tag-featured-news","16":"tag-featurednews","17":"tag-headlines","18":"tag-internacional","19":"tag-international","20":"tag-international-news","21":"tag-internationalnews","22":"tag-jaque","23":"tag-latest-news","24":"tag-latestnews","25":"tag-news","26":"tag-no","27":"tag-noticias","28":"tag-noticias-destacadas","29":"tag-noticiasdestacadas","30":"tag-publica","31":"tag-puesto","32":"tag-radiotelevision","33":"tag-sesgada","34":"tag-titulares","35":"tag-ultimas-noticias","36":"tag-ultimasnoticias","37":"tag-world","38":"tag-world-news","39":"tag-worldnews"},"share_on_mastodon":{"url":"","error":"Validation failed: Text character limit of 500 exceeded"},"_links":{"self":[{"href":"https:\/\/www.europesays.com\/es\/wp-json\/wp\/v2\/posts\/254659","targetHints":{"allow":["GET"]}}],"collection":[{"href":"https:\/\/www.europesays.com\/es\/wp-json\/wp\/v2\/posts"}],"about":[{"href":"https:\/\/www.europesays.com\/es\/wp-json\/wp\/v2\/types\/post"}],"author":[{"embeddable":true,"href":"https:\/\/www.europesays.com\/es\/wp-json\/wp\/v2\/users\/2"}],"replies":[{"embeddable":true,"href":"https:\/\/www.europesays.com\/es\/wp-json\/wp\/v2\/comments?post=254659"}],"version-history":[{"count":0,"href":"https:\/\/www.europesays.com\/es\/wp-json\/wp\/v2\/posts\/254659\/revisions"}],"wp:featuredmedia":[{"embeddable":true,"href":"https:\/\/www.europesays.com\/es\/wp-json\/wp\/v2\/media\/254660"}],"wp:attachment":[{"href":"https:\/\/www.europesays.com\/es\/wp-json\/wp\/v2\/media?parent=254659"}],"wp:term":[{"taxonomy":"category","embeddable":true,"href":"https:\/\/www.europesays.com\/es\/wp-json\/wp\/v2\/categories?post=254659"},{"taxonomy":"post_tag","embeddable":true,"href":"https:\/\/www.europesays.com\/es\/wp-json\/wp\/v2\/tags?post=254659"}],"curies":[{"name":"wp","href":"https:\/\/api.w.org\/{rel}","templated":true}]}}