{"id":254661,"date":"2025-11-25T07:50:11","date_gmt":"2025-11-25T07:50:11","guid":{"rendered":"https:\/\/www.europesays.com\/es\/254661\/"},"modified":"2025-11-25T07:50:11","modified_gmt":"2025-11-25T07:50:11","slug":"doce-anos-de-carcel-para-norberto-uzal-tras-defraudar-154-millones-con-la-empresa-hafesa-la-voz-de-galicia","status":"publish","type":"post","link":"https:\/\/www.europesays.com\/es\/254661\/","title":{"rendered":"Doce a\u00f1os de c\u00e1rcel para Norberto Uzal tras defraudar 154 millones con la empresa Hafesa &#8211; La Voz de Galicia"},"content":{"rendered":"<ol>\n<li><a href=\"https:\/\/news.google.com\/rss\/articles\/CBMikAJBVV95cUxPMXRHWmxvT0U0dWZsWGxFMUg5bDdSMG5reElPVHZIZG9nanpKTVNLNFVtT1dzS3RUMFhYVDMxd3Q5blp4TkxqMUFSbXJIeU01bExhRVhvUEcwSFRmVC1GOUZlVTZBalF3Wmd1RVVHZmd4azJ1LVhqTXBIV1dOSE9rbWFjOHgtS2ZIdjdBbmlZWWpXQk85QXY4UTlCWWxIbmpVRWcyc3IwSWMydmJUT191UGJELVFiRWtIb1hqb3BtckRRRkxlR0tFbG9NR1NQVlFtZmZBMVZHVFVseXpBaUJYczhuSUdQeGJ1REw4RFZITndmdDFRSDhfNmRHZjJFRHhfMVBvQzNUVVhiOHA4TXdUedIBrAJBVV95cUxPbGdpSEpQMEsxOVAzRDA1eDVRZHZING1IZmZkSFhvbE9CdzdPVWxaU1pYTVN3ZEUtckZGYWpjbHQyMmZsUVBjY1ZpTWlPNFhFYmotbWhGbUlMZU96YnRmc09KWWZuNmMyZDdkSmpPOG81WGRCczJHMUhEMll1MDc4UXk0N0lkRU5iMk93d1NEWlN0b3RzQTFnN04tR3BuOWZzc1Bfa0drWE9IZmx1TWtDWTZiTEZQenp6UkxoQ2NCVDZFSTgtZWFEOTBJNHNQUHpaM3QxcU4tRkVHdUhEekpIVEtFR1JfeTA0aG5wZjZkRjJzVHRLaWpmam9rd2owWkpaWi1JN0p2ZlliYVFjNHpiam4tOUNjdllVVENfY2JpRHZoVEV0bFZLdU81Q1k?oc=5\" target=\"_blank\" rel=\"nofollow noopener\">Doce a\u00f1os de c\u00e1rcel para Norberto Uzal tras defraudar 154 millones con la empresa Hafesa<\/a>&nbsp;&nbsp;La Voz de Galicia<\/li>\n<li><a href=\"https:\/\/news.google.com\/rss\/articles\/CBMipgFBVV95cUxPTmgwTm9WU3phN1pGX2ctbE9Vd3Fwb2liaHRTejZWZVI2SFgza2VfYnlPTW1KdTRHMXBzZEEwanR1VXUzSTV6clZyZHc0WVVNTFotTnA5Z05OQUljaTVaR0k4Tzh6UFhrZFY3UzVrVXZuZkRaLW8yWWl1ZEZJUGZJTWxIZURwakYwOG9qNjZYTFByYUxTOTg3R2pPZWxpSV9nVC1zbmlR0gGrAUFVX3lxTE1pX0l6OUlma3BLNER5V2lDX2hsUm5kT2hhS0pLZVgxek9zQlpFUTdkeGJ4aVRjZU5nLUxLSEpGREJoaG9ZNDJRMFpPWXlzN1JUSUU1YUlrVmdjbjNfVXBWOWZCUk45RHNxbjlNenNWYy1ZcWMtU3BldmVqd2hNU2F1NmVDbnpjekJRYmVYYlRXTG43UHdlYWMyNmpZcjFVeWQybnpfX3B3UzVHOA?oc=5\" target=\"_blank\" rel=\"nofollow noopener\">La empresa del imputado al que tent\u00f3 Leire, condenada por fraude de hidrocarburos<\/a>&nbsp;&nbsp;El Confidencial<\/li>\n<li><a href=\"https:\/\/news.google.com\/rss\/articles\/CBMi1gFBVV95cUxPSmxTWUtPQWpWdnotSUZHMnQ2Z1pkR1RDMXM2cG51ZVdmZmV4dVJ0dDJtYlQ0SVU3UThwS2ZfNkN1Y0lpcXVVOHFRcFktS09lMW16R0NETnp6YmlCeG9neUtwTUdJd1cxVFRqZ0owZ25GTHpGNWZZRHFVOHRRd3A0eC1tZzBTRWwtVzRuQy1UQmZrQjFVcmpLZjBvUlE4WTNhaDQ0WHlrY3RYWDNTNXNfTkZtWk5pQmRtVEwwTUowVHpQSFJQVGg1NTU1QVFvN0gzeEF2YlBR?oc=5\" target=\"_blank\" rel=\"nofollow noopener\">Condenado un ex alto cargo de Feij\u00f3o a casi 20 a\u00f1os de c\u00e1rcel por un macrofraude de hidrocarburos<\/a>&nbsp;&nbsp;EL PA\u00cdS<\/li>\n<li><a href=\"https:\/\/news.google.com\/rss\/articles\/CBMif0FVX3lxTE5sOFMyVUt3WFJOU1gxRkRxMTlPTzJWaF9GejlaM1VHT1d3V01paU94SGo5MTJWblQ3WFBWVk1GLTJFSWlsMzR4bjNUSE0tTkhfZlA5WXNGNTBnZUxOYndYb3pucGhhT1dNRGxObGdiMEpwb0gxLU1UTTA2eXVTNDDSAX9BVV95cUxPNm5rOHZKRXVjWUhzUm9FNjF4MWhkb21rdmZuVkdRQzBmemdKLTYtN3BUZFo3b2dSclVhMXRLd0ZNUE9ERWo3bktJaDB1dWd0N1d6OExoLUZUVmFoeXAycmdzZXYyR0xGSFUwSEhsUjJCZWY4WmIweEQ2aXJvME5B?oc=5\" target=\"_blank\" rel=\"nofollow noopener\">La Audiencia Nacional impone penas de 16 a\u00f1os de c\u00e1rcel al &#8216;n\u00famero dos&#8217; de Hafesa por el fraude del IVA en gasolinas<\/a>&nbsp;&nbsp;El Mundo<\/li>\n<li><a href=\"https:\/\/news.google.com\/rss\/articles\/CBMirAFBVV95cUxQY0owc3FfWnVJQmwwZXRYbDg0SVhoOHNocXNTMVFyLUZGdkxSZjRlcWk0a1Y4T0FIWmNvb3pWTlEwYnEyUnBDRGtoelpfdG9DQWJGeUlROXZqZlM5ZmdmdkFjRThPYllVSTBndGFrQ19ITDhaZW05clFJMVZTSFV2WUhmN0FRX3liNE9waVdPQy05d04ySHFfNlhubkhkNHdMUG5Zc2pnZ2lQTTMw?oc=5\" target=\"_blank\" rel=\"nofollow noopener\">Condenan por la trama de hidrocarburos a la empresa de Hamlyn, que sigue huido<\/a>&nbsp;&nbsp;El Correo<\/li>\n<\/ol>\n","protected":false},"excerpt":{"rendered":"Doce a\u00f1os de c\u00e1rcel para Norberto Uzal tras defraudar 154 millones con la empresa Hafesa&nbsp;&nbsp;La Voz de Galicia&hellip;\n","protected":false},"author":2,"featured_media":254662,"comment_status":"","ping_status":"","sticky":false,"template":"","format":"standard","meta":{"footnotes":""},"categories":[8],"tags":[6543,17,18,25,24,13,14,11,45456,19,20,9,10,15,16,23,12,21,22,3518,8510],"class_list":{"0":"post-254661","1":"post","2":"type-post","3":"status-publish","4":"format-standard","5":"has-post-thumbnail","7":"category-espana","8":"tag-audiencia-nacional","9":"tag-breaking-news","10":"tag-breakingnews","11":"tag-es","12":"tag-espana","13":"tag-featured-news","14":"tag-featurednews","15":"tag-headlines","16":"tag-iva","17":"tag-latest-news","18":"tag-latestnews","19":"tag-news","20":"tag-noticias","21":"tag-noticias-destacadas","22":"tag-noticiasdestacadas","23":"tag-spain","24":"tag-titulares","25":"tag-ultimas-noticias","26":"tag-ultimasnoticias","27":"tag-vigo-ciudad","28":"tag-xunta-de-galicia"},"share_on_mastodon":{"url":"https:\/\/pubeurope.com\/@es\/115609247816324232","error":""},"_links":{"self":[{"href":"https:\/\/www.europesays.com\/es\/wp-json\/wp\/v2\/posts\/254661","targetHints":{"allow":["GET"]}}],"collection":[{"href":"https:\/\/www.europesays.com\/es\/wp-json\/wp\/v2\/posts"}],"about":[{"href":"https:\/\/www.europesays.com\/es\/wp-json\/wp\/v2\/types\/post"}],"author":[{"embeddable":true,"href":"https:\/\/www.europesays.com\/es\/wp-json\/wp\/v2\/users\/2"}],"replies":[{"embeddable":true,"href":"https:\/\/www.europesays.com\/es\/wp-json\/wp\/v2\/comments?post=254661"}],"version-history":[{"count":0,"href":"https:\/\/www.europesays.com\/es\/wp-json\/wp\/v2\/posts\/254661\/revisions"}],"wp:featuredmedia":[{"embeddable":true,"href":"https:\/\/www.europesays.com\/es\/wp-json\/wp\/v2\/media\/254662"}],"wp:attachment":[{"href":"https:\/\/www.europesays.com\/es\/wp-json\/wp\/v2\/media?parent=254661"}],"wp:term":[{"taxonomy":"category","embeddable":true,"href":"https:\/\/www.europesays.com\/es\/wp-json\/wp\/v2\/categories?post=254661"},{"taxonomy":"post_tag","embeddable":true,"href":"https:\/\/www.europesays.com\/es\/wp-json\/wp\/v2\/tags?post=254661"}],"curies":[{"name":"wp","href":"https:\/\/api.w.org\/{rel}","templated":true}]}}