{"id":254679,"date":"2025-11-25T08:08:12","date_gmt":"2025-11-25T08:08:12","guid":{"rendered":"https:\/\/www.europesays.com\/es\/254679\/"},"modified":"2025-11-25T08:08:12","modified_gmt":"2025-11-25T08:08:12","slug":"un-estudio-alerta-sobre-riesgos-duraderos-en-la-salud-fisica-y-mental-por-trastornos-alimentarios","status":"publish","type":"post","link":"https:\/\/www.europesays.com\/es\/254679\/","title":{"rendered":"Un estudio alerta sobre riesgos duraderos en la salud f\u00edsica y mental por trastornos alimentarios"},"content":{"rendered":"<p><img alt=\"Un estudio revel\u00f3 que los\" class=\"global-image\" decoding=\"async\" fetchpriority=\"high\" height=\"800\" loading=\"eager\" src=\"https:\/\/www.europesays.com\/es\/wp-content\/uploads\/2025\/11\/5IZG2FV2VBBQDPPDTNQBFQOQN4.jpg\" width=\"1200\"\/>Un estudio revel\u00f3 que los trastornos alimentarios elevan dr\u00e1sticamente el riesgo de fallos org\u00e1nicos depresi\u00f3n y muerte prematura incluso a\u00f1os despu\u00e9s del diagn\u00f3stico<\/p>\n<p class=\"paragraph\">(Por Dennis Thompson &#8211; HealthDay News) &#8212; Los <a href=\"https:\/\/www.infobae.com\/tag\/trastornos-alimentarios\/\" target=\"_blank\" rel=\"noreferrer nofollow noopener\" title=\"https:\/\/www.infobae.com\/tag\/trastornos-alimentarios\/\">trastornos alimentarios <\/a>pueden da\u00f1ar la <a href=\"https:\/\/www.infobae.com\/salud\/?gad_source=1&amp;gad_campaignid=20993778607&amp;gbraid=0AAAAADmqXxTQ_gHa-03HlCIc6zhG8LC1M&amp;gclid=EAIaIQobChMIlv61pbeGkQMVDFlIAB0tUSGXEAAYASAAEgJqkvD_BwE\" target=\"_blank\" rel=\"noreferrer nofollow noopener\" title=\"https:\/\/www.infobae.com\/salud\/?gad_source=1&amp;gad_campaignid=20993778607&amp;gbraid=0AAAAADmqXxTQ_gHa-03HlCIc6zhG8LC1M&amp;gclid=EAIaIQobChMIlv61pbeGkQMVDFlIAB0tUSGXEAAYASAAEgJqkvD_BwE\">salud <\/a>f\u00edsica y mental de una persona de formas que perduran durante a\u00f1os, seg\u00fan informa un nuevo estudio.<\/p>\n<p class=\"paragraph\">La <b>anorexia, la bulimia, los atracones y otros trastornos similares <\/b>conllevan un alto riesgo de problemas de salud como<b> diabetes, insuficiencia renal o hep\u00e1tica, fracturas y muerte prematura<\/b>, seg\u00fan los investigadores.<\/p>\n<p class=\"paragraph\">Este riesgo es alt\u00edsimo en el primer a\u00f1o tras el diagn\u00f3stico de un trastorno alimentario, pero puede persistir durante a\u00f1os despu\u00e9s, <a href=\"https:\/\/bmjmedicine.bmj.com\/lookup\/doi\/10.1136\/bmjmed-2025-001438\" target=\"_blank\" rel=\"noreferrer nofollow noopener\" title=\"https:\/\/bmjmedicine.bmj.com\/lookup\/doi\/10.1136\/bmjmed-2025-001438\">informaron <\/a>los investigadores en la revista<b> BMJ Medicine.<\/b><\/p>\n<p><img alt=\"La investigaci\u00f3n mostr\u00f3 que quienes\" class=\"global-image\" decoding=\"async\" fetchpriority=\"low\" height=\"768\" loading=\"lazy\" src=\"https:\/\/www.europesays.com\/es\/wp-content\/uploads\/2025\/11\/V6X3G6BJKZBJNE7XWVFFQWWWMM.png\" width=\"1408\"\/>La investigaci\u00f3n mostr\u00f3 que quienes tienen trastornos alimentarios pueden tener hasta catorce veces m\u00e1s riesgo complicaciones m\u00e9dicas graves (Imagen Ilustrativa Infobae)<\/p>\n<p class=\"paragraph\">\u201cEste estudio pone de manifiesto la importancia de monitorizar continuamente los resultados de salud f\u00edsica a largo plazo en personas con antecedentes de trastornos alimentarios\u201d, concluy\u00f3 el equipo de investigaci\u00f3n liderado por <b>Catharine Morgan<\/b>, epidemi\u00f3loga de la Universidad de Manchester.<\/p>\n<p class=\"paragraph\">Para el estudio, los investigadores <b>analizaron los historiales m\u00e9dicos de m\u00e1s de 24.700 personas de entre 10 y 44 a\u00f1os diagnosticadas con un trastorno alimentario,<\/b> compar\u00e1ndolas con otras 493.000 personas que no ten\u00edan trastornos alimentarios.<\/p>\n<p class=\"paragraph\">Los resultados mostraron que en el primer a\u00f1o tras el diagn\u00f3stico, las personas con trastornos alimentarios eran:<\/p>\n<p><img alt=\"Los trastornos alimentarios afectan diversos\" class=\"global-image\" decoding=\"async\" fetchpriority=\"low\" height=\"1080\" loading=\"lazy\" src=\"https:\/\/www.europesays.com\/es\/wp-content\/uploads\/2025\/11\/UCCHFSNNRBGOTNBWNWQNKMJHVM.jpg\" width=\"1920\"\/>Los trastornos alimentarios afectan diversos \u00f3rganos y aumentan de forma sostenida la probabilidad de insuficiencia renal hep\u00e1tica \u00f3sea card\u00edaca y problemas metab\u00f3licos (Freepik)<\/p>\n<ul data-icon=\"\u2b24\" class=\"list\">\n<li data-icon=\"\u2b24\">Seis veces m\u00e1s probabilidades de sufrir insuficiencia renal. <\/li>\n<li data-icon=\"\u2b24\">Casi 7 veces m\u00e1s probabilidades de desarrollar enfermedad hep\u00e1tica. <\/li>\n<li data-icon=\"\u2b24\">Seis veces m\u00e1s probabilidades de desarrollar osteoporosis. <\/li>\n<li data-icon=\"\u2b24\">El doble de probabilidad de sufrir insuficiencia card\u00edaca.<\/li>\n<li data-icon=\"\u2b24\">Tres veces m\u00e1s probabilidades de desarrollar diabetes.<\/li>\n<li data-icon=\"\u2b24\">Siete veces m\u00e1s probabilidades de tener depresi\u00f3n.<\/li>\n<li data-icon=\"\u2b24\">M\u00e1s de 9 veces m\u00e1s probabilidades de autolesionarse.<\/li>\n<li data-icon=\"\u2b24\">14 veces m\u00e1s probabilidades de intentar suicidarse.<\/li>\n<\/ul>\n<p class=\"paragraph\">En general, las personas con trastornos alimentarios <b>ten\u00edan un riesgo m\u00e1s de cuatro veces mayor de morir prematuramente por cualquier causa, <\/b>y un riesgo cinco veces mayor de morir por causas no naturales como el suicidio.<\/p>\n<p class=\"paragraph\">Algunos de estos riesgos segu\u00edan siendo sustancialmente mayores a\u00f1os despu\u00e9s de ser diagnosticados por trastornos alimentarios, seg\u00fan los investigadores.<\/p>\n<p><img alt=\"Investigadores advirtieron que los efectos\" class=\"global-image\" decoding=\"async\" fetchpriority=\"low\" height=\"682\" loading=\"lazy\" src=\"https:\/\/www.europesays.com\/es\/wp-content\/uploads\/2025\/11\/7M4KBVH32FDIRLQAJDMXJBEBQM.jpg\" width=\"1024\"\/>Investigadores advirtieron que los efectos duraderos de los trastornos alimentarios exigen mayor monitoreo en atenci\u00f3n primaria y una integraci\u00f3n de cuidados a largo plazo<br \/>\n (Europa Press)<\/p>\n<p class=\"paragraph\">Por ejemplo,<b> el riesgo de enfermedad renal y hep\u00e1tica segu\u00eda siendo entre 2,5 y 4 veces mayor tras 5 a\u00f1os, <\/b>seg\u00fan los investigadores, mientras que el riesgo global de muerte prematura segu\u00eda siendo de 2 a 3 veces mayor.<\/p>\n<p class=\"paragraph\">Una d\u00e9cada despu\u00e9s del diagn\u00f3stico, las personas con trastornos alimentarios segu\u00edan muriendo a tasas m\u00e1s altas. Por ejemplo,<b> su riesgo de suicidio se mantuvo casi 3 veces mayor tras 10 a\u00f1os.<\/b><\/p>\n<p class=\"paragraph\">\u201cNuestros datos describen los efectos sustanciales a largo plazo de los trastornos alimentarios y subrayan la oportunidad potencial para que la atenci\u00f3n primaria tenga un papel m\u00e1s importante en ofrecer apoyo y monitorizaci\u00f3n a largo plazo a las personas que se est\u00e1n recuperando de un trastorno alimentario\u201d, escribieron los investigadores.<\/p>\n<p class=\"paragraph\">\u201c<b>Es esencial concienciar a los profesionales sanitarios sobre los efectos duraderos de los trastornos alimentarios<\/b> y la necesidad de apoyo continuo para gestionar los s\u00edntomas actuales y la recuperaci\u00f3n\u201d, concluy\u00f3 el equipo.<\/p>\n<p class=\"paragraph\">En un editorial, investigadores de la Universidad McMaster en Ontario, Canad\u00e1, coincidieron con las conclusiones del equipo. \u201cLos trastornos alimentarios afectan a millones de personas en todo el mundo, pero sus consecuencias est\u00e1n poco reconocidas\u201d, escribieron los editorialistas liderados por <b>Jennifer Couturier, <\/b>profesora de psiquiatr\u00eda y neurociencia conductual en la Universidad McMaster.<\/p>\n<p class=\"paragraph\">\u201cLos trastornos alimentarios afectan m\u00faltiples sistemas de \u00f3rganos, lo que requiere una integraci\u00f3n de cuidados para tratar adecuadamente a los pacientes\u201d, escribi\u00f3 el equipo editorial. \u201cEsta situaci\u00f3n sit\u00faa a los proveedores de atenci\u00f3n primaria en una posici\u00f3n ideal para liderar y coordinar su atenci\u00f3n, y sugiere que los entornos de atenci\u00f3n primaria ser\u00edan adecuados para la intervenci\u00f3n temprana y continua\u201d, agreg\u00f3.<\/p>\n<p class=\"paragraph\"><b>M\u00e1s informaci\u00f3n: <\/b>La Asociaci\u00f3n Americana de Psiquiatr\u00eda tiene m\u00e1s informaci\u00f3n sobre los trastornos alimentarios. <b>FUENTES<\/b>: BMJ, nota de prensa, 18 de noviembre de 2025; BMJ Medicine, 18 de noviembre de 2025<\/p>\n<p class=\"paragraph\"><b>* Dennis Thompson HealthDay Reporters \u00a9The New York Times 2025<\/b><\/p>\n","protected":false},"excerpt":{"rendered":"Un estudio revel\u00f3 que los trastornos alimentarios elevan dr\u00e1sticamente el riesgo de fallos org\u00e1nicos depresi\u00f3n y muerte prematura&hellip;\n","protected":false},"author":2,"featured_media":107759,"comment_status":"","ping_status":"","sticky":false,"template":"","format":"standard","meta":{"footnotes":""},"categories":[92],"tags":[21247,4251,64180,55548,53233,25,24,7900,4475,165,6026,166,23,64181,12489],"class_list":{"0":"post-254679","1":"post","2":"type-post","3":"status-publish","4":"format-standard","5":"has-post-thumbnail","7":"category-salud","8":"tag-alimentacion-saludable","9":"tag-bienestar","10":"tag-comida-fresca","11":"tag-dieta-equilibrada","12":"tag-ensalada","13":"tag-es","14":"tag-espana","15":"tag-estilo-de-vida","16":"tag-gastronomia","17":"tag-health","18":"tag-nutricion","19":"tag-salud","20":"tag-spain","21":"tag-tendencia-alimentaria","22":"tag-verduras"},"share_on_mastodon":{"url":"https:\/\/pubeurope.com\/@es\/115609318783427485","error":""},"_links":{"self":[{"href":"https:\/\/www.europesays.com\/es\/wp-json\/wp\/v2\/posts\/254679","targetHints":{"allow":["GET"]}}],"collection":[{"href":"https:\/\/www.europesays.com\/es\/wp-json\/wp\/v2\/posts"}],"about":[{"href":"https:\/\/www.europesays.com\/es\/wp-json\/wp\/v2\/types\/post"}],"author":[{"embeddable":true,"href":"https:\/\/www.europesays.com\/es\/wp-json\/wp\/v2\/users\/2"}],"replies":[{"embeddable":true,"href":"https:\/\/www.europesays.com\/es\/wp-json\/wp\/v2\/comments?post=254679"}],"version-history":[{"count":0,"href":"https:\/\/www.europesays.com\/es\/wp-json\/wp\/v2\/posts\/254679\/revisions"}],"wp:featuredmedia":[{"embeddable":true,"href":"https:\/\/www.europesays.com\/es\/wp-json\/wp\/v2\/media\/107759"}],"wp:attachment":[{"href":"https:\/\/www.europesays.com\/es\/wp-json\/wp\/v2\/media?parent=254679"}],"wp:term":[{"taxonomy":"category","embeddable":true,"href":"https:\/\/www.europesays.com\/es\/wp-json\/wp\/v2\/categories?post=254679"},{"taxonomy":"post_tag","embeddable":true,"href":"https:\/\/www.europesays.com\/es\/wp-json\/wp\/v2\/tags?post=254679"}],"curies":[{"name":"wp","href":"https:\/\/api.w.org\/{rel}","templated":true}]}}