{"id":254680,"date":"2025-11-25T08:09:09","date_gmt":"2025-11-25T08:09:09","guid":{"rendered":"https:\/\/www.europesays.com\/es\/254680\/"},"modified":"2025-11-25T08:09:09","modified_gmt":"2025-11-25T08:09:09","slug":"la-reivindicacion-de-los-ultimos-invitados-de-la-revuelta-a-broncano-con-mensaje-para-felipe-vi-ojala-pasara-por-alli","status":"publish","type":"post","link":"https:\/\/www.europesays.com\/es\/254680\/","title":{"rendered":"La reivindicaci\u00f3n de los \u00faltimos invitados de &#8216;La revuelta&#8217; a Broncano con mensaje para Felipe VI: \u00abOjal\u00e1 pasara por all\u00ed\u00bb"},"content":{"rendered":"\n<ul class=\"bodyList bodyList--unordered\">\n<li class=\"bodyList__item\"><a href=\"https:\/\/www.elconfidencial.com\/television\/programas-tv\/2025-11-24\/david-broncano-la-revuelta-indignado-situacion-invitados_4253964\/\" target=\"_self\" rel=\"nofollow noopener\">\u00abEs escandaloso\u00bb: David Broncano, muy indignado en &#8216;La revuelta&#8217; por la alarmante situaci\u00f3n de sus invitados<\/a><\/li>\n<li class=\"bodyList__item\"><a href=\"https:\/\/www.elconfidencial.com\/television\/programas-tv\/2025-11-25\/pablo-motos-el-hormiguero-lapsus-alex-marquez-la-he-cagado_4253968\/\" target=\"_self\" rel=\"nofollow noopener\">\u00abLa he cagado\u00bb: Pablo Motos corta &#8216;El hormiguero&#8217; por un \u00abimperdonable\u00bb &#8216;lapsus&#8217; con \u00c1lex M\u00e1rquez<\/a><\/li>\n<\/ul>\n<p> La revuelta quiso jugar fuerte este lunes. Mientras El hormiguero <a href=\"https:\/\/www.elconfidencial.com\/television\/programas-tv\/2025-11-25\/pablo-motos-el-hormiguero-lapsus-alex-marquez-la-he-cagado_4253968\/\" target=\"_self\" rel=\"nofollow noopener\">recib\u00eda a \u00c1lex M\u00e1rquez<\/a> con toda la artiller\u00eda de la noche, <strong>David Broncano apost\u00f3 por una visita que llevaba la conversaci\u00f3n a otro sitio:<\/strong> el Teatro Pr\u00edncipe Gran V\u00eda se abri\u00f3 a<strong> Toni, Sulami y Chule,<\/strong> tres de los protagonistas de <strong>Ciudad sin sue\u00f1o,<\/strong> la nueva pel\u00edcula de Guillermo Galoe, en la que ha participado RTVE. Su presencia no solo fue una defensa del cine espa\u00f1ol en pleno prime time, sino tambi\u00e9n un altavoz directo para la vida en la Ca\u00f1ada Real, donde est\u00e1 rodada la pel\u00edcula <\/p>\n<p> Desde el primer momento, Broncano dej\u00f3 claro qui\u00e9nes eran y por qu\u00e9 estaban all\u00ed: no actores profesionales, sino vecinos del Sector 6, <strong>\u201cpersonas que se intentan buscar la vida d\u00eda a d\u00eda\u201d<\/strong> trabajando. Una introducci\u00f3n sencilla que sirvi\u00f3 para poner en contexto lo que despu\u00e9s ser\u00eda una entrevista llena de humor, orgullo y una reivindicaci\u00f3n muy concreta:<strong> la de un barrio que lleva m\u00e1s de cinco a\u00f1os viviendo con cortes de luz.<\/strong> <\/p>\n<blockquote class=\"twitter-tweet\">\n<p lang=\"es\" dir=\"ltr\">Seis a\u00f1os sin luz en La Ca\u00f1ada Real<\/p>\n<p>En octubre de 2020 se apag\u00f3 la luz en la Ca\u00f1ada. Seis a\u00f1os sin sumunistro donde m\u00e1s de 4.500 personas trata de sobrevivir. Casi la mitad son menores. <a href=\"https:\/\/twitter.com\/hashtag\/Larevuelta?src=hash&amp;ref_src=twsrc%5Etfw\" rel=\"nofollow noopener\" target=\"_blank\">#Larevuelta<\/a> <a href=\"https:\/\/t.co\/HCk2QruM5m\" rel=\"nofollow\">pic.twitter.com\/HCk2QruM5m<\/a><\/p>\n<p>\u2014 La Revuelta (@LaRevuelta_TVE) <a href=\"https:\/\/twitter.com\/LaRevuelta_TVE\/status\/1993073389502619969?ref_src=twsrc%5Etfw\" rel=\"nofollow noopener\" target=\"_blank\">November 24, 2025<\/a><\/p><\/blockquote>\n<p> La charla se fue calentando cuando el presentador pregunt\u00f3 por las instituciones y por si alguna autoridad hab\u00eda pasado por la zona. Ah\u00ed lleg\u00f3 el dardo que ha terminado siendo el titular de la noche. Al ser preguntados por la Casa Real y si el rey Felipe VI hab\u00eda visitado la zona, los tres fueron tajantes. \u201cOjal\u00e1 se pasaran por all\u00ed y vieran lo que estamos pasando\u201d, expresaron alto y claro. Sulami insisti\u00f3 en la idea- \u201cNos queremos hacer ver\u201d, explic\u00f3, haciendo referencia al sentido de la pel\u00edcula, que est\u00e1 siendo \u201cmuy bien recibida, no solo por los gitanos, tambi\u00e9n por los payos y todas las etnias\u201d.  <\/p>\n<p> Chule, sin embargo, prefiri\u00f3 rematar con una broma que alivi\u00f3 la tensi\u00f3n, sin restarle fuerza a lo dicho. <strong>\u201cEl padre yo creo que s\u00ed habr\u00e1 ido alguna vez\u201d, <\/strong>sentenci\u00f3 haciendo referencia a Juan Carlos I y desatando las risas del p\u00fablico.  <\/p>\n<p> Broncano, fiel a su estilo, llev\u00f3 despu\u00e9s la conversaci\u00f3n a la necesidad de hablar del cine como herramienta para contar lo que se vive all\u00ed. Los invitados lo compararon con la intervenci\u00f3n reciente de <strong>Motaz Malhees y Saja Kilani,<\/strong> dos actores palestinos que tambi\u00e9n hablaron en el programa del poder cultural para romper silencios. Toni, Sulami y Chule quisieron subrayar que Ciudad sin sue\u00f1o <strong>\u201cno es un documental\u201d, <\/strong>sino una pel\u00edcula basada en hechos reales. Es decir, ficci\u00f3n pegada a la tierra, con actores que interpretan su propia vida. <\/p>\n<p>              <img decoding=\"async\" class=\"inTextNews__img\" alt=\"Foto: Kimberly Tell es la reina Victoria Eugenia en 'ENA'. (TVE)\" src=\"https:\/\/www.europesays.com\/es\/wp-content\/uploads\/2025\/11\/f.elconfidencial.com\/original\/2ce\/ed1\/05d\/2ceed105dc117618e9bdfa7c558604f2.jpg\"  \/>     <\/p>\n<p>TE PUEDE INTERESAR<\/p>\n<p>      <a class=\"inTextNews__title\" href=\"https:\/\/www.elconfidencial.com\/television\/programas-tv\/2025-11-25\/audiencias-24-noviembre-2025-estreno-ena_4253996\/\" onclick=\"window.ECCO.emit(&#039;amplitude&#039;, { dataEventName: &#039;click_related_article_module&#039;, data: { related_article_url: &#039;https:\/\/www.elconfidencial.com\/television\/programas-tv\/2025-11-25\/audiencias-24-noviembre-2025-estreno-ena_4253996\/&#039;, related_article_author: &#039;Xabier Migelez&#039;, related_article_section: &#039;programas-tv&#039; } })\" rel=\"nofollow noopener\" target=\"_blank\"> Audiencias TV | La serie &#8216;ENA&#8217; se estrena con gran \u00e9xito en La 1, mientras que &#8216;La isla de las tentaciones&#8217; se dispara con un nuevo r\u00e9cord <\/a>   <\/p>\n<p>    Xabier Migelez   <\/p>\n<p> Toni fue el m\u00e1s lanzado en ese terreno. Con 17 a\u00f1os, se mostr\u00f3 orgulloso de estar delante de la c\u00e1mara y de hacerlo sin complejos. <strong>\u201cIgual que Antonio Banderas hizo de mariachi, nosotros hacemos <\/strong><strong>Ciudad sin sue\u00f1o<\/strong><strong>\u201d.<\/strong> Su referencia es clara y hasta le mand\u00f3 un mensaje directo al malague\u00f1o. \u201cMe tienes que ver, t\u00edo, que somos tocayos\u201d, lanz\u00f3. Tambi\u00e9n cont\u00f3 la \u201ccondici\u00f3n\u201d que le puso a Galoe para aceptar el papel. \u201cSi la pel\u00edcula no va a Cannes, no la hago\u201d. Y fue a Cannes: all\u00ed gan\u00f3 el premio de la Sociedad de Autores y Compositores Dram\u00e1ticos de la Semana de la Cr\u00edtica. <strong>\u201cNos trataron muy bien y la pel\u00edcula fue un \u00e9xito\u201d, <\/strong>recordaron en plat\u00f3. <\/p>\n<p> Bilal, otro de los protagonistas, intervino desde el palco para ponerle una postal m\u00e1s ligera a la experiencia festivalera: habl\u00f3 de la fiesta posterior, \u201cuna locura\u201d, con piscina incluida y gente tir\u00e1ndose al agua \u201caunque lloviera\u201d. Toni, sin embargo, se perdi\u00f3 la celebraci\u00f3n por un motivo de pel\u00edcula dentro de la pel\u00edcula: coincid\u00eda con su boda. <strong>\u201cYa me he divorciado\u201d,<\/strong> solt\u00f3. Con el dinero del rodaje se compr\u00f3 <strong>\u201cuna moto y una cadena de oro\u201d,<\/strong> cont\u00f3 sin darle m\u00e1s importancia, y dej\u00f3 claro que, aunque el cine le ha abierto una puerta, de momento seguir\u00e1 con la chatarra. Lo mismo Chule, primo de su padre, que tambi\u00e9n se ve en su trabajo diario, por ahora, como parte de su vida. <\/p>\n<p> <strong>Ciudad sin sue\u00f1o<\/strong> acompa\u00f1a a Toni, un chico de 15 a\u00f1os, en ese mismo entorno. Vive en la Ca\u00f1ada Real, orgulloso de su familia de chatarreros, y sigue a su abuelo mientras los derribos se acercan. En noches sin electricidad, con leyendas de infancia que se cuelan en la oscuridad, el protagonista tiene que elegir entre un futuro incierto o aferrarse a un mundo que se apaga. La pel\u00edcula, como ellos mismos explicaron, no busca dar pena sino mostrar que all\u00ed <strong>\u201chay personas con sus vidas y sus problemas. Somos personas y nos tienen que ver\u201d.<\/strong> <\/p>\n<p>         <script async src=\"https:\/\/platform.twitter.com\/widgets.js\" charset=\"utf-8\"><\/script><\/p>\n","protected":false},"excerpt":{"rendered":"\u00abEs escandaloso\u00bb: David Broncano, muy indignado en &#8216;La revuelta&#8217; por la alarmante situaci\u00f3n de sus invitados \u00abLa he&hellip;\n","protected":false},"author":2,"featured_media":254681,"comment_status":"","ping_status":"","sticky":false,"template":"","format":"standard","meta":{"footnotes":""},"categories":[91],"tags":[146,147,25,24,23],"class_list":{"0":"post-254680","1":"post","2":"type-post","3":"status-publish","4":"format-standard","5":"has-post-thumbnail","7":"category-entretenimiento","8":"tag-entertainment","9":"tag-entretenimiento","10":"tag-es","11":"tag-espana","12":"tag-spain"},"share_on_mastodon":{"url":"https:\/\/pubeurope.com\/@es\/115609322438348550","error":""},"_links":{"self":[{"href":"https:\/\/www.europesays.com\/es\/wp-json\/wp\/v2\/posts\/254680","targetHints":{"allow":["GET"]}}],"collection":[{"href":"https:\/\/www.europesays.com\/es\/wp-json\/wp\/v2\/posts"}],"about":[{"href":"https:\/\/www.europesays.com\/es\/wp-json\/wp\/v2\/types\/post"}],"author":[{"embeddable":true,"href":"https:\/\/www.europesays.com\/es\/wp-json\/wp\/v2\/users\/2"}],"replies":[{"embeddable":true,"href":"https:\/\/www.europesays.com\/es\/wp-json\/wp\/v2\/comments?post=254680"}],"version-history":[{"count":0,"href":"https:\/\/www.europesays.com\/es\/wp-json\/wp\/v2\/posts\/254680\/revisions"}],"wp:featuredmedia":[{"embeddable":true,"href":"https:\/\/www.europesays.com\/es\/wp-json\/wp\/v2\/media\/254681"}],"wp:attachment":[{"href":"https:\/\/www.europesays.com\/es\/wp-json\/wp\/v2\/media?parent=254680"}],"wp:term":[{"taxonomy":"category","embeddable":true,"href":"https:\/\/www.europesays.com\/es\/wp-json\/wp\/v2\/categories?post=254680"},{"taxonomy":"post_tag","embeddable":true,"href":"https:\/\/www.europesays.com\/es\/wp-json\/wp\/v2\/tags?post=254680"}],"curies":[{"name":"wp","href":"https:\/\/api.w.org\/{rel}","templated":true}]}}