{"id":254687,"date":"2025-11-25T08:14:10","date_gmt":"2025-11-25T08:14:10","guid":{"rendered":"https:\/\/www.europesays.com\/es\/254687\/"},"modified":"2025-11-25T08:14:10","modified_gmt":"2025-11-25T08:14:10","slug":"becas-de-practicas-fundacion-once-crue","status":"publish","type":"post","link":"https:\/\/www.europesays.com\/es\/254687\/","title":{"rendered":"Becas de pr\u00e1cticas FUNDACI\u00d3N ONCE-CRUE"},"content":{"rendered":"\n<p>\t\t\t\t\t\t<img decoding=\"async\" class=\"w-full object-cover aspect-video\" src=\"https:\/\/www.europesays.com\/es\/wp-content\/uploads\/2025\/11\/5c3d0dce-2d84-d4e3-327c-272da887d392\" data-fileentryid=\"290326\" alt=\"\"\/><\/p>\n<p lang=\"ES-ES\" xml:lang=\"ES-ES\"><strong>Periodo de inscripci\u00f3n: H<\/strong>asta el 10 de diciembre de 2025.\u00a0<\/p>\n<p lang=\"ES-ES\" xml:lang=\"ES-ES\"><strong>Periodo de Pr\u00e1cticas:<\/strong>\u00a0De 1 de enero de 2026 hasta 31 de diciembre de 2026.\u00a0<\/p>\n<p lang=\"ES-ES\" xml:lang=\"ES-ES\">Fundacion\u00a0ONCE pone en marcha la X edici\u00f3n del programa de becas de pr\u00e1cticas FUNDACI\u00d3N ONCE-CRUE para el curso acad\u00e9mico 2025-2026. El programa ofrece la oportunidad de que el estudiantado universitario con discapacidad realice pr\u00e1cticas acad\u00e9micas externas remuneradas.\u00a0\u00a0<\/p>\n<p lang=\"ES-ES\" xml:lang=\"ES-ES\"><strong>Requisitos:\u00a0<\/strong>Estudiantes con una discapacidad legalmente reconocida con al menos\u00a0un 33%, matriculados en las Universidades espa\u00f1olas seleccionadas en la convocatoria. Cada Universidad participante realizar\u00e1 la selecci\u00f3n del alumnado becado de su universidad.\u00a0<\/p>\n<p lang=\"ES-ES\" xml:lang=\"ES-ES\"><strong>Duraci\u00f3n de las pr\u00e1cticas:<\/strong>\u00a03 meses.\u00a0<\/p>\n<p lang=\"ES-ES\" xml:lang=\"ES-ES\"><strong>Cuant\u00eda:\u00a0<\/strong>1800\u20ac. 600\u20ac\/mes.\u00a0<\/p>\n<p lang=\"ES-ES\" xml:lang=\"ES-ES\">El desarrollo del proyecto cuenta con <strong>dos fases:\u00a0<\/strong><\/p>\n<p lang=\"ES-ES\" xml:lang=\"ES-ES\">Fase 1:\u00a0<\/p>\n<p lang=\"ES-ES\" xml:lang=\"ES-ES\">SOLICITUD DE BECAS POR PARTE DE LAS UNIVERSIDADES\u00a0<\/p>\n<p lang=\"ES-ES\" xml:lang=\"ES-ES\">Selecci\u00f3n de las operaciones,\u00a0de acuerdo con las bases de la convocatoria dirigida a las Universidades espa\u00f1olas asociadas a CRUE y los t\u00e9rminos y condiciones legales establecidas en las bases.\u00a0<\/p>\n<p lang=\"ES-ES\" xml:lang=\"ES-ES\">Plazo de presentaci\u00f3n de solicitudes por parte de las Universidades:\u00a0Abierto desde el 08\/07\/2025 hasta el 05\/09\/2025.\u00a0<\/p>\n<p lang=\"ES-ES\" xml:lang=\"ES-ES\">Fase 2:\u00a0SELECCI\u00d3N DE PERSONAS BECADAS\u00a0<\/p>\n<p lang=\"ES-ES\" xml:lang=\"ES-ES\">Los\/as estudiantes pueden solicitar la beca en este portal hasta el 10 de diciembre de 2025.\u00a0<\/p>\n<p lang=\"ES-ES\" xml:lang=\"ES-ES\">Posteriormente las universidades seleccionar\u00e1n a las personas becadas, seg\u00fan los criterios descritos en la convocatoria.\u00a0<\/p>\n<p lang=\"ES-ES\" xml:lang=\"ES-ES\">Las pr\u00e1cticas se pueden realizar desde el 1 de enero de 2026 hasta el 31 de diciembre de 2026.\u00a0<\/p>\n<p lang=\"ES-ES\" xml:lang=\"ES-ES\">Convocatoria 2025\/2026\u00a0<\/p>\n<p><img decoding=\"async\" alt=\"Descarga documento en formato pdf\" src=\"data:image\/png;base64,iVBORw0KGgoAAAANSUhEUgAAACcAAAAjCAYAAAAXMhMjAAAAAXNSR0IArs4c6QAAAARnQU1BAACxjwv8YQUAAAAJcEhZcwAACvAAAArwAUKsNJgAAAPdSURBVFhHtZhbiE1RHMbPuDWDkcugpiG5TS6FkOTOg3J5kbtQPJDiQR4GEfMyGXkYTyikJEnGJSEzbvFAJqTMTCmmMUPGZQpjhuH4fWvvVcecuay9z56vfv33Xmuvvb+z1tr\/tfZJi8fjsSFbd0+PxWJ3IB2CqhmmVh8reO6dRqe0nC15s4kn4CfUqjCABsEUeAqzMah7RCaZ+0F8y43HeUXuoscXEi5CA1Rwjzkqj0pdoCe8NmfB1Rc0rDNgGmbPqDAqyZzUzY9h1Jse04+TwQ0Y3GdKI5A1l+bHMIpjKB2DZRyvgnzO15maFGXNpaK4H2MYvEDYA2cxONMUpqBUzXX1Y5MfZbCAcAruY3C4KQypVM3VQQ8Yac58YXAz4RqUYlDpJpRSNXcPHkE5JsoSeELZCBgGeRBKKZmjh34T5sMu0Ath0WrxAN5BfwglJWFN6Bs8aJFXFJ3owRJCHfde45UEUyhzPNS+CB3pLmhJdEotePjjHxo5m8OQNgWHYDVkqsxBGX50XXO\/gt70\/fiJO5nDWHeCJv4YUKqoBhf9AiV4tXfRKNgLl5ZnNK5wNbedcBSyue69Kewk8SxtQF5Ckau524QmrlninytFaJjtsldvTVOnoRwCygSq1\/2rqDdDS\/1ggjYMLTNFA9dU6YBrtLec55pKlGi\/eYdGN6EcXvnUcsMiojQJKsHWK9ZQr+2VlA8VYNtazoGVtmDOeU6\/PvHafnAYxvqshB2+ge8gzQLVjYerUEy97qEtmjantq1lLViZEQmyVUrcuahdJcOgXpG0Qijhattke+AF9aa3qTtA2Agazr\/wJaFtawpsLlHq9gU8VG+jpKHMgWKw6UM9ZKeCLVPPNcJQ2q43JZ6eY1YvwX9yHdaW0kOXw3EfDesmHvCM2Afakz4LlDJsW7EYkhTWXBYoHykZZ2IqB06rog1pKy9puDRfH4Jp66PknqSw5vSQZgz9EV5Rkj75UdKPkZRO9My4beujFy5JQcwl3kBDZ+dRS9kX5wzz6gSc5Fh58i4m9Car53pDezLPcjWnhT6xh66Acllr+gi3IBcmwwTQvFoK0mPQhqA96Y12W\/j59ecJuVyjt7LTxfOUlLNce07r6kQabfNOO0eFhYUydpDD0bAmyJZpJ+EIfAB9O7ioHtQBHaUXq2wYACvwc9HZnIRB7RiWgetHixKtcuJlc9axtMpcwMsbcyZzcF3\/NkUN9y2B063VuWDnnE2SUUv37+UdBpcaa53877szQunz8LN3GFyac\/b\/OS3INSqMSJrcA2EucyjUv1iJ\/2yWQltZP4z0YxdhrKOE24ZisX\/xWsifAoyvZwAAAABJRU5ErkJggg==\"\/><\/p>\n<p lang=\"ES-ES\" xml:lang=\"ES-ES\"><a href=\"https:\/\/becas.fundaciononce.es\/doc\/CONVOCATORIA%20BECAS%20CRUE%20X%20Edicio%CC%81n%2025-26%20DEF.pdf\" rel=\"noreferrer noopener nofollow\" target=\"_blank\">\u00a0Bases de la Convocatoria<\/a>\u00a0<\/p>\n","protected":false},"excerpt":{"rendered":"Periodo de inscripci\u00f3n: Hasta el 10 de diciembre de 2025.\u00a0 Periodo de Pr\u00e1cticas:\u00a0De 1 de enero de 2026&hellip;\n","protected":false},"author":2,"featured_media":254688,"comment_status":"","ping_status":"","sticky":false,"template":"","format":"standard","meta":{"footnotes":""},"categories":[5],"tags":[56097,17,18,25,24,13,14,11,19,20,9,10,15,16,23,12,10351,21,22],"class_list":{"0":"post-254687","1":"post","2":"type-post","3":"status-publish","4":"format-standard","5":"has-post-thumbnail","7":"category-titulares","8":"tag-becas-y-ayudas-al-estudio","9":"tag-breaking-news","10":"tag-breakingnews","11":"tag-es","12":"tag-espana","13":"tag-featured-news","14":"tag-featurednews","15":"tag-headlines","16":"tag-latest-news","17":"tag-latestnews","18":"tag-news","19":"tag-noticias","20":"tag-noticias-destacadas","21":"tag-noticiasdestacadas","22":"tag-spain","23":"tag-titulares","24":"tag-todos-los-temas","25":"tag-ultimas-noticias","26":"tag-ultimasnoticias"},"share_on_mastodon":{"url":"https:\/\/pubeurope.com\/@es\/115609342382233424","error":""},"_links":{"self":[{"href":"https:\/\/www.europesays.com\/es\/wp-json\/wp\/v2\/posts\/254687","targetHints":{"allow":["GET"]}}],"collection":[{"href":"https:\/\/www.europesays.com\/es\/wp-json\/wp\/v2\/posts"}],"about":[{"href":"https:\/\/www.europesays.com\/es\/wp-json\/wp\/v2\/types\/post"}],"author":[{"embeddable":true,"href":"https:\/\/www.europesays.com\/es\/wp-json\/wp\/v2\/users\/2"}],"replies":[{"embeddable":true,"href":"https:\/\/www.europesays.com\/es\/wp-json\/wp\/v2\/comments?post=254687"}],"version-history":[{"count":0,"href":"https:\/\/www.europesays.com\/es\/wp-json\/wp\/v2\/posts\/254687\/revisions"}],"wp:featuredmedia":[{"embeddable":true,"href":"https:\/\/www.europesays.com\/es\/wp-json\/wp\/v2\/media\/254688"}],"wp:attachment":[{"href":"https:\/\/www.europesays.com\/es\/wp-json\/wp\/v2\/media?parent=254687"}],"wp:term":[{"taxonomy":"category","embeddable":true,"href":"https:\/\/www.europesays.com\/es\/wp-json\/wp\/v2\/categories?post=254687"},{"taxonomy":"post_tag","embeddable":true,"href":"https:\/\/www.europesays.com\/es\/wp-json\/wp\/v2\/tags?post=254687"}],"curies":[{"name":"wp","href":"https:\/\/api.w.org\/{rel}","templated":true}]}}