{"id":254695,"date":"2025-11-25T08:24:13","date_gmt":"2025-11-25T08:24:13","guid":{"rendered":"https:\/\/www.europesays.com\/es\/254695\/"},"modified":"2025-11-25T08:24:13","modified_gmt":"2025-11-25T08:24:13","slug":"si-hubiera-muerto-lo-habria-sentido","status":"publish","type":"post","link":"https:\/\/www.europesays.com\/es\/254695\/","title":{"rendered":"Si hubiera muerto, lo habr\u00eda sentido"},"content":{"rendered":"<p id=\"eQBuUprgQb\" data-wc=\"92\">Durante los \u00faltimos meses, son cada vez m\u00e1s los rostros conocidos que se animan a publicar sus memorias. La \u00faltima biograf\u00eda que conocemos, y que ver\u00e1 la luz ma\u00f1ana, martes 25 de noviembre, es la de Romina Power en Italia, titulada <strong>\u00abPensieri profondamente semplici. L&#8217;abbecedario della mia vita\u00bb &#8211;\u00a0<\/strong>Pensamientos profundamente simples. El abecedario de mi vida,\u00a0en espa\u00f1ol\u00a0-. En sus p\u00e1ginas, la artista recorre los momentos m\u00e1s dif\u00edciles y complejos de su vida, abordando temas como <strong>la dolorosa desaparici\u00f3n de su hija Ylenia y su relaci\u00f3n con Al Bano Carrisi.\u00a0<\/strong><\/p>\n<p> <img src=\"https:\/\/www.europesays.com\/es\/wp-content\/uploads\/2025\/11\/030489ac00fb-dlu580308012.jpg\"   width=\"1024\" height=\"682\" loading=\"lazy\" decoding=\"async\" alt=\"Romina Power ha concedido una entrevista\" fetchpriority=\"auto\" class=\"image ho-image\"\/>\u00a9 GTRESRomina Power ha concedido una entrevista<\/p>\n<p id=\"eqL_3sl1wG\" data-wc=\"94\">Romina Power no ha escogido esta fecha de publicaci\u00f3n de manera casual: el 29 de noviembre se cumplir\u00e1n 55 a\u00f1os del nacimiento de su hija Ylenia, en la Villa del Rosario de Roma. Con motivo del lanzamiento de sus memorias, la cantante ha concedido una entrevista al prestigioso Corriere della Sera, en la que ha adelantado algunos de los pasajes m\u00e1s delicados de su libro y ha explicado qu\u00e9 pueden esperar los lectores. <strong>\u00abHa llegado el momento de dar mi versi\u00f3n, sin que nadie me atribuya palabras que nunca he pronunciado\u00bb,\u00a0<\/strong>ha comenzado declarando.<\/p>\n<p id=\"euO6gcC-rG\" data-wc=\"55\">Durante la entrevista con el citado medio ha confesado que tras la desaparici\u00f3n de su hija hubo algunos peri\u00f3dicos que le causaron un gran sufrimiento: \u00abBueno, en Mil\u00e1n hab\u00eda un peri\u00f3dico llamado La Notte. Ten\u00eda un titular enorme en portada: &#8216;<strong>Ylenia ha muerto&#8217;. Sin pruebas, sin nada. Pero \u00bfc\u00f3mo debe sentirse una madre con esperanza?\u00bb.<\/strong><strong>\u00a0<\/strong><\/p>\n<p> <img src=\"https:\/\/www.europesays.com\/es\/wp-content\/uploads\/2025\/11\/ca6156290762-dla00027256.jpg\"   width=\"649\" height=\"1024\" loading=\"lazy\" decoding=\"async\" alt=\"Publica sus memorias: 'Pensieri profondamente semplici. L'abbecedario della mia vita'\" fetchpriority=\"auto\" class=\"image ho-image\"\/>\u00a9 GTRESPublica sus memorias: &#8216;Pensieri profondamente semplici. L&#8217;abbecedario della mia vita&#8217;<\/p>\n<p> <img src=\"https:\/\/www.europesays.com\/es\/wp-content\/uploads\/2025\/11\/e982f840a576-gettyimages-1224565711.jpg\"   width=\"1018\" height=\"1024\" loading=\"lazy\" decoding=\"async\" alt=\"v\" fetchpriority=\"auto\" class=\"image ho-image\"\/>Romina Power y su hija, Ylenia Carrisi<\/p>\n<p id=\"emiej_IgEA\" data-wc=\"95\">Tal y como la propia artista ha confesado, que dieran por muerta a su hija no fue lo \u00fanico que tuvo que escuchar o leer: \u00abTambi\u00e9n dijeron que manten\u00edamos a Ylenia escondida en casa solo para ganar publicidad. Por no hablar de las historias falsas sobre mi hija: que consum\u00eda drogas, que hab\u00eda decidido tirarse al r\u00edo Misisipi sola. Pero Ylenia era curiosa, brillante y estaba a solo un examen de graduarse del King&#8217;s College. Y sab\u00eda nadar. Nunca cre\u00ed la historia del cuidador del Acuario, que dec\u00eda haberla visto: su descripci\u00f3n no era fiable\u00bb.<\/p>\n<p id=\"ef-DAVRlD3\" data-wc=\"74\">De hecho, durante la entrevista, Romina Power ha querido despejar todas las dudas y dejar claro que cree que su hija sigue viva:<strong>\u00a0\u00abUna madre lleva un cord\u00f3n umbilical invisible con los hijos que da a luz: si Ylenia hubiera muerto, lo habr\u00eda sentido. Necesitamos una fundaci\u00f3n para las ni\u00f1as desaparecidas, para demostrarles que no las hemos olvidado, que seguimos esperando volver a verlas y que nunca hemos dejado de amarlas ni de buscarlas\u00bb.<\/strong><\/p>\n<p> <img src=\"https:\/\/www.europesays.com\/es\/wp-content\/uploads\/2025\/11\/7385960df2b6-dlu1993010104001.jpg\"   width=\"712\" height=\"1024\" loading=\"lazy\" decoding=\"async\" alt=\"Romina Power ha hablado como nunca de los momentos m\u00e1s duros de su vida\" fetchpriority=\"auto\" class=\"image ho-image\"\/>\u00a9 GTRESRomina Power ha hablado como nunca de los momentos m\u00e1s duros de su vida<\/p>\n<p id=\"eC69ukiTC0\" data-wc=\"148\">Tambi\u00e9n ha querido destacar el papel de<strong>\u00a0Sophia Loren tras la tragedia familiar:\u00a0<\/strong>\u00abNo puedo olvidar su llamada. Se ech\u00f3 a llorar; estuvo ah\u00ed para m\u00ed como una madre para su madre. Nos quedamos en Nueva Orleans casi un mes, y luego <a class=\"hm-link ho-link\" href=\"https:\/\/www.corriere.it\/sette\/incontri\/21_dicembre_20\/romina-power-io-vorrei-rivivere-giorno-ylenia-780fbf4c-60af-11ec-94e5-d59794d52fbf.shtml\" rel=\"nofollow noopener\" data-mrf-recirculation=\"article-body-link\" target=\"_blank\">Al Bano insisti\u00f3 en volver<\/a> : ten\u00eda compromisos de trabajo\u00bb, ha contado antes de destacar la relaci\u00f3n de su hija con su hermano: <strong>\u00abYlenia y Yari eran muy unidos<\/strong>. \u00c9l lleg\u00f3 a Belice al d\u00eda siguiente de la partida de Ylenia: quer\u00eda darle una sorpresa. Despu\u00e9s, regres\u00f3 a Luisiana varias veces para buscar pistas. De peque\u00f1os, siempre llev\u00e1bamos a los ni\u00f1os de gira. En Espa\u00f1a, en verano, a veces dorm\u00edamos bajo las estrellas, porque quiz\u00e1 no hab\u00eda sitio en los hoteles. Y nuestro coche, que era una camioneta, se convirti\u00f3 en una cabina: algunos dorm\u00edan en el techo, otros en el cap\u00f3 o en los asientos\u00bb.<\/p>\n<p> <img src=\"https:\/\/www.europesays.com\/es\/wp-content\/uploads\/2025\/11\/379d4cb858c7-dlu580308016.jpg\"   width=\"1024\" height=\"683\" loading=\"lazy\" decoding=\"async\" alt=\"Al Bano y Romina Power en una fotograf\u00eda de archivo\" fetchpriority=\"auto\" class=\"image ho-image\"\/>\u00a9 GTRESAl Bano y Romina Power en una fotograf\u00eda de archivo<\/p>\n<p id=\"exj-VVOg6To\" data-wc=\"95\">Una entrevista sincera en la que tambi\u00e9n habla de Al Bano y en la que ha contado que la agenda del cantante fue la que marc\u00f3 la fecha de su boda: \u00abAl Bano eligi\u00f3 la fecha porque era su \u00fanico d\u00eda libre del verano\u00bb. Un d\u00eda que no recuerda con especial felicidad: \u00abEn mi ingenuidad, estaba convencida de que ser\u00eda una boda \u00edntima. Mi madre y mi hermana tuvieron que mirar desde una ventana. Cuando lleg\u00f3 el momento de dar el &#8216;s\u00ed, quiero&#8217;, no fuimos nosotros quienes lo pronunciamos, sino todos los invitados que hab\u00eda\u00bb.\u00a0<\/p>\n<p id=\"eNDJGxhO0u\" data-wc=\"62\">Tambi\u00e9n ha compartido cu\u00e1l fue su momento juntos m\u00e1s especial sobre el escenario: \u00abLos conciertos fueron, y siguen siendo, momentos especiales, como cantar en una burbuja donde estamos solos: crea una magia. Sin embargo, nuestra actuaci\u00f3n m\u00e1s emotiva fue la que tuvimos en el Estadio Maracan\u00e1 de R\u00edo de Janeiro frente a Juan Pablo II, para la Jornada Mundial de la Juventud\u00bb.<\/p>\n<p> <img src=\"https:\/\/www.europesays.com\/es\/wp-content\/uploads\/2025\/11\/20bee81d2b44-dla01798843001.jpg\"   width=\"682\" height=\"1024\" loading=\"lazy\" decoding=\"async\" alt=\"Romina Power ha contado c\u00f3mo vivi\u00f3 el d\u00eda de su boda\" fetchpriority=\"auto\" class=\"image ho-image\"\/>\u00a9 GTRESRomina Power ha contado c\u00f3mo vivi\u00f3 el d\u00eda de su boda<\/p>\n<p id=\"eOTRLsls_x\" data-wc=\"49\">Entre sus declaraciones m\u00e1s sinceras, la artista ha confesado que durante a\u00f1os tuvo pesadillas, quiz\u00e1 porqu<strong>e \u00abno era la vida que quer\u00eda. El \u00e9xito no te hace feliz autom\u00e1ticamente<\/strong>. A veces so\u00f1aba con tomarme unas vacaciones en alg\u00fan lugar tranquilo. Para m\u00ed, la familia siempre fue lo m\u00e1s importante\u00bb.<\/p>\n<p id=\"e2om39z0Lr\" data-wc=\"89\">Antes de zanjar la entrevista, Romina Power ha contado c\u00f3mo es su vida en la actualidad: \u00abEn mi granja hay perros, gatos, gallinas, ranas y 90.000 abejas. De hecho, d\u00e9jame contarte algo sobre las abejas\u00bb. A d\u00eda de hoy, su felicidad se centra en sus nietos: \u00abEl hijo de Romina me llama Abuela Mariposa, porque siempre le canto una cancioncita sobre mariposas. Tambi\u00e9n adopt\u00e9 cuatro ni\u00f1os en India, con Care to Action: el a\u00f1o pasado los conoc\u00ed en persona, y uno de ellos y yo nos escribimos por WhatsApp\u00bb.<\/p>\n","protected":false},"excerpt":{"rendered":"Durante los \u00faltimos meses, son cada vez m\u00e1s los rostros conocidos que se animan a publicar sus memorias.&hellip;\n","protected":false},"author":2,"featured_media":254696,"comment_status":"","ping_status":"","sticky":false,"template":"","format":"standard","meta":{"footnotes":""},"categories":[174],"tags":[517,255,146,147,3141,25,24,256,23],"class_list":{"0":"post-254695","1":"post","2":"type-post","3":"status-publish","4":"format-standard","5":"has-post-thumbnail","7":"category-famosos","8":"tag-actualidad","9":"tag-celebrities","10":"tag-entertainment","11":"tag-entretenimiento","12":"tag-entrevista","13":"tag-es","14":"tag-espana","15":"tag-famosos","16":"tag-spain"},"share_on_mastodon":{"url":"https:\/\/pubeurope.com\/@es\/115609382022598123","error":""},"_links":{"self":[{"href":"https:\/\/www.europesays.com\/es\/wp-json\/wp\/v2\/posts\/254695","targetHints":{"allow":["GET"]}}],"collection":[{"href":"https:\/\/www.europesays.com\/es\/wp-json\/wp\/v2\/posts"}],"about":[{"href":"https:\/\/www.europesays.com\/es\/wp-json\/wp\/v2\/types\/post"}],"author":[{"embeddable":true,"href":"https:\/\/www.europesays.com\/es\/wp-json\/wp\/v2\/users\/2"}],"replies":[{"embeddable":true,"href":"https:\/\/www.europesays.com\/es\/wp-json\/wp\/v2\/comments?post=254695"}],"version-history":[{"count":0,"href":"https:\/\/www.europesays.com\/es\/wp-json\/wp\/v2\/posts\/254695\/revisions"}],"wp:featuredmedia":[{"embeddable":true,"href":"https:\/\/www.europesays.com\/es\/wp-json\/wp\/v2\/media\/254696"}],"wp:attachment":[{"href":"https:\/\/www.europesays.com\/es\/wp-json\/wp\/v2\/media?parent=254695"}],"wp:term":[{"taxonomy":"category","embeddable":true,"href":"https:\/\/www.europesays.com\/es\/wp-json\/wp\/v2\/categories?post=254695"},{"taxonomy":"post_tag","embeddable":true,"href":"https:\/\/www.europesays.com\/es\/wp-json\/wp\/v2\/tags?post=254695"}],"curies":[{"name":"wp","href":"https:\/\/api.w.org\/{rel}","templated":true}]}}