{"id":254701,"date":"2025-11-25T08:29:16","date_gmt":"2025-11-25T08:29:16","guid":{"rendered":"https:\/\/www.europesays.com\/es\/254701\/"},"modified":"2025-11-25T08:29:16","modified_gmt":"2025-11-25T08:29:16","slug":"critica-y-donde-ver-la-pelicula-de-alejandro-amenabar-a-la-que-rinde-homenaje-la-reina-letizia","status":"publish","type":"post","link":"https:\/\/www.europesays.com\/es\/254701\/","title":{"rendered":"cr\u00edtica y d\u00f3nde ver la pel\u00edcula de Alejandro Amen\u00e1bar a la que rinde homenaje la reina Letizia"},"content":{"rendered":"<p data-journey-content=\"true\" data-node-id=\"3\" class=\"css-6wxqfj emevuu60\"><strong data-node-id=\"3.0\">La reina Letizia es una mujer comprometida con la cultura<\/strong> de nuestro pa\u00eds y, siempre que puede, se prodiga en actos que pongan en valor disciplinas tan variadas como la pintura, la danza, la literatura o el cine y, en esta ocasi\u00f3n,<strong data-node-id=\"3.2\"> va a participar de un particular homenaje a una de las figuras m\u00e1s influyentes del s\u00e9ptimo arte en los \u00faltimos a\u00f1os: Alejandro Amen\u00e1bar.<\/strong> En un compromiso por la creaci\u00f3n cinematogr\u00e1fica que se enlaza con la labor de apoyo que ejerce el Festival de cine \u00d3pera Prima Ciudad de Tudela, EPEL Tudela-Cultura y cineclub Muskaria han organizado un encuentro muy especial dentro del ciclo &#8216;Nuestros cl\u00e1sicos&#8217; dedicado al director de cine hispanochileno. <strong data-node-id=\"3.4\">La iniciativa finaliza con la proyecci\u00f3n del filme m\u00e1s trascendente del director y guionista, <a href=\"https:\/\/www.diezminutos.es\/teleprograma\/series-tv\/a46680430\/mar-adentro-netflix-reparto-donde-ver\/\" target=\"_blank\" data-vars-ga-outbound-link=\"https:\/\/www.diezminutos.es\/teleprograma\/series-tv\/a46680430\/mar-adentro-netflix-reparto-donde-ver\/\" data-vars-ga-ux-element=\"Hyperlink\" data-vars-ga-call-to-action=\"&#039;Mar adentro&#039;\" data-node-id=\"3.4.1\" class=\"body-link css-177bzfx emevuu60\" rel=\"nofollow noopener\">&#8216;Mar adentro&#8217;<\/a>, de la que disfrutar\u00e1 la reina<\/strong>, acompa\u00f1ada de varios estudiantes de centros educativos de Tudela. Por eso, aprovechando este bonito homenaje a la trayectoria de Amen\u00e1bar, <strong data-node-id=\"3.6\">te recordamos algunos motivos por los que es una de las pel\u00edculas m\u00e1s destacadas de la filmograf\u00eda nacional y d\u00f3nde puedes verla en streaming.<\/strong><\/p>\n<p><img draggable=\"true\" alt=\"Mar Adentro, 14 Goyas en 2005\" title=\"Mar Adentro, 14 Goyas en 2005\" loading=\"lazy\" width=\"1200\" height=\"768\" decoding=\"async\" data-nimg=\"1\" style=\"color:transparent;width:100%;height:auto;\"   src=\"https:\/\/www.europesays.com\/es\/wp-content\/uploads\/2025\/11\/mar-adentro-1548857872.jpg\" class=\"css-0 e1g79fud0\"\/><\/p>\n<p>Distribuidora<\/p>\n<p>Cr\u00edtica y d\u00f3nde ver &#8216;Mar adentro&#8217;, la pel\u00edcula de Alejandro Amen\u00e1bar a la que rinde homenaje la reina Letizia<\/p>\n<p data-journey-content=\"true\" data-node-id=\"9\" class=\"css-6wxqfj emevuu60\"><a href=\"https:\/\/www.diezminutos.es\/teleprograma\/programacion-tv\/a30962608\/mar-adentro-pelicula-javier-bardem-ramon-sampedro-eutanasia-muerte\/\" target=\"_blank\" data-vars-ga-outbound-link=\"https:\/\/www.diezminutos.es\/teleprograma\/programacion-tv\/a30962608\/mar-adentro-pelicula-javier-bardem-ramon-sampedro-eutanasia-muerte\/\" data-vars-ga-ux-element=\"Hyperlink\" data-vars-ga-call-to-action=\"La historia de Ram\u00f3n Sampedro\" data-node-id=\"9.0\" class=\"body-link css-177bzfx emevuu60\" rel=\"nofollow noopener\">La historia de Ram\u00f3n Sampedro<\/a> ha sido de sobra conocida en Espa\u00f1a, un hombre acabo siendo popular porque, tras quedar tetrapl\u00e9jico a los 25 a\u00f1os, se convirti\u00f3 en s\u00edmbolo social de la defensa del derecho a la eutanasia a trav\u00e9s de una intensa actividad de petici\u00f3n judicial para poder morir dignamente sin consecuencias legales para quienes lo ayudasen. <strong data-node-id=\"9.2\">Tal fue su trascendencia que los canales auton\u00f3micos de la FORTA estrenaron en 2001 una primera pel\u00edcula a prop\u00f3sito de su historia, &#8216;Condenado a vivir&#8217;.<\/strong> Pero esta \u00e9pica lucha por un derecho que, pese a la jurisprudencia previa, en Espa\u00f1a no se regul\u00f3 con una ley hasta 2021, ha tenido una oportunidad mayor para impactar, no solo al p\u00fablico nacional, sino tambi\u00e9n a espectadores de fuera de nuestras fronteras. Eso se lo debemos a <strong data-node-id=\"9.4\">Alejandro Amen\u00e1bar, que en 2004 engrandeci\u00f3 a\u00fan m\u00e1s el recuerdo de Sampedro con el filme &#8216;Mar adentro&#8217;.<\/strong><\/p>\n<p><img draggable=\"true\" alt=\"mar adentro 2004 javier bardem\" title=\"Mar adentro (2004) Javier Bardem\" loading=\"lazy\" width=\"1069\" height=\"601\" decoding=\"async\" data-nimg=\"1\" style=\"color:transparent;width:100%;height:auto;\"   src=\"https:\/\/www.europesays.com\/es\/wp-content\/uploads\/2025\/11\/mar-adentro-2004-javier-bardem-1581944831.jpg\" class=\"css-0 e1g79fud0\"\/><\/p>\n<p>Productora<\/p>\n<p><img draggable=\"true\" alt=\"ramon sampedro\" title=\"Ramon Sampedro\" loading=\"lazy\" width=\"3000\" height=\"2108\" decoding=\"async\" data-nimg=\"1\" style=\"color:transparent;width:100%;height:auto;\"   src=\"https:\/\/www.europesays.com\/es\/wp-content\/uploads\/2025\/11\/ramon-sampedro-692480c8d2a33.jpg\" class=\"css-0 e1g79fud0\"\/><\/p>\n<p>EFE\/ARCHIVO\/LAVANDEIRA JR<\/p>\n<p data-journey-content=\"true\" data-node-id=\"16\" class=\"css-6wxqfj emevuu60\">Con una sensibilidad impactante, especialmente para un tema tan duro como el que se trata en la pel\u00edcula, Amen\u00e1bar consigui\u00f3 dar un giro a su carrera, volcado hasta entonces en el suspense y el terror psicol\u00f3gico con filmes como <a href=\"https:\/\/www.diezminutos.es\/teleprograma\/programacion-tv\/a36072275\/tesis-pelicula-reparto-la2-eduardo-noriega-alejandro-amenabar-ana-torrent\/\" target=\"_blank\" data-vars-ga-outbound-link=\"https:\/\/www.diezminutos.es\/teleprograma\/programacion-tv\/a36072275\/tesis-pelicula-reparto-la2-eduardo-noriega-alejandro-amenabar-ana-torrent\/\" data-vars-ga-ux-element=\"Hyperlink\" data-vars-ga-call-to-action=\"&#039;Tesis&#039;\" data-node-id=\"16.1\" class=\"body-link css-177bzfx emevuu60\" rel=\"nofollow noopener\">&#8216;Tesis&#8217;<\/a>, &#8216;Abre los ojos&#8217; y <a href=\"https:\/\/www.diezminutos.es\/teleprograma\/programacion-tv\/a37336924\/los-otros-pelicula-completa-resumen\/\" target=\"_blank\" data-vars-ga-outbound-link=\"https:\/\/www.diezminutos.es\/teleprograma\/programacion-tv\/a37336924\/los-otros-pelicula-completa-resumen\/\" data-vars-ga-ux-element=\"Hyperlink\" data-vars-ga-call-to-action=\"&#039;Los otros&#039;\" data-node-id=\"16.3\" class=\"body-link css-177bzfx emevuu60\" rel=\"nofollow noopener\">&#8216;Los otros&#8217;<\/a>, <strong data-node-id=\"16.5\">para virar hacia historias humanas de gran relevancia, como era el retrato de la compleja lucha de Sampedro.<\/strong><\/p>\n<p data-journey-content=\"true\" data-node-id=\"18\" class=\"css-6wxqfj emevuu60\">As\u00ed, contando con <strong data-node-id=\"18.1\">Javier Bardem<\/strong> en uno de los papeles m\u00e1s impresionantes de su carrera como el propio Ram\u00f3n, adem\u00e1s de <strong data-node-id=\"18.3\">Bel\u00e9n Rueda<\/strong> en la piel de Julia, una abogada dispuesta a ayudar al enfermo a tramitar su petici\u00f3n de eutanasia a nivel legal, y <strong data-node-id=\"18.5\">Lola Due\u00f1as<\/strong> a cargo de Rosa, la amiga que asist\u00eda a Sampedro en su adi\u00f3s escogido en el filme.<\/p>\n<p><img draggable=\"true\" alt=\"mar adentro\" title=\"mar adentro\" loading=\"lazy\" width=\"3000\" height=\"1984\" decoding=\"async\" data-nimg=\"1\" style=\"color:transparent;width:100%;height:auto;\"   src=\"https:\/\/www.europesays.com\/es\/wp-content\/uploads\/2025\/11\/mar-adentro-pelicula-67a4d284c49f3.jpg\" class=\"css-0 e1g79fud0\"\/><\/p>\n<p>Distribuidora<\/p>\n<p data-journey-content=\"true\" data-node-id=\"21\" class=\"css-6wxqfj emevuu60\">Como era de esperar, ante una representaci\u00f3n tan cuidada y delicada de un tema tan complejo, Amen\u00e1bar consigui\u00f3 impactar a compa\u00f1eros, espectadores y acad\u00e9micos, lo que se tradujo en que<strong data-node-id=\"21.1\"> &#8216;Mar adentro&#8217; pas\u00f3 a la historia de los Premios Goya, con 14 &#8216;cabezones&#8217; (de 15 posibles) que la convirtieron en la <a href=\"https:\/\/www.diezminutos.es\/teleprograma\/programas-tv\/a30639449\/peliculas-con-mas-premios-goya-historia-mar-adentro-ay-carmela-blancanieves-la-isla-minima-handia\/\" target=\"_blank\" data-vars-ga-outbound-link=\"https:\/\/www.diezminutos.es\/teleprograma\/programas-tv\/a30639449\/peliculas-con-mas-premios-goya-historia-mar-adentro-ay-carmela-blancanieves-la-isla-minima-handia\/\" data-vars-ga-ux-element=\"Hyperlink\" data-vars-ga-call-to-action=\"la pel\u00edcula con m\u00e1s premios de la historia\" data-node-id=\"21.1.1\" data-mrf-link=\"https:\/\/www.diezminutos.es\/teleprograma\/programas-tv\/a30639449\/peliculas-con-mas-premios-goya-historia-mar-adentro-ay-carmela-blancanieves-la-isla-minima-handia\/\" data-mrf-recirculation-id=\"[Article] In Text Link_1\" class=\"body-link css-177bzfx emevuu60\" rel=\"nofollow noopener\">pel\u00edcula con m\u00e1s galardones<\/a><\/strong> (y as\u00ed sigue siendo) Pero no solo eso, y es que la cinta tambi\u00e9n<strong data-node-id=\"21.3\"> se hizo con el Oscar a Mejor pel\u00edcula de habla no inglesa en 2004.<\/strong><\/p>\n<p data-journey-content=\"true\" data-node-id=\"24\" class=\"css-6wxqfj emevuu60\">\u200bCon estos avales, no extra\u00f1a que <strong data-node-id=\"24.1\">a\u00fan hoy, m\u00e1s de 20 a\u00f1os despu\u00e9s, &#8216;Mar adentro&#8217; siga siendo la pel\u00edcula perfecta para rendir homenaje a un Amen\u00e1bar.<\/strong> Y es que, permite entender por qu\u00e9, desde entonces, no ha parado de buscar en episodios de la Historia relatos dignos de contar, como es el caso de &#8216;\u00c1gora&#8217; sobre la fil\u00f3sofa Hipatia de Alejandr\u00eda, <a href=\"https:\/\/www.diezminutos.es\/teleprograma\/series-tv\/a66062426\/mientras-dure-la-guerra-pelicula-movistar-plus-alejandro-amenabar-movistar\/\" target=\"_blank\" data-vars-ga-outbound-link=\"https:\/\/www.diezminutos.es\/teleprograma\/series-tv\/a66062426\/mientras-dure-la-guerra-pelicula-movistar-plus-alejandro-amenabar-movistar\/\" data-vars-ga-ux-element=\"Hyperlink\" data-vars-ga-call-to-action=\"&#039;Mientras dure la guerra&#039;\" data-node-id=\"24.3\" class=\"body-link css-177bzfx emevuu60\" rel=\"nofollow noopener\">&#8216;Mientras dure la guerra&#8217;<\/a> sobre el contexto de la Guerra Civil espa\u00f1ola desde la perspectiva del escritor Miguel de Unamuno o la reciente <a href=\"https:\/\/www.diezminutos.es\/teleprograma\/series-tv\/a66100734\/el-cautivo-pelicula-alejandro-amenabar-eleccion-julio-pena-actor-miguel-de-cervantes\/\" target=\"_blank\" data-vars-ga-outbound-link=\"https:\/\/www.diezminutos.es\/teleprograma\/series-tv\/a66100734\/el-cautivo-pelicula-alejandro-amenabar-eleccion-julio-pena-actor-miguel-de-cervantes\/\" data-vars-ga-ux-element=\"Hyperlink\" data-vars-ga-call-to-action=\"&#039;El Cautivo&#039;\" data-node-id=\"24.5\" class=\"body-link css-177bzfx emevuu60\" rel=\"nofollow noopener\">&#8216;El Cautivo&#8217;<\/a> sobre el per\u00edodo de detenci\u00f3n de Miguel de Cervantes en Argel.<\/p>\n<p data-journey-content=\"true\" data-node-id=\"26\" class=\"css-6wxqfj emevuu60\">De modo que, tanto si en estas dos d\u00e9cadas te has conmovido con el traspaso de la historia de Ram\u00f3n Sampedro a la pantalla como <strong data-node-id=\"26.1\">si quieres acercarte a una de las mejores pel\u00edculas espa\u00f1olas de la historia, puedes seguir el ejemplo de la reina Letizia y darle una oportunidad a &#8216;Mar adentro&#8217;. <\/strong>Por suerte, los proveedores de streaming lo ponen f\u00e1cil y el filme est\u00e1 a tan solo un click si eres usuario de la espa\u00f1ola <strong data-node-id=\"26.3\">FlixOl\u00e9 o de la popular HBO Max <\/strong>aunque, en su defecto, tambi\u00e9n puedes acceder a esta \u00faltima plataforma <strong data-node-id=\"26.5\">de forma gratuita con tu suscripci\u00f3n a Movistar Plus+ o, incluso, ampliando tus contrataciones en Prime Video.<\/strong>  <\/p>\n<p><img src=\"https:\/\/www.europesays.com\/es\/wp-content\/uploads\/2025\/11\/1764059356_467_c846bc45-0529-47f5-9c7d-b54f2b3afed7_1682587735.file\" alt=\"Headshot of Nora C\u00e1mara\" title=\"Headshot of Nora C\u00e1mara\" width=\"100%\" height=\"100%\" decoding=\"async\" loading=\"lazy\" class=\"css-o0wq4v ev8dhu53\"\/><\/p>\n<p>Nora es experta en contenidos de cine y televisi\u00f3n en la web de Diez Minutos. Sus intereses personales y profesionales se cruzan en su labor en esta revista, pues dedica su tiempo a estar al d\u00eda en los \u00faltimos estrenos en salas y plataformas, tanto para no perd\u00e9rselos como para recomendarlos. Pero que nadie sufra, tambi\u00e9n desconecta con la m\u00fasica en directo, la lectura y los viajes. \u00a0<\/p>\n<p>Prescriptora audiovisual por verdadera afici\u00f3n, siempre est\u00e1 dispuesta a arrastrarte con ella al apasionante mundo de las sagas como Harry Potter, Star Wars o Marvel, as\u00ed como a sugerirte la \u00faltima serie adictiva que no debes perderte de Netflix, HBO Max, Disney+, Movistar+ y Amazon Prime Video. Eso s\u00ed, si tienes un arrebato de nostalgia, tambi\u00e9n te recordar\u00e1 el cl\u00e1sico perfecto para cualquier estado de \u00e1nimo o tem\u00e1tica que te interese, desde el musical o la ciencia ficci\u00f3n a las adaptaciones literarias.\u00a0<\/p>\n<p>Nora C\u00e1mara se gradu\u00f3 en Periodismo y Comunicaci\u00f3n Audiovisual en la Universidad Carlos III de Madrid en 2015, donde defini\u00f3 su pasi\u00f3n por los contenidos de cine y televisi\u00f3n. Continu\u00f3 su especializaci\u00f3n en estas materias con diversas formaciones de Guion de televisi\u00f3n y Cr\u00edtica cinematogr\u00e1fica, llev\u00e1ndole a mejorar su experiencia en las revistas del grupo HEARST Teleprograma, Supertele y Telenovela, antes de su llegada a Diez Minutos, hace dos a\u00f1os. \u00a0<\/p>\n","protected":false},"excerpt":{"rendered":"La reina Letizia es una mujer comprometida con la cultura de nuestro pa\u00eds y, siempre que puede, se&hellip;\n","protected":false},"author":2,"featured_media":254702,"comment_status":"","ping_status":"","sticky":false,"template":"","format":"standard","meta":{"footnotes":""},"categories":[169],"tags":[177,253,146,147,25,24,176,175,23],"class_list":{"0":"post-254701","1":"post","2":"type-post","3":"status-publish","4":"format-standard","5":"has-post-thumbnail","7":"category-cine","8":"tag-cine","9":"tag-discover","10":"tag-entertainment","11":"tag-entretenimiento","12":"tag-es","13":"tag-espana","14":"tag-film","15":"tag-movies","16":"tag-spain"},"share_on_mastodon":{"url":"https:\/\/pubeurope.com\/@es\/115609402302720634","error":""},"_links":{"self":[{"href":"https:\/\/www.europesays.com\/es\/wp-json\/wp\/v2\/posts\/254701","targetHints":{"allow":["GET"]}}],"collection":[{"href":"https:\/\/www.europesays.com\/es\/wp-json\/wp\/v2\/posts"}],"about":[{"href":"https:\/\/www.europesays.com\/es\/wp-json\/wp\/v2\/types\/post"}],"author":[{"embeddable":true,"href":"https:\/\/www.europesays.com\/es\/wp-json\/wp\/v2\/users\/2"}],"replies":[{"embeddable":true,"href":"https:\/\/www.europesays.com\/es\/wp-json\/wp\/v2\/comments?post=254701"}],"version-history":[{"count":0,"href":"https:\/\/www.europesays.com\/es\/wp-json\/wp\/v2\/posts\/254701\/revisions"}],"wp:featuredmedia":[{"embeddable":true,"href":"https:\/\/www.europesays.com\/es\/wp-json\/wp\/v2\/media\/254702"}],"wp:attachment":[{"href":"https:\/\/www.europesays.com\/es\/wp-json\/wp\/v2\/media?parent=254701"}],"wp:term":[{"taxonomy":"category","embeddable":true,"href":"https:\/\/www.europesays.com\/es\/wp-json\/wp\/v2\/categories?post=254701"},{"taxonomy":"post_tag","embeddable":true,"href":"https:\/\/www.europesays.com\/es\/wp-json\/wp\/v2\/tags?post=254701"}],"curies":[{"name":"wp","href":"https:\/\/api.w.org\/{rel}","templated":true}]}}