{"id":254712,"date":"2025-11-25T08:36:19","date_gmt":"2025-11-25T08:36:19","guid":{"rendered":"https:\/\/www.europesays.com\/es\/254712\/"},"modified":"2025-11-25T08:36:19","modified_gmt":"2025-11-25T08:36:19","slug":"un-asesino-narcos-y-violadores-la-policia-pide-ayuda-para-detener-a-los-10-fugitivos-mas-buscados-de-espana","status":"publish","type":"post","link":"https:\/\/www.europesays.com\/es\/254712\/","title":{"rendered":"Un asesino, narcos y violadores: la Polic\u00eda pide ayuda para detener a los 10 fugitivos m\u00e1s buscados de Espa\u00f1a"},"content":{"rendered":"<p> FUGITIVOS<\/p>\n<p>Las im\u00e1genes que desde este lunes difunde la Polic\u00eda para que la ciudadan\u00eda pueda aportar pistas incluyen, adem\u00e1s de fotograf\u00edas reales, otras generadas mediante inteligencia artificial en la que se recrean cambios que se hubieran podido realizar los pr\u00f3fugos para modificar su apariencia y evitar ser reconocidos. <\/p>\n<p class=\"articleSignature-name\"> Agencias | P. L. <\/p>\n<p class=\"articleSignature-datecontent\">Madrid | <strong>24.11.2025 10:02 <\/strong><\/p>\n<p><img loading=\"lazy\" decoding=\"async\" title=\"Un asesino, conocidos narcos y violadores: La Polic\u00eda pide ayuda para detener a 10 fugados\" alt=\"Un asesino, conocidos narcos y violadores: La Polic\u00eda pide ayuda para detener a 10 fugados\" width=\"480\" height=\"270\" src=\"https:\/\/www.europesays.com\/es\/wp-content\/uploads\/2025\/11\/asesino-conocidos-narcos-violadores-policia-pide-ayuda-detener-10-fugados_70.jpg\"\/>Un asesino, conocidos narcos y violadores: La Polic\u00eda pide ayuda para detener a 10 fugados | fugados<\/p>\n","protected":false},"excerpt":{"rendered":"FUGITIVOS Las im\u00e1genes que desde este lunes difunde la Polic\u00eda para que la ciudadan\u00eda pueda aportar pistas incluyen,&hellip;\n","protected":false},"author":2,"featured_media":254713,"comment_status":"","ping_status":"","sticky":false,"template":"","format":"standard","meta":{"footnotes":""},"categories":[8],"tags":[17,18,25,24,13,14,11,19,20,9,10,15,16,23,12,21,22],"class_list":{"0":"post-254712","1":"post","2":"type-post","3":"status-publish","4":"format-standard","5":"has-post-thumbnail","7":"category-espana","8":"tag-breaking-news","9":"tag-breakingnews","10":"tag-es","11":"tag-espana","12":"tag-featured-news","13":"tag-featurednews","14":"tag-headlines","15":"tag-latest-news","16":"tag-latestnews","17":"tag-news","18":"tag-noticias","19":"tag-noticias-destacadas","20":"tag-noticiasdestacadas","21":"tag-spain","22":"tag-titulares","23":"tag-ultimas-noticias","24":"tag-ultimasnoticias"},"share_on_mastodon":{"url":"https:\/\/pubeurope.com\/@es\/115609428858426367","error":""},"_links":{"self":[{"href":"https:\/\/www.europesays.com\/es\/wp-json\/wp\/v2\/posts\/254712","targetHints":{"allow":["GET"]}}],"collection":[{"href":"https:\/\/www.europesays.com\/es\/wp-json\/wp\/v2\/posts"}],"about":[{"href":"https:\/\/www.europesays.com\/es\/wp-json\/wp\/v2\/types\/post"}],"author":[{"embeddable":true,"href":"https:\/\/www.europesays.com\/es\/wp-json\/wp\/v2\/users\/2"}],"replies":[{"embeddable":true,"href":"https:\/\/www.europesays.com\/es\/wp-json\/wp\/v2\/comments?post=254712"}],"version-history":[{"count":0,"href":"https:\/\/www.europesays.com\/es\/wp-json\/wp\/v2\/posts\/254712\/revisions"}],"wp:featuredmedia":[{"embeddable":true,"href":"https:\/\/www.europesays.com\/es\/wp-json\/wp\/v2\/media\/254713"}],"wp:attachment":[{"href":"https:\/\/www.europesays.com\/es\/wp-json\/wp\/v2\/media?parent=254712"}],"wp:term":[{"taxonomy":"category","embeddable":true,"href":"https:\/\/www.europesays.com\/es\/wp-json\/wp\/v2\/categories?post=254712"},{"taxonomy":"post_tag","embeddable":true,"href":"https:\/\/www.europesays.com\/es\/wp-json\/wp\/v2\/tags?post=254712"}],"curies":[{"name":"wp","href":"https:\/\/api.w.org\/{rel}","templated":true}]}}