{"id":254714,"date":"2025-11-25T08:37:21","date_gmt":"2025-11-25T08:37:21","guid":{"rendered":"https:\/\/www.europesays.com\/es\/254714\/"},"modified":"2025-11-25T08:37:21","modified_gmt":"2025-11-25T08:37:21","slug":"el-gobierno-propone-a-teresa-peramato-como-nueva-fiscal-general-del-estado-politica","status":"publish","type":"post","link":"https:\/\/www.europesays.com\/es\/254714\/","title":{"rendered":"El Gobierno propone a Teresa Peramato como nueva fiscal general del Estado | Pol\u00edtica"},"content":{"rendered":"<p>El Consejo de Ministros de este martes iniciar\u00e1 el proceso para nombrar a <a href=\"https:\/\/cadenaser.com\/nacional\/2025\/11\/25\/teresa-peramato-una-de-las-mayores-expertas-en-violenciade-genero-cadena-ser\/\" target=\"_blank\" rel=\"nofollow noopener\" title=\"https:\/\/cadenaser.com\/nacional\/2025\/11\/25\/teresa-peramato-una-de-las-mayores-expertas-en-violenciade-genero-cadena-ser\/\">Teresa Peramato Mart\u00edn como nueva fiscal general del Estado<\/a>, a propuesta del Ministro de la Presidencia, Justicia y Relaciones con las Cortes.<\/p>\n<p>Peramato es fiscal de carrera con 35 a\u00f1os de ejercicio y desde la Moncloa se\u00f1alan que tiene el reconocimiento un\u00e1nime de los operadores jur\u00eddicos. Actualmente es fiscal de Sala Jefa de la Secci\u00f3n Penal de la Fiscal\u00eda del Tribunal Supremo. Tambi\u00e9n es fiscal de Sala Delegada para la Protecci\u00f3n y Tutela de las V\u00edctimas en el Proceso Penal.<\/p>\n<p><img loading=\"lazy\" decoding=\"async\" src=\"https:\/\/www.europesays.com\/es\/wp-content\/uploads\/2025\/11\/https:\/\/sdmedia.playser.cadenaser.com\/playser\/image\/202511\/25\/1764053016987_1764053150_asset_still.j.jpeg\" width=\"16\" height=\"9\"\/>Amplia trayectoria en materia de lucha contra la violencia de g\u00e9nero<\/p>\n<p>Teresa Peramato tiene una amplia trayectoria, especialmente <a href=\"https:\/\/cadenaser.com\/nacional\/2024\/03\/18\/teresa-peramato-fiscal-de-sala-delegada-de-violencia-contra-la-mujer-hay-que-reconsiderar-si-se-acepta-el-mutuo-acuerdo-como-esta-ahora-cadena-ser\/\" target=\"_blank\" rel=\"nofollow noopener\" title=\"https:\/\/cadenaser.com\/nacional\/2024\/03\/18\/teresa-peramato-fiscal-de-sala-delegada-de-violencia-contra-la-mujer-hay-que-reconsiderar-si-se-acepta-el-mutuo-acuerdo-como-esta-ahora-cadena-ser\/\">en materia de lucha contra la violencia de g\u00e9nero<\/a>. De hecho, es considerada una de las grandes impulsoras de la especializaci\u00f3n judicial en esta materia. <\/p>\n<p>En 2005 fue nombrada fiscal delegada para la Secci\u00f3n de Violencia Sobre la Mujer en la Fiscal\u00eda Provincial de Madrid.<\/p>\n<p>Tambi\u00e9n fue miembro del Grupo de Expertos del Observatorio Estatal de Violencia contra la Mujer para la elaboraci\u00f3n del Primer Informe Anual del Observatorio Estatal de Violencia sobre la Mujer (2007).<\/p>\n<p>Ha ocupado el cargo de Fiscal de Sala contra la Violencia sobre la Mujer entre 2021 y 2025.<\/p>\n<p><img decoding=\"async\" src=\"https:\/\/www.europesays.com\/es\/wp-content\/uploads\/2025\/11\/https:\/\/sdmedia.playser.cadenaser.com\/playser\/image\/202511\/25\/1764055963_164_cut_1764056010_asset_st.jpeg\" alt=\"As\u00ed es Teresa Peramato, propuesta como nueva fiscal general del Estado: experta en la lucha contra la violencia de g\u00e9nero\" width=\"655\"   loading=\"lazy\"\/><\/p>\n<p class=\"tit\">As\u00ed es Teresa Peramato, propuesta como nueva fiscal general del Estado: experta en la lucha contra la violencia de g\u00e9nero<\/p>\n<p>00:00:0000:52<\/p>\n<p>El c\u00f3digo iframe se ha copiado en el portapapeles<\/p>\n<p>FacebookTwitterLinkedinWhatsAppCerrar<\/p>\n<p>El proceso de nombramiento<\/p>\n<p>En cuanto al proceso de nombramiento, una vez aprobada la propuesta, el CGPJ deber\u00e1 emitir un informe no vinculante. Posteriormente, Peramato comparecer\u00e1 ante la Comisi\u00f3n de Justicia del Congreso de los Diputados. Cuando se hayan realizado estos tr\u00e1mites, el Gobierno acordar\u00e1 su nombramiento definitivo como Fiscal General del Estado.<\/p>\n<p>Un d\u00eda despu\u00e9s del <a href=\"https:\/\/cadenaser.com\/nacional\/2025\/11\/24\/el-gobierno-espera-a-la-decision-de-garcia-ortiz-para-activar-el-relevo-al-frente-de-la-fiscalia-cadena-ser\/\" target=\"_blank\" rel=\"nofollow noopener\" title=\"https:\/\/cadenaser.com\/nacional\/2025\/11\/24\/el-gobierno-espera-a-la-decision-de-garcia-ortiz-para-activar-el-relevo-al-frente-de-la-fiscalia-cadena-ser\/\">cese de \u00c1lvaro Garc\u00eda Ortiz<\/a> como fiscal general del Estado antes de que el Supremo notifique la sentencia que lo condena a dos a\u00f1os de inhabilitaci\u00f3n ya conocemos el nombre de su sustituta.<\/p>\n<p>El c\u00f3digo iframe se ha copiado en el portapapeles<\/p>\n<p class=\"tit\">Teresa Peramato, fiscal: \u00abHay que utilizar todas las herramientas que tenemos para mejorar la protecci\u00f3n penal a las v\u00edctimas, que me parece escasa\u00bb<\/p>\n<p>00:00:0014:40<\/p>\n<p>FacebookTwitterLinkedinWhatsAppCerrar<\/p>\n<p>Tras la renuncia de Garc\u00eda Ortiz, que fue <a href=\"https:\/\/cadenaser.com\/nacional\/2025\/11\/24\/tengo-el-convencimiento-de-haber-servido-fielmente-a-la-institucion-la-carta-con-la-que-el-fiscal-general-del-estado-pide-su-cese-cadena-ser\/\" target=\"_blank\" rel=\"nofollow noopener\" title=\"https:\/\/cadenaser.com\/nacional\/2025\/11\/24\/tengo-el-convencimiento-de-haber-servido-fielmente-a-la-institucion-la-carta-con-la-que-el-fiscal-general-del-estado-pide-su-cese-cadena-ser\/\">por carta<\/a>, el presidente <a href=\"https:\/\/cadenaser.com\/nacional\/2025\/11\/24\/sanchez-expresa-su-consideracion-a-garcia-ortiz-tras-su-renuncia-y-avanza-que-su-sustituto-se-conocera-en-breve-cadena-ser\/\" target=\"_blank\" rel=\"nofollow noopener\" title=\"https:\/\/cadenaser.com\/nacional\/2025\/11\/24\/sanchez-expresa-su-consideracion-a-garcia-ortiz-tras-su-renuncia-y-avanza-que-su-sustituto-se-conocera-en-breve-cadena-ser\/\">S\u00e1nchez le elogi\u00f3<\/a>: \u00abYo le deseo toda la suerte, tiene todo mi respeto y mi consideraci\u00f3n\u00bb. por su parte, <a href=\"https:\/\/cadenaser.com\/nacional\/2025\/11\/24\/el-pp-reacciona-a-la-renuncia-de-garcia-ortiz-te-han-expulsado-por-delinquir-cadena-ser\/\" target=\"_blank\" rel=\"nofollow noopener\" title=\"https:\/\/cadenaser.com\/nacional\/2025\/11\/24\/el-pp-reacciona-a-la-renuncia-de-garcia-ortiz-te-han-expulsado-por-delinquir-cadena-ser\/\">Feij\u00f3o exigi\u00f3 unos \u00abrequisitos m\u00ednimos<\/a> de solvencia e independencia\u00bb a la nueva persona que ocupe el puesto: que cuente con \u00abel aval\u00bb del Consejo General del Poder Judicial, sea jurista de \u00abreconocido prestigio con m\u00e1s de 20 a\u00f1os en la profesi\u00f3n\u00bb y no haya desempe\u00f1ado cargos pol\u00edticos en los \u00faltimos cinco a\u00f1os.<\/p>\n","protected":false},"excerpt":{"rendered":"El Consejo de Ministros de este martes iniciar\u00e1 el proceso para nombrar a Teresa Peramato Mart\u00edn como nueva&hellip;\n","protected":false},"author":2,"featured_media":254715,"comment_status":"","ping_status":"","sticky":false,"template":"","format":"standard","meta":{"footnotes":""},"categories":[5],"tags":[17,18,25,24,13,14,11,19,20,9,10,15,16,23,12,21,22],"class_list":{"0":"post-254714","1":"post","2":"type-post","3":"status-publish","4":"format-standard","5":"has-post-thumbnail","7":"category-titulares","8":"tag-breaking-news","9":"tag-breakingnews","10":"tag-es","11":"tag-espana","12":"tag-featured-news","13":"tag-featurednews","14":"tag-headlines","15":"tag-latest-news","16":"tag-latestnews","17":"tag-news","18":"tag-noticias","19":"tag-noticias-destacadas","20":"tag-noticiasdestacadas","21":"tag-spain","22":"tag-titulares","23":"tag-ultimas-noticias","24":"tag-ultimasnoticias"},"share_on_mastodon":{"url":"https:\/\/pubeurope.com\/@es\/115609432515415551","error":""},"_links":{"self":[{"href":"https:\/\/www.europesays.com\/es\/wp-json\/wp\/v2\/posts\/254714","targetHints":{"allow":["GET"]}}],"collection":[{"href":"https:\/\/www.europesays.com\/es\/wp-json\/wp\/v2\/posts"}],"about":[{"href":"https:\/\/www.europesays.com\/es\/wp-json\/wp\/v2\/types\/post"}],"author":[{"embeddable":true,"href":"https:\/\/www.europesays.com\/es\/wp-json\/wp\/v2\/users\/2"}],"replies":[{"embeddable":true,"href":"https:\/\/www.europesays.com\/es\/wp-json\/wp\/v2\/comments?post=254714"}],"version-history":[{"count":0,"href":"https:\/\/www.europesays.com\/es\/wp-json\/wp\/v2\/posts\/254714\/revisions"}],"wp:featuredmedia":[{"embeddable":true,"href":"https:\/\/www.europesays.com\/es\/wp-json\/wp\/v2\/media\/254715"}],"wp:attachment":[{"href":"https:\/\/www.europesays.com\/es\/wp-json\/wp\/v2\/media?parent=254714"}],"wp:term":[{"taxonomy":"category","embeddable":true,"href":"https:\/\/www.europesays.com\/es\/wp-json\/wp\/v2\/categories?post=254714"},{"taxonomy":"post_tag","embeddable":true,"href":"https:\/\/www.europesays.com\/es\/wp-json\/wp\/v2\/tags?post=254714"}],"curies":[{"name":"wp","href":"https:\/\/api.w.org\/{rel}","templated":true}]}}