{"id":254724,"date":"2025-11-25T08:47:09","date_gmt":"2025-11-25T08:47:09","guid":{"rendered":"https:\/\/www.europesays.com\/es\/254724\/"},"modified":"2025-11-25T08:47:09","modified_gmt":"2025-11-25T08:47:09","slug":"oriol-pla-hace-historia-al-ganar-el-emmy-internacional-a-mejor-actor-por-su-papel-en-yo-adicto-el-cine-en-la-ser","status":"publish","type":"post","link":"https:\/\/www.europesays.com\/es\/254724\/","title":{"rendered":"Oriol Pla hace historia al ganar el Emmy Internacional a mejor actor por su papel en &#8216;Yo, adicto&#8217; | El cine en la SER"},"content":{"rendered":"<p class=\"loc\">Nueva York <\/p>\n<p>El actor barcelon\u00e9s Oriol Pla ha ganado en Nueva York el Premio Emmy Internacional a mejor actuaci\u00f3n masculina por la serie &#8216;Yo, adicto&#8217; y se convierte as\u00ed en el primer int\u00e9rprete espa\u00f1ol en conquistar este galard\u00f3n. La serie, creada por Javier Giner y oproducida por Alea Media y Disney+, lleva a pantalla la vida del propio autor y su viaje de reconciliaci\u00f3n tras pasar por un centro de rehabilitaci\u00f3n a las drogas. <\/p>\n<p>En su discurso, Pla le ha dedicado el trofeo a Javi Giner, el hombre al que retrata en la serie: \u00abNunca podr\u00e9 agradec\u00e9rtelo suficiente. Mereces vivir en voz alta, orgullosamente y maravillosamente\u00bb, ha expresado el actor catal\u00e1n, que se ha acordado de Giner en esukera y en catal\u00e1n de toda su familia. \u00abEs una historia de rehabilitaci\u00f3n. Si est\u00e1s sufriendo con alguna adicci\u00f3n y est\u00e1s en un bosque oscuro, sigue adelante, ning\u00fan sentimiento es definitivo porque en el otro lado hay un regalo, est\u00e1s t\u00fa\u00bb, ha finalizado.<\/p>\n<p><img decoding=\"async\" src=\"https:\/\/www.europesays.com\/es\/wp-content\/uploads\/2025\/11\/https:\/\/sdmedia.playser.cadenaser.com\/playser\/image\/202410\/29\/1730226830042_1730227378_asset_still.p.jpeg\" alt=\"Javier Giner y Oriol Pla, amor y salvaci\u00f3n en 'Yo, adicto'\" width=\"655\"   loading=\"lazy\"\/><\/p>\n<p class=\"tit\">Javier Giner y Oriol Pla, amor y salvaci\u00f3n en &#8216;Yo, adicto&#8217;<\/p>\n<p>00:00:0021:35<\/p>\n<p>El c\u00f3digo iframe se ha copiado en el portapapeles<\/p>\n<p>FacebookTwitterLinkedinWhatsAppCerrar<\/p>\n<p>Al recoger el galard\u00f3n, Pla se ha mostrado especialmente emocionado e impactado por su victoria, al igual que el hombre al que retrata en la serie, Javier Giner, con quien comparte una gran amistad y junto al que lo ha celebrado. \u00abNo nos lo creemos\u00bb, han declarado ambos tras saltar de alegr\u00eda al conocer el galard\u00f3n. <\/p>\n<p>El otro hito para el audiovisual espa\u00f1ol lo ha marcado &#8216;#SeAcab\u00f3: Diario de las campeonas&#8217;, el documental dirigido por Joanna Pardos sobre la selecci\u00f3n femenina de f\u00fatbol y el caso Rubiales, que tambi\u00e9n se ha alzado con el Emmy en su categor\u00eda. <\/p>\n","protected":false},"excerpt":{"rendered":"Nueva York El actor barcelon\u00e9s Oriol Pla ha ganado en Nueva York el Premio Emmy Internacional a mejor&hellip;\n","protected":false},"author":2,"featured_media":254725,"comment_status":"","ping_status":"","sticky":false,"template":"","format":"standard","meta":{"footnotes":""},"categories":[174],"tags":[13360,255,39035,146,147,25,24,256,35847,23,807],"class_list":{"0":"post-254724","1":"post","2":"type-post","3":"status-publish","4":"format-standard","5":"has-post-thumbnail","7":"category-famosos","8":"tag-awards","9":"tag-celebrities","10":"tag-emmy-awards","11":"tag-entertainment","12":"tag-entretenimiento","13":"tag-es","14":"tag-espana","15":"tag-famosos","16":"tag-famous","17":"tag-spain","18":"tag-television"},"share_on_mastodon":{"url":"https:\/\/pubeurope.com\/@es\/115609472137318685","error":""},"_links":{"self":[{"href":"https:\/\/www.europesays.com\/es\/wp-json\/wp\/v2\/posts\/254724","targetHints":{"allow":["GET"]}}],"collection":[{"href":"https:\/\/www.europesays.com\/es\/wp-json\/wp\/v2\/posts"}],"about":[{"href":"https:\/\/www.europesays.com\/es\/wp-json\/wp\/v2\/types\/post"}],"author":[{"embeddable":true,"href":"https:\/\/www.europesays.com\/es\/wp-json\/wp\/v2\/users\/2"}],"replies":[{"embeddable":true,"href":"https:\/\/www.europesays.com\/es\/wp-json\/wp\/v2\/comments?post=254724"}],"version-history":[{"count":0,"href":"https:\/\/www.europesays.com\/es\/wp-json\/wp\/v2\/posts\/254724\/revisions"}],"wp:featuredmedia":[{"embeddable":true,"href":"https:\/\/www.europesays.com\/es\/wp-json\/wp\/v2\/media\/254725"}],"wp:attachment":[{"href":"https:\/\/www.europesays.com\/es\/wp-json\/wp\/v2\/media?parent=254724"}],"wp:term":[{"taxonomy":"category","embeddable":true,"href":"https:\/\/www.europesays.com\/es\/wp-json\/wp\/v2\/categories?post=254724"},{"taxonomy":"post_tag","embeddable":true,"href":"https:\/\/www.europesays.com\/es\/wp-json\/wp\/v2\/tags?post=254724"}],"curies":[{"name":"wp","href":"https:\/\/api.w.org\/{rel}","templated":true}]}}