{"id":254731,"date":"2025-11-25T08:53:12","date_gmt":"2025-11-25T08:53:12","guid":{"rendered":"https:\/\/www.europesays.com\/es\/254731\/"},"modified":"2025-11-25T08:53:12","modified_gmt":"2025-11-25T08:53:12","slug":"tres-jugadoras-de-la-comunitatdelhandbol-disputaran-el-campeonato-del-mundo-con-las-guerreras","status":"publish","type":"post","link":"https:\/\/www.europesays.com\/es\/254731\/","title":{"rendered":"TRES JUGADORAS DE LA #COMUNITATDELHANDBOL DISPUTAR\u00c1N EL CAMPEONATO DEL MUNDO CON LAS GUERRERAS"},"content":{"rendered":"<p><strong>Lisa Oppedal, Paula Arcos y Luc\u00eda Prades ser\u00e1n las representantes de la Comunitat Valenciana en el mundial\u00a0<\/strong><\/p>\n<p>Ambros Mart\u00edn, seleccionador de las Guerreras ha dado a conocer la lista definitiva de jugadoras que disputar\u00e1n el Campeonato del Mundo de Alemania y Pa\u00edses Bajos.\u00a0<\/p>\n<p>La convocatoria est\u00e1 formada por las siguientes jugadoras:\u00a0<\/p>\n<ul class=\"wp-block-list\">\n<li><strong>Porter\u00eda<\/strong>\u00a0| Nicole Wiggins (Super Amara Bera Bera),\u00a0<strong>Luc\u00eda Prades (Super Amara Bera Bera)<\/strong><\/li>\n<li><strong>Central<\/strong>\u00a0| Elba \u00c1lvarez (Super Amara Bera Bera), Alicia Fern\u00e1ndez (MKS Zag\u0142\u0119bie Lubin)<\/li>\n<li><strong>Lateral Derecho<\/strong>\u00a0|\u00a0<strong>Paula Arcos (CS Gloria 2018 Bistrita)<\/strong>, Maddi Bengoetxea (Elda Prestigio)<\/li>\n<li><strong>Lateral Izquierdo<\/strong>\u00a0| Ester Somaza (Super Amara Bera Bera), Danila So Delgado (CS Gloria 2018 Bistrita),\u00a0Carmen Arroyo (Super Amara Bera Bera)<\/li>\n<li><strong>Extremo Derecho<\/strong>\u00a0| Anne Erauskin (Super Amara Bera Bera), Maitane Etxeberria (Super Amara Bera Bera)<\/li>\n<li><strong>Extremo Izquierdo<\/strong>\u00a0|\u00a0<strong>Lisa Oppedal (AtticGo Elche)<\/strong>, Jennifer Guti\u00e9rrez (CS Gloria 2018 Bistrita), Ona Vegu\u00e9 (HSG Blomberg-Lippe)<\/li>\n<li><strong>Pivote<\/strong>\u00a0| Lyndie Tchaptchet (Super Amara Bera Bera), Kaba Gassama (CS Gloria 2018 Bistrita), Lysa Tchaptchet (Odense Handbold)<\/li>\n<\/ul>\n<p>Las Guerreras est\u00e1n encuadradas en el Grupo D, donde se enfrentar\u00e1n a Montenegro, Islas Feroe y Paraguay, los tres partidos se podr\u00e1n ver en directo por Teledeporte.\u00a0<\/p>\n<ul class=\"wp-block-list\">\n<li>26\/11 a las 18:00 Espa\u00f1a \u2013 Paraguay\u00a0<\/li>\n<li>28\/11 a las 20:30 Espa\u00f1a \u2013 Islas Feroe<\/li>\n<li>30\/11 a las 18:00 Montenegro \u2013 Espa\u00f1a\u00a0<\/li>\n<\/ul>\n","protected":false},"excerpt":{"rendered":"Lisa Oppedal, Paula Arcos y Luc\u00eda Prades ser\u00e1n las representantes de la Comunitat Valenciana en el mundial\u00a0 Ambros&hellip;\n","protected":false},"author":2,"featured_media":254732,"comment_status":"","ping_status":"","sticky":false,"template":"","format":"standard","meta":{"footnotes":""},"categories":[93],"tags":[168,25,24,23,167],"class_list":{"0":"post-254731","1":"post","2":"type-post","3":"status-publish","4":"format-standard","5":"has-post-thumbnail","7":"category-deportes","8":"tag-deportes","9":"tag-es","10":"tag-espana","11":"tag-spain","12":"tag-sports"},"share_on_mastodon":{"url":"https:\/\/pubeurope.com\/@es\/115609495608876815","error":""},"_links":{"self":[{"href":"https:\/\/www.europesays.com\/es\/wp-json\/wp\/v2\/posts\/254731","targetHints":{"allow":["GET"]}}],"collection":[{"href":"https:\/\/www.europesays.com\/es\/wp-json\/wp\/v2\/posts"}],"about":[{"href":"https:\/\/www.europesays.com\/es\/wp-json\/wp\/v2\/types\/post"}],"author":[{"embeddable":true,"href":"https:\/\/www.europesays.com\/es\/wp-json\/wp\/v2\/users\/2"}],"replies":[{"embeddable":true,"href":"https:\/\/www.europesays.com\/es\/wp-json\/wp\/v2\/comments?post=254731"}],"version-history":[{"count":0,"href":"https:\/\/www.europesays.com\/es\/wp-json\/wp\/v2\/posts\/254731\/revisions"}],"wp:featuredmedia":[{"embeddable":true,"href":"https:\/\/www.europesays.com\/es\/wp-json\/wp\/v2\/media\/254732"}],"wp:attachment":[{"href":"https:\/\/www.europesays.com\/es\/wp-json\/wp\/v2\/media?parent=254731"}],"wp:term":[{"taxonomy":"category","embeddable":true,"href":"https:\/\/www.europesays.com\/es\/wp-json\/wp\/v2\/categories?post=254731"},{"taxonomy":"post_tag","embeddable":true,"href":"https:\/\/www.europesays.com\/es\/wp-json\/wp\/v2\/tags?post=254731"}],"curies":[{"name":"wp","href":"https:\/\/api.w.org\/{rel}","templated":true}]}}