{"id":254743,"date":"2025-11-25T09:00:32","date_gmt":"2025-11-25T09:00:32","guid":{"rendered":"https:\/\/www.europesays.com\/es\/254743\/"},"modified":"2025-11-25T09:00:32","modified_gmt":"2025-11-25T09:00:32","slug":"el-gobierno-se-despide-con-elogios-del-fiscal-general-y-ultima-su-relevo","status":"publish","type":"post","link":"https:\/\/www.europesays.com\/es\/254743\/","title":{"rendered":"El Gobierno se despide con elogios del fiscal general y ultima su relevo"},"content":{"rendered":"<p data-gtm-element-container=\"modulo-texto-link\" class=\"paragraph\">El hasta ahora fiscal general del Estado, \u00c1lvaro Garc\u00eda Ortiz, present\u00f3 ayer su renuncia al cargo, cuatro d\u00edas despu\u00e9s de la condena de inhabilitaci\u00f3n que dict\u00f3 el pasado jueves el Tribunal Supremo. Y el Gobierno, que sigue defendiendo su absoluta inocencia del delito de revelaci\u00f3n de secretos del novio de la presidenta madrile\u00f1a, Isabel D\u00edaz Ayuso, le despidi\u00f3 con encendidos elogios.<\/p>\n<p data-gtm-element-container=\"modulo-texto-link\" class=\"paragraph\">Pero, al tiempo, empez\u00f3 a preparar ya el nombramiento de la persona que relevar\u00e1 a Garc\u00eda Ortiz. La propuesta del nuevo fiscal general del Estado se podr\u00eda elevar hoy mismo a la reuni\u00f3n ordinaria que celebrar\u00e1 el Consejo de Ministros, si bien en la Moncloa primaba ayer la prudencia y una absoluta discreci\u00f3n: \u201cNo est\u00e1 decidido\u201d, alegaron, pendientes del regreso de Pedro S\u00e1nchez.<\/p>\n<p>S\u00e1nchez aparca la \u201ctoma de decisiones\u201d hasta hoy martes en que presidir\u00e1 el Consejo de Ministros<\/p>\n<p data-gtm-element-container=\"modulo-texto-link\" class=\"paragraph\">\u201cHasta que el presidente del Gobierno vuelva de la cumbre internacional no se van a tomar decisiones sobre el fiscal general\u201d, zanjaron en la Moncloa, para tratar de contener la expectaci\u00f3n pol\u00edtica y medi\u00e1tica que existe al respecto. No en vano, el perfil del nuevo fiscal general que proponga el Ejecutivo \u2013que finalmente habr\u00e1 de nombrar el Rey, tras el informe preceptivo, pero no vinculante, que sobre su idoneidad emita el Consejo General del Poder Judicial (CGPJ)\u2013 dar\u00e1 cuenta de la determinaci\u00f3n de S\u00e1nchez para mantener las espadas en alto con el Tribunal Supremo.<\/p>\n<p data-gtm-element-container=\"modulo-texto-link\" class=\"paragraph\">En el Gobierno la indignaci\u00f3n es m\u00e1xima, y aunque asuman que por ahora han perdido la batalla por Garc\u00eda Ortiz \u2013con una \u201ccondena injusta\u201d de la que discrepan abiertamente, de la que a\u00fan no se conoce la sentencia, pero que ya conf\u00edan en que revocar\u00e1 el Tribunal Constitucional\u2013, dan por hecho que la guerra contra la \u201cderecha pol\u00edtica y judicial\u201d no ha concluido a\u00fan. Todo lo contrario.<\/p>\n<p data-gtm-element-container=\"modulo-texto-link\" class=\"paragraph\">Pedro S\u00e1nchez asisti\u00f3 anoche en Luanda a la cena ofrecida por el presidente de Angola, Jo\u00e3o Louren\u00e7o, con la que se clausuraron los actos de la cumbre Uni\u00f3n Africana-Uni\u00f3n Europea. Pero a primera hora de este martes est\u00e1 previsto que regrese a la Moncloa, donde presidir\u00e1 la reuni\u00f3n del Consejo de Ministros en la que ya podr\u00eda poner sobre la mesa su propuesta para sustituir a Garc\u00eda Ortiz.<\/p>\n<p data-gtm-element-container=\"modulo-texto-link\" class=\"paragraph\">El hasta ahora fiscal general del Estado adelant\u00f3 ayer su decisi\u00f3n de renunciar al cargo \u2013en una carta remitida al ministro de la Presidencia y Justicia, F\u00e9lix Bola\u00f1os\u2013 sin esperar siquiera a conocer las motivaciones jur\u00eddicas de la sentencia del Tribunal Supremo, por un \u201cprofundo respeto a las resoluciones judiciales y la voluntad \u2013siempre presente en mi mandato\u2013 de proteger a la Fiscal\u00eda espa\u00f1ola y a sus fiscales\u201d.<\/p>\n<p data-gtm-element-container=\"modulo-texto-link\" class=\"paragraph\">\u201cEs el momento de abandonar el desempe\u00f1o de tan alta responsabilidad\u201d, justific\u00f3 Garc\u00eda Ortiz, al solicitar, a petici\u00f3n propia, que el Consejo de Ministros acepte el cese de su mandato. \u201cEn mi haber tengo el convencimiento \u2013destac\u00f3 en su misiva\u2013 de haber servido fielmente a la instituci\u00f3n a la que me honro en pertenecer, con una inequ\u00edvoca vocaci\u00f3n de servicio p\u00fablico, sentido del deber y lealtad institucional\u201d.<\/p>\n<p>Respetos, exigencias y movilizaciones<\/p>\n<p class=\"module-text\">A su llegada ayer a la s\u00e9ptima cumbre Uni\u00f3n Europea-Uni\u00f3n Africana, que se celebr\u00f3 en Luanda (Angola), Pedro S\u00e1nchez no quiso revelar a\u00fan qui\u00e9n ser\u00e1 el nuevo n\u00famero uno del ministerio p\u00fablico, cuyo nombramiento podr\u00eda llevarse hoy mismo al Consejo de Ministros. S\u00e1nchez asegur\u00f3 que pudo leer, a trav\u00e9s de los medios de comunicaci\u00f3n, la misiva que el hasta ahora fiscal general remiti\u00f3 al ministro de Justicia, presentando su dimisi\u00f3n. \u201cMe parece una carta que refleja el servidor p\u00fablico que hemos tenido al frente de la Fiscal\u00eda General del Estado durante este tiempo\u201d, resalt\u00f3. \u201cLe deseo toda la suerte, todo mi respeto y mi consideraci\u00f3n\u201d, manifest\u00f3 y se limit\u00f3 a se\u00f1alar que el nombre que proponga para su relevo se conocer\u00e1 \u201cen un breve espacio de tiempo\u201d, informa Joaqu\u00edn Vera. Pero el l\u00edder del PP, Alberto N\u00fa\u00f1ez Feij\u00f3o, ya le reclam\u00f3 \u201cunos requisitos m\u00ednimos de solvencia e independencia\u201d, y exigi\u00f3 que cuente con \u201cel aval\u201d del Consejo General del Poder Judicial, pese a que su informe no es vinculante. M\u00e1s contundente, la madrile\u00f1a Isabel D\u00edaz Ayuso denunci\u00f3 las \u201cactitudes dictatoriales\u201d de S\u00e1nchez, y critic\u00f3 que \u201ctodo aquel que ose ser un contrapoder o un contrapeso propio de una democracia ser\u00e1 perseguido y acuchillado\u201d. En cambio, la vicepresidenta segunda del Gobierno, Yolanda D\u00edaz, lament\u00f3 la dimisi\u00f3n del fiscal general \u2013\u201cun hombre bueno\u201d\u2013 y llam\u00f3 a la acci\u00f3n: \u201cHa llegado la hora de dar un paso adelante y le pido a los espa\u00f1oles que se movilicen en defensa de la democracia\u201d.<\/p>\n","protected":false},"excerpt":{"rendered":"El hasta ahora fiscal general del Estado, \u00c1lvaro Garc\u00eda Ortiz, present\u00f3 ayer su renuncia al cargo, cuatro d\u00edas&hellip;\n","protected":false},"author":2,"featured_media":254744,"comment_status":"","ping_status":"","sticky":false,"template":"","format":"standard","meta":{"footnotes":""},"categories":[5],"tags":[17,18,25,24,13,14,11,19,20,9,10,15,16,23,12,21,22],"class_list":{"0":"post-254743","1":"post","2":"type-post","3":"status-publish","4":"format-standard","5":"has-post-thumbnail","7":"category-titulares","8":"tag-breaking-news","9":"tag-breakingnews","10":"tag-es","11":"tag-espana","12":"tag-featured-news","13":"tag-featurednews","14":"tag-headlines","15":"tag-latest-news","16":"tag-latestnews","17":"tag-news","18":"tag-noticias","19":"tag-noticias-destacadas","20":"tag-noticiasdestacadas","21":"tag-spain","22":"tag-titulares","23":"tag-ultimas-noticias","24":"tag-ultimasnoticias"},"share_on_mastodon":{"url":"https:\/\/pubeurope.com\/@es\/115609522900939310","error":""},"_links":{"self":[{"href":"https:\/\/www.europesays.com\/es\/wp-json\/wp\/v2\/posts\/254743","targetHints":{"allow":["GET"]}}],"collection":[{"href":"https:\/\/www.europesays.com\/es\/wp-json\/wp\/v2\/posts"}],"about":[{"href":"https:\/\/www.europesays.com\/es\/wp-json\/wp\/v2\/types\/post"}],"author":[{"embeddable":true,"href":"https:\/\/www.europesays.com\/es\/wp-json\/wp\/v2\/users\/2"}],"replies":[{"embeddable":true,"href":"https:\/\/www.europesays.com\/es\/wp-json\/wp\/v2\/comments?post=254743"}],"version-history":[{"count":0,"href":"https:\/\/www.europesays.com\/es\/wp-json\/wp\/v2\/posts\/254743\/revisions"}],"wp:featuredmedia":[{"embeddable":true,"href":"https:\/\/www.europesays.com\/es\/wp-json\/wp\/v2\/media\/254744"}],"wp:attachment":[{"href":"https:\/\/www.europesays.com\/es\/wp-json\/wp\/v2\/media?parent=254743"}],"wp:term":[{"taxonomy":"category","embeddable":true,"href":"https:\/\/www.europesays.com\/es\/wp-json\/wp\/v2\/categories?post=254743"},{"taxonomy":"post_tag","embeddable":true,"href":"https:\/\/www.europesays.com\/es\/wp-json\/wp\/v2\/tags?post=254743"}],"curies":[{"name":"wp","href":"https:\/\/api.w.org\/{rel}","templated":true}]}}