{"id":254755,"date":"2025-11-25T09:15:25","date_gmt":"2025-11-25T09:15:25","guid":{"rendered":"https:\/\/www.europesays.com\/es\/254755\/"},"modified":"2025-11-25T09:15:25","modified_gmt":"2025-11-25T09:15:25","slug":"jose-pablo-garcia-palindrotiras","status":"publish","type":"post","link":"https:\/\/www.europesays.com\/es\/254755\/","title":{"rendered":"Jos\u00e9 Pablo Garc\u00eda \u00abPalindrotiras\u00bb"},"content":{"rendered":"<p>\u201cPalindrotiras\u201d (Autsaider Comics, 2025) es un sorprendente c\u00f3mic repleto de vi\u00f1etas, tiras y p\u00e1ginas, cuyos textos se leen igual del derecho que del rev\u00e9s. Textos capic\u00faas cocinados por Jos\u00e9 Pablo Garc\u00eda, con la colaboraci\u00f3n de Ra\u00fal Ortiz Fern\u00e1ndez (ROF) y Roberto S\u00e1nchez \u201cPeramento\u201d, presentados en forma de antolog\u00eda cronol\u00f3gica. Un homenaje al noveno arte, donde podr\u00edamos pensar que han participado numerosos autores m\u00edticos de la historia de las vi\u00f1etas, \u00a1Pero, ojo! Es el propio Jos\u00e9 Pablo Garc\u00eda quien dibuja todas y cada una de las vi\u00f1etas adoptando y adaptando la est\u00e9tica de todos ellos.<\/p>\n","protected":false},"excerpt":{"rendered":"\u201cPalindrotiras\u201d (Autsaider Comics, 2025) es un sorprendente c\u00f3mic repleto de vi\u00f1etas, tiras y p\u00e1ginas, cuyos textos se leen&hellip;\n","protected":false},"author":2,"featured_media":254756,"comment_status":"","ping_status":"","sticky":false,"template":"","format":"standard","meta":{"footnotes":""},"categories":[170],"tags":[146,147,25,24,64187,184,185,133,1448,1986,1987,23,42226],"class_list":{"0":"post-254755","1":"post","2":"type-post","3":"status-publish","4":"format-standard","5":"has-post-thumbnail","7":"category-musica","8":"tag-entertainment","9":"tag-entretenimiento","10":"tag-es","11":"tag-espana","12":"tag-jose-pablo-garcia-palindrotiras","13":"tag-music","14":"tag-musica","15":"tag-online","16":"tag-radio","17":"tag-rne","18":"tag-rtve-play","19":"tag-spain","20":"tag-vinetas-y-bocadillos"},"share_on_mastodon":{"url":"https:\/\/pubeurope.com\/@es\/115609582081524829","error":""},"_links":{"self":[{"href":"https:\/\/www.europesays.com\/es\/wp-json\/wp\/v2\/posts\/254755","targetHints":{"allow":["GET"]}}],"collection":[{"href":"https:\/\/www.europesays.com\/es\/wp-json\/wp\/v2\/posts"}],"about":[{"href":"https:\/\/www.europesays.com\/es\/wp-json\/wp\/v2\/types\/post"}],"author":[{"embeddable":true,"href":"https:\/\/www.europesays.com\/es\/wp-json\/wp\/v2\/users\/2"}],"replies":[{"embeddable":true,"href":"https:\/\/www.europesays.com\/es\/wp-json\/wp\/v2\/comments?post=254755"}],"version-history":[{"count":0,"href":"https:\/\/www.europesays.com\/es\/wp-json\/wp\/v2\/posts\/254755\/revisions"}],"wp:featuredmedia":[{"embeddable":true,"href":"https:\/\/www.europesays.com\/es\/wp-json\/wp\/v2\/media\/254756"}],"wp:attachment":[{"href":"https:\/\/www.europesays.com\/es\/wp-json\/wp\/v2\/media?parent=254755"}],"wp:term":[{"taxonomy":"category","embeddable":true,"href":"https:\/\/www.europesays.com\/es\/wp-json\/wp\/v2\/categories?post=254755"},{"taxonomy":"post_tag","embeddable":true,"href":"https:\/\/www.europesays.com\/es\/wp-json\/wp\/v2\/tags?post=254755"}],"curies":[{"name":"wp","href":"https:\/\/api.w.org\/{rel}","templated":true}]}}