{"id":254771,"date":"2025-11-25T09:23:15","date_gmt":"2025-11-25T09:23:15","guid":{"rendered":"https:\/\/www.europesays.com\/es\/254771\/"},"modified":"2025-11-25T09:23:15","modified_gmt":"2025-11-25T09:23:15","slug":"sale-de-la-uci-la-nina-de-4-anos-ingresada-tras-ser-atendida-en-una-clinica-dental-privada-en-alzira","status":"publish","type":"post","link":"https:\/\/www.europesays.com\/es\/254771\/","title":{"rendered":"Sale de la UCI la ni\u00f1a de 4 a\u00f1os ingresada tras ser atendida en una cl\u00ednica dental privada en Alzira"},"content":{"rendered":"<p class=\"L6-news-detail__text\">La ni\u00f1a de 4 a\u00f1os que fue ingresada en el Hospital Cl\u00ednico de Val\u00e8ncia tras ser <b><a title=\"atendida en una cl\u00ednica dental privada\" href=\"https:\/\/www.lasexta.com\/noticias\/sociedad\/policia-nacional-interrogado-anestesista-que-trato-ninas-clinica-dental-alzira_202511236922fe6f8080bd5ad62130dc.html\" target=\"_blank\" rel=\"nofollow noopener\">atendida en una cl\u00ednica dental privada<\/a><\/b> ha salido de la UCI y pasado a planta donde evoluciona favorablemente, seg\u00fan han confirmado este lunes fuentes de la Conselleria de Sanidad.<\/p>\n<p class=\"L6-news-detail__text\">La menor acudi\u00f3 el pasado jueves por la tarde a Urgencias del Hospital de la Ribera, en Alzira (Valencia), porque presentaba un episodio de <b>fiebre, v\u00f3mitos y somnolencia<\/b>. Tras su estabilizaci\u00f3n y la valoraci\u00f3n pertinente, los facultativos decidieron su traslado en SAMU a la UCI pedi\u00e1trica del Cl\u00ednico, donde ya ha pasado a planta.<\/p>\n<p class=\"L6-news-detail__text\">Se da la circunstancia de que <b><a title=\"otra ni\u00f1a de 6 a\u00f1os falleci\u00f3 el jueves\" href=\"https:\/\/www.lasexta.com\/noticias\/sociedad\/muere-nina-seis-anos-someterse-tratamiento-dental-alzira-otra-cuatro-esta-ingresada-uci_202511216920484e6c137a698776ccbc.html\" target=\"_blank\" rel=\"nofollow noopener\">otra ni\u00f1a de 6 a\u00f1os falleci\u00f3 el jueves<\/a><\/b> tras haber sido atendida previamente en la misma cl\u00ednica dental privada de Alzira. Esta menor ingres\u00f3 a las 16.52 horas del jueves en Urgencias del Hospital de La Ribera en parada cardiorrespiratoria. Los facultativos intentaron su reanimaci\u00f3n sin \u00e9xito y declararon el fallecimiento.<\/p>\n<p class=\"L6-news-detail__text\">El Servicio de Inspecci\u00f3n de la Conselleria de Sanidad inici\u00f3 un expediente informativo para esclarecer las circunstancias de lo ocurrido y <b>orden\u00f3 la suspensi\u00f3n cautelar de la actividad de la cl\u00ednica<\/b>. or su parte, un juzgado de Alzira ha abierto diligencias previas de investigaci\u00f3n sobre el fallecimiento de la ni\u00f1a de 6 a\u00f1os tras ser asistida en la cl\u00ednica dental.<\/p>\n<p>Desde la cl\u00ednica dicen que \u00abel anestesista no sabe qu\u00e9 ha podido pasar\u00bb<\/p>\n<p class=\"L6-news-detail__text\">Tras estos hechos, la propietaria de la cl\u00ednica manifest\u00f3, en declaraciones a \u00c0 Punt recogidas por Europa Press, que la ni\u00f1a fallecida sali\u00f3 del centro dental \u00ab<b>aparentemente bien<\/b>\u00bb y \u00ab<b>el anestesista no sabe qu\u00e9 ha podido pasar<\/b>\u00ab.<\/p>\n<p class=\"L6-news-detail__text\">Seg\u00fan explic\u00f3, a esta menor no se le practic\u00f3 una operaci\u00f3n con anestesia general, sino una sedaci\u00f3n que se le puso mediante una v\u00eda para extraer unos dientes de leche y ponerle unos empastes. Adem\u00e1s, insisti\u00f3 en que la ni\u00f1a se empez\u00f3 a encontrar mal despu\u00e9s y en que no saben \u00abqu\u00e9 ha podido pasar\u00bb. \u00ab<b>Est\u00e1n investigando el lote de la anestesia<\/b>\u00ab, concluy\u00f3.<\/p>\n<p class=\"L6-news-detail__text\">El servicio de Inspecci\u00f3n de Servicios Sanitarios de la Conselleria de Sanidad mantuvo el s\u00e1bado una reuni\u00f3n con el anestesista que atendi\u00f3 a las dos ni\u00f1as en la cl\u00ednica dental privada de Alzira, y de sus conclusiones se elabor\u00f3 informe del que se dar\u00e1 traslado a la autoridad judicial, seg\u00fan han confirmado este domingo fuentes de este departamento.<\/p>\n<p class=\"L6-news-detail__text\">Este servicio de la Conselleria de Sanidad inici\u00f3 una investigaci\u00f3n el mismo viernes y ello conlleva analizar cualquier tipo de informaci\u00f3n que pueda contribuir a esclarecer lo que ocurri\u00f3, como los f\u00e1rmacos administrados, trazabilidad de los mismos, y las autorizaciones de la cl\u00ednica, entre otros aspectos.<\/p>\n<p class=\"L6-news-detail__text\"><b><a title=\"*Sigue a laSexta en Google. Toda la actualidad y el mejor contenido aqu\u00ed.\" href=\"https:\/\/profile.google.com\/cp\/CgkvbS8wZG5xejA\" target=\"_blank\" rel=\"nofollow noopener\">*Sigue a laSexta en Google. Toda la actualidad y el mejor contenido aqu\u00ed.<\/a><\/b><\/p>\n<p class=\"L6-support-news-video__title\">Agresi\u00f3n sexual<\/p>\n<p>            <a href=\"https:\/\/www.lasexta.com\/noticias\/sociedad\/detenido-presunto-depredador-sexual-captar-menor-edad-redes-sociales_2025112569256f9c6c137a69877bb90a.html\" class=\"L6-news__link\" rel=\"nofollow noopener\" target=\"_blank\"><br \/>\n                Detenido un presunto depredador sexual por captar a una menor de edad en redes sociales<\/p>\n<p class=\"recirculation-video-desc\">Los detalles El detenido utilizaba distintas plataformas digitales para ganarse la confianza de menores y manipularlos de forma progresiva. Esta persona contaba con un se\u00f1alamiento judicial por la presunta agresi\u00f3n sexual a una adolescente de 15 a\u00f1os.<\/p>\n<p>            <\/a><\/p>\n","protected":false},"excerpt":{"rendered":"La ni\u00f1a de 4 a\u00f1os que fue ingresada en el Hospital Cl\u00ednico de Val\u00e8ncia tras ser atendida en&hellip;\n","protected":false},"author":2,"featured_media":254772,"comment_status":"","ping_status":"","sticky":false,"template":"","format":"standard","meta":{"footnotes":""},"categories":[8],"tags":[17,18,25,24,13,14,11,19,20,9,10,15,16,23,12,21,22],"class_list":{"0":"post-254771","1":"post","2":"type-post","3":"status-publish","4":"format-standard","5":"has-post-thumbnail","7":"category-espana","8":"tag-breaking-news","9":"tag-breakingnews","10":"tag-es","11":"tag-espana","12":"tag-featured-news","13":"tag-featurednews","14":"tag-headlines","15":"tag-latest-news","16":"tag-latestnews","17":"tag-news","18":"tag-noticias","19":"tag-noticias-destacadas","20":"tag-noticiasdestacadas","21":"tag-spain","22":"tag-titulares","23":"tag-ultimas-noticias","24":"tag-ultimasnoticias"},"share_on_mastodon":{"url":"","error":""},"_links":{"self":[{"href":"https:\/\/www.europesays.com\/es\/wp-json\/wp\/v2\/posts\/254771","targetHints":{"allow":["GET"]}}],"collection":[{"href":"https:\/\/www.europesays.com\/es\/wp-json\/wp\/v2\/posts"}],"about":[{"href":"https:\/\/www.europesays.com\/es\/wp-json\/wp\/v2\/types\/post"}],"author":[{"embeddable":true,"href":"https:\/\/www.europesays.com\/es\/wp-json\/wp\/v2\/users\/2"}],"replies":[{"embeddable":true,"href":"https:\/\/www.europesays.com\/es\/wp-json\/wp\/v2\/comments?post=254771"}],"version-history":[{"count":0,"href":"https:\/\/www.europesays.com\/es\/wp-json\/wp\/v2\/posts\/254771\/revisions"}],"wp:featuredmedia":[{"embeddable":true,"href":"https:\/\/www.europesays.com\/es\/wp-json\/wp\/v2\/media\/254772"}],"wp:attachment":[{"href":"https:\/\/www.europesays.com\/es\/wp-json\/wp\/v2\/media?parent=254771"}],"wp:term":[{"taxonomy":"category","embeddable":true,"href":"https:\/\/www.europesays.com\/es\/wp-json\/wp\/v2\/categories?post=254771"},{"taxonomy":"post_tag","embeddable":true,"href":"https:\/\/www.europesays.com\/es\/wp-json\/wp\/v2\/tags?post=254771"}],"curies":[{"name":"wp","href":"https:\/\/api.w.org\/{rel}","templated":true}]}}