{"id":254775,"date":"2025-11-25T09:28:12","date_gmt":"2025-11-25T09:28:12","guid":{"rendered":"https:\/\/www.europesays.com\/es\/254775\/"},"modified":"2025-11-25T09:28:12","modified_gmt":"2025-11-25T09:28:12","slug":"josele-ballester-una-promesa-cumplida","status":"publish","type":"post","link":"https:\/\/www.europesays.com\/es\/254775\/","title":{"rendered":"Josele Ballester, una promesa cumplida"},"content":{"rendered":"<p class=\"\">En las <b>International Series <\/b>del <a href=\"https:\/\/as.com\/masdeporte\/golf\/\" target=\"_self\" rel=\"nofollow noopener\" title=\"https:\/\/as.com\/masdeporte\/golf\/\"><b>Asian Tour<\/b><\/a>, caladero recurrente de puntos de ranking mundial para los \u2018expatriados\u2019 del <b>LIV<\/b>, encontr\u00f3 <b>Josele Ballester <\/b>el primer triunfo de su carrera profesional el s\u00e1bado. Una promesa, la de que atesora talento de sobra para ganar en la \u00e9lite de su deporte, que se ha cumplido solo cinco meses despu\u00e9s de dar el salto a la superliga saud\u00ed de la mano de los <b>Fireballs<\/b>.<\/p>\n<p class=\"\">En <b>Riad<\/b> (<b>Arabia<\/b>), en el oriente que tambi\u00e9n expuso los primeros trazos de calidad de <b>David Puig<\/b>, ganador en Singapur en 2023 y en <b>Malasia<\/b> en 2024, <a href=\"https:\/\/as.com\/masdeporte\/de-secreto-a-voces-a-realidad-josele-ballster-jugara-en-el-liv-n\/\" target=\"_self\" rel=\"nofollow noopener\" title=\"https:\/\/as.com\/masdeporte\/de-secreto-a-voces-a-realidad-josele-ballster-jugara-en-el-liv-n\/\"><b>Josele<\/b><\/a> se impuso con tres golpes de ventaja sobre<b> Caleb Surratt<\/b>, pupilo de <b>Jon Rahm<\/b> en la <b>Legion XIII<\/b>. No subi\u00f3 de 66 golpes en toda la semana. Entreg\u00f3 una tarjeta de 65 el \u00faltimo d\u00eda, con seis de los 24 birdies que emboc\u00f3 entre las cuatro jornadas. <b>Un despliegue poderoso en un campo desconocido<\/b>, pues la parada que hace all\u00ed anualmente el LIV se la perdi\u00f3 al incorporarse con la temporada ya empezada. <\/p>\n<p class=\"\">No sorprende. Al fin y al cabo ya gan\u00f3 el <b>US Amateur<\/b> en 2024, terreno nunca antes conquistado por un espa\u00f1ol, sin haber puesto un pie anteriormente en <b>Hazeltine<\/b>. La inexperiencia la suple en varios apartados. Tiene el molde \u00f3ptimo del golf contempor\u00e1neo: un f\u00edsico privilegiado y un driver que es una bomba at\u00f3mica; le entrena en su <b>Castell\u00f3n<\/b> natal <b>Victor Garc\u00eda<\/b>, el padre de <b>Sergio<\/b>, a quien ha tenido como un envidiable cicerone en su desembarco en el profesionalismo; y le acompa\u00f1a en la bolsa <b>Javier Erviti<\/b>, que ha trabajado para <b>Renato Paratore<\/b> o<b> Emiliano Grillo<\/b> anteriormente. Adem\u00e1s conoce bien las implicaciones del alto rendimiento. Su padre, <b>Jos\u00e9 Luis Ballester<\/b>, fue un nadador ol\u00edmpico en mariposa en tres ediciones y su madre, <b>Sonia Barrio<\/b>, form\u00f3 parte de la m\u00edtica Selecci\u00f3n que conquist\u00f3 el oro en hockey hierba en <b>Barcelona 1992<\/b>. <\/p>\n<p class=\"\">\u201cDesde que eres peque\u00f1o sue\u00f1as con que llegue el momento de ganar tu primer torneo profesional. Por cosas como esta trabajo duro cada d\u00eda. Es fant\u00e1stico haberlo logrado al fin y me motiva para seguir.<b> Los \u00faltimos meses han sido geniales. He aprendido muchas cosas desde que me uni al LIV.<\/b> Ten\u00eda que mejorar y en poco tiempo lo he hecho much\u00edsimo. Ahora s\u00e9 que puedo competir al m\u00e1ximo nivel con los mejores del mundo\u201c, dec\u00eda el s\u00e1bado, en su estilo, tan explosivo dentro del campo como prudente cuando tiene un micro delante, Josele, <b>otro producto de la aparentemente inagotable cantera en la que se ha convertido la universidad de Arizona State para el golf espa\u00f1ol<\/b>. <\/p>\n<p class=\"\">La factor\u00eda que termin\u00f3 de dar forma a grandes figuras como <b>Jon Rahm<\/b> o<b> Carlota Ciganda<\/b>, y a buena parte de la gran hornada que viene en la generaci\u00f3n inmediatamente posterior a la suya. Tambi\u00e9n pasaron por all\u00ed <b>Alejandro del Rey<\/b>, que este a\u00f1o consigui\u00f3 su primer triunfo en el circuito europeo, y el citado <b>Puig<\/b>, que en 2026 compartir\u00e1 con Josele la primera temporada completa de este en los <b>Fireballs<\/b>, a los que podr\u00eda unirse de nuevo<b> Luis Masaveu<\/b>, el descartado para hacerle hueco el pasado junio, si se confirma el trasvase de <b>Ancer<\/b> a los <b>Torque<\/b>. De confirmarse el cambio de cromos, formar\u00edan junto a<b> Sergio Garc\u00eda<\/b>, el capit\u00e1n, el primer cuarteto \u00edntegro de este pa\u00eds de la corta historia del LIV. Uno que comprender\u00eda buena parte de lo que ha sido y de lo que ser\u00e1 el golf espa\u00f1ol en este siglo. <\/p>\n<p>Noticias relacionadas<\/p>\n<p class=\"\"><b>\u00a1Tus opiniones importan!<\/b> Comenta en los art\u00edculos y suscr\u00edbete gratis a nuestra <a href=\"https:\/\/asfan.as.com\/newsletters\/\" target=\"_blank\" rel=\"nofollow noopener\" title=\"https:\/\/asfan.as.com\/newsletters\/\">newsletter<\/a> y a las alertas informativas en la <a href=\"https:\/\/as.com\/aplicacion-de-as-n\/\" target=\"_blank\" rel=\"nofollow noopener\" title=\"https:\/\/as.com\/aplicacion-de-as-n\/\">App<\/a> o el canal de <a href=\"https:\/\/www.whatsapp.com\/channel\/0029VaAasdA7j6g745nz9M10\" target=\"_blank\" rel=\"nofollow noopener\" title=\"https:\/\/www.whatsapp.com\/channel\/0029VaAasdA7j6g745nz9M10\">WhatsApp<\/a>.<\/p>\n<p class=\"\">\u00bfBuscas licenciar contenido? Haz clic <a href=\"https:\/\/profesional.elpais.com\/soluciones-sindicacion?utm_medium=interno&amp;utm_source=crosslinking&amp;utm_campaign=sindicacion_as_pie_articulos\" target=\"_blank\" rel=\"nofollow noopener\" title=\"https:\/\/profesional.elpais.com\/soluciones-sindicacion?utm_medium=interno&amp;utm_source=crosslinking&amp;utm_campaign=sindicacion_as_pie_articulos\">aqu\u00ed<\/a><\/p>\n","protected":false},"excerpt":{"rendered":"En las International Series del Asian Tour, caladero recurrente de puntos de ranking mundial para los \u2018expatriados\u2019 del&hellip;\n","protected":false},"author":2,"featured_media":250200,"comment_status":"","ping_status":"","sticky":false,"template":"","format":"standard","meta":{"footnotes":""},"categories":[275],"tags":[168,25,24,329,23,167],"class_list":{"0":"post-254775","1":"post","2":"type-post","3":"status-publish","4":"format-standard","5":"has-post-thumbnail","7":"category-golf","8":"tag-deportes","9":"tag-es","10":"tag-espana","11":"tag-golf","12":"tag-spain","13":"tag-sports"},"share_on_mastodon":{"url":"https:\/\/pubeurope.com\/@es\/115609633432248329","error":""},"_links":{"self":[{"href":"https:\/\/www.europesays.com\/es\/wp-json\/wp\/v2\/posts\/254775","targetHints":{"allow":["GET"]}}],"collection":[{"href":"https:\/\/www.europesays.com\/es\/wp-json\/wp\/v2\/posts"}],"about":[{"href":"https:\/\/www.europesays.com\/es\/wp-json\/wp\/v2\/types\/post"}],"author":[{"embeddable":true,"href":"https:\/\/www.europesays.com\/es\/wp-json\/wp\/v2\/users\/2"}],"replies":[{"embeddable":true,"href":"https:\/\/www.europesays.com\/es\/wp-json\/wp\/v2\/comments?post=254775"}],"version-history":[{"count":0,"href":"https:\/\/www.europesays.com\/es\/wp-json\/wp\/v2\/posts\/254775\/revisions"}],"wp:featuredmedia":[{"embeddable":true,"href":"https:\/\/www.europesays.com\/es\/wp-json\/wp\/v2\/media\/250200"}],"wp:attachment":[{"href":"https:\/\/www.europesays.com\/es\/wp-json\/wp\/v2\/media?parent=254775"}],"wp:term":[{"taxonomy":"category","embeddable":true,"href":"https:\/\/www.europesays.com\/es\/wp-json\/wp\/v2\/categories?post=254775"},{"taxonomy":"post_tag","embeddable":true,"href":"https:\/\/www.europesays.com\/es\/wp-json\/wp\/v2\/tags?post=254775"}],"curies":[{"name":"wp","href":"https:\/\/api.w.org\/{rel}","templated":true}]}}