{"id":254778,"date":"2025-11-25T09:30:11","date_gmt":"2025-11-25T09:30:11","guid":{"rendered":"https:\/\/www.europesays.com\/es\/254778\/"},"modified":"2025-11-25T09:30:11","modified_gmt":"2025-11-25T09:30:11","slug":"oficial-el-caja-rural-tiene-su-bomba-con-el-fichaje-de-gaviria","status":"publish","type":"post","link":"https:\/\/www.europesays.com\/es\/254778\/","title":{"rendered":"Oficial: el Caja Rural tiene su \u2018bomba\u2019 con el fichaje de Gaviria"},"content":{"rendered":"<p class=\"\"><a href=\"https:\/\/as.com\/noticias\/fernando-gaviria-rendon\/\" target=\"_self\" rel=\"nofollow noopener\" title=\"https:\/\/as.com\/noticias\/fernando-gaviria-rendon\/\">Fernando Gaviria<\/a> (31 a\u00f1os) es nuevo corredor del Caja Rural-Seguros RGA, <a href=\"https:\/\/as.com\/ciclismo\/mas_ciclismo\/el-caja-rural-y-fernando-gaviria-con-todo-de-cara-para-llegar-a-un-acuerdo-f202511-n\/\" target=\"_self\" rel=\"nofollow noopener\" title=\"https:\/\/as.com\/ciclismo\/mas_ciclismo\/el-caja-rural-y-fernando-gaviria-con-todo-de-cara-para-llegar-a-un-acuerdo-f202511-n\/\">un fichaje adelantado por AS el pasado 17 de noviembre<\/a> y que, una vez rubricada la firma, pudo ser anunciado por el equipo navarro. Es un fichaje de relumbr\u00f3n al tratarse de <b>un corredor que tiene 52 victorias en su palmar\u00e9s <\/b>(dos en el Tour, cinco en el Giro&#8230;) y que es un corredor que visti\u00f3 el maillot amarillo aspira a, todav\u00eda, no haber dicho su \u00faltima palabra. Hay tiempo para ello. Llega tras dos temporadas en el Movistar.<\/p>\n<p class=\"\">Gaviria se convierte as\u00ed en una pieza importante dentro de la formaci\u00f3n verde, donde partir\u00e1 con los galones de velocista junto al portugu\u00e9s <b>I\u00fari Leit\u00e3o<\/b>. Juntos se encargar\u00e1n de dar presencia al equipo en las numerosas llegadas masivas que salpican las diferentes pruebas que componen el calendario de <b>Caja Rural-Seguros RGA<\/b>, buscando sumar victorias a la par que conseguir el mayor n\u00famero de puntos UCI posible, objetivo fundamental para mantenerse entre las escuadras con opciones para participar cada a\u00f1o en las grandes vueltas. Actualmente, con esta llegada, el equipo cuenta con 27 fichas para 2026 pero se espera la salida de dos corredores, seg\u00fan pudo saber este medio, pese a que tienen contrato en vigor: Thomas Silva y Tyler Stites.<\/p>\n<p>\u201cSer\u00eda especiar estar en La Vuelta\u201d<\/p>\n<p class=\"\">\u201cLo que m\u00e1s me motiv\u00f3 a unirme a Caja Rural\u2013Seguros RGA fue la conversaci\u00f3n que mantuve con ellos, en la que percib\u00ed una gran ilusi\u00f3n por mi incorporaci\u00f3n. Me pareci\u00f3 una oportunidad muy interesante y conf\u00edo en dar lo mejor de m\u00ed. De cara a la pr\u00f3xima temporada, mi objetivo es trabajar bien, ayudar al equipo en todo lo que pueda e intentar lograr victorias. Disputar una gran vuelta ser\u00eda especial y en el caso de La Vuelta a Espa\u00f1a, poder luchar por conseguir el triplete de victorias en grandes vueltas ser\u00eda realmente emocionante\u201d, explica Gaviria sobre su fichaje.<\/p>\n<p>Noticias relacionadas<\/p>\n<p class=\"\"><b>\u00a1Tus opiniones importan!<\/b> Comenta en los art\u00edculos y suscr\u00edbete gratis a nuestra <a href=\"https:\/\/asfan.as.com\/newsletters\/\" target=\"_blank\" rel=\"nofollow noopener\" title=\"https:\/\/asfan.as.com\/newsletters\/\">newsletter<\/a> y a las alertas informativas en la <a href=\"https:\/\/as.com\/aplicacion-de-as-n\/\" target=\"_blank\" rel=\"nofollow noopener\" title=\"https:\/\/as.com\/aplicacion-de-as-n\/\">App<\/a> o el canal de <a href=\"https:\/\/www.whatsapp.com\/channel\/0029VaAasdA7j6g745nz9M10\" target=\"_blank\" rel=\"nofollow noopener\" title=\"https:\/\/www.whatsapp.com\/channel\/0029VaAasdA7j6g745nz9M10\">WhatsApp<\/a>. <\/p>\n<p class=\"\">\u00bfBuscas licenciar contenido? Haz clic <a href=\"https:\/\/profesional.elpais.com\/soluciones-sindicacion?utm_medium=interno&amp;utm_source=crosslinking&amp;utm_campaign=sindicacion_as_pie_articulos\" target=\"_blank\" rel=\"nofollow noopener\" title=\"https:\/\/profesional.elpais.com\/soluciones-sindicacion?utm_medium=interno&amp;utm_source=crosslinking&amp;utm_campaign=sindicacion_as_pie_articulos\">aqu\u00ed<\/a><\/p>\n","protected":false},"excerpt":{"rendered":"Fernando Gaviria (31 a\u00f1os) es nuevo corredor del Caja Rural-Seguros RGA, un fichaje adelantado por AS el pasado&hellip;\n","protected":false},"author":2,"featured_media":254779,"comment_status":"","ping_status":"","sticky":false,"template":"","format":"standard","meta":{"footnotes":""},"categories":[273],"tags":[313,312,168,25,24,23,167],"class_list":{"0":"post-254778","1":"post","2":"type-post","3":"status-publish","4":"format-standard","5":"has-post-thumbnail","7":"category-ciclismo","8":"tag-ciclismo","9":"tag-cycling","10":"tag-deportes","11":"tag-es","12":"tag-espana","13":"tag-spain","14":"tag-sports"},"share_on_mastodon":{"url":"https:\/\/pubeurope.com\/@es\/115609640869467494","error":""},"_links":{"self":[{"href":"https:\/\/www.europesays.com\/es\/wp-json\/wp\/v2\/posts\/254778","targetHints":{"allow":["GET"]}}],"collection":[{"href":"https:\/\/www.europesays.com\/es\/wp-json\/wp\/v2\/posts"}],"about":[{"href":"https:\/\/www.europesays.com\/es\/wp-json\/wp\/v2\/types\/post"}],"author":[{"embeddable":true,"href":"https:\/\/www.europesays.com\/es\/wp-json\/wp\/v2\/users\/2"}],"replies":[{"embeddable":true,"href":"https:\/\/www.europesays.com\/es\/wp-json\/wp\/v2\/comments?post=254778"}],"version-history":[{"count":0,"href":"https:\/\/www.europesays.com\/es\/wp-json\/wp\/v2\/posts\/254778\/revisions"}],"wp:featuredmedia":[{"embeddable":true,"href":"https:\/\/www.europesays.com\/es\/wp-json\/wp\/v2\/media\/254779"}],"wp:attachment":[{"href":"https:\/\/www.europesays.com\/es\/wp-json\/wp\/v2\/media?parent=254778"}],"wp:term":[{"taxonomy":"category","embeddable":true,"href":"https:\/\/www.europesays.com\/es\/wp-json\/wp\/v2\/categories?post=254778"},{"taxonomy":"post_tag","embeddable":true,"href":"https:\/\/www.europesays.com\/es\/wp-json\/wp\/v2\/tags?post=254778"}],"curies":[{"name":"wp","href":"https:\/\/api.w.org\/{rel}","templated":true}]}}