{"id":254782,"date":"2025-11-25T09:33:09","date_gmt":"2025-11-25T09:33:09","guid":{"rendered":"https:\/\/www.europesays.com\/es\/254782\/"},"modified":"2025-11-25T09:33:09","modified_gmt":"2025-11-25T09:33:09","slug":"oblak-el-numero-1-en-naturalidad","status":"publish","type":"post","link":"https:\/\/www.europesays.com\/es\/254782\/","title":{"rendered":"Oblak, el n\u00famero 1&#8230; en naturalidad"},"content":{"rendered":"<p data-mrf-recirculation=\"Links P\u00e1rrafos\" class=\"ue-c-article__paragraph paragraph ue-c-article--first-letter-highlighted\"><strong>Sadvertencia<\/strong> al entrar por el hall del Real Casino de Madrid de que no ser\u00eda la \u00faltima vez que nos ver\u00edamos las caras, por m\u00e1s que ya se haya convertido en una tradici\u00f3n, no ten\u00eda <strong>ni una pizca de arrogancia<\/strong>, sino que reflejaba la ambici\u00f3n que emana cuando se enfunda el 13. De otro modo <strong>Oblak <\/strong>no se habr\u00eda convertido en el mejor portero de la historia del <strong>Atl\u00e9tico <\/strong>ni habr\u00eda capitaneado a <strong>Eslovenia <\/strong>a su mejor clasificaci\u00f3n en una Eurocopa, los octavos de la \u00faltima.<\/p>\n<p data-mrf-recirculation=\"Links P\u00e1rrafos\" class=\"ue-c-article__paragraph paragraph\">Sin embargo, <strong>vestido de calle, Jan es el 1<\/strong>. Por sencillez, naturalidad, humildad y bonhom\u00eda. Lo comprobaron las grandes estrellas del deporte y el m\u00e1s an\u00f3nimo de los ciudadanos que le esperaban a las puertas del Casino. As\u00ed, en el breve pase\u00edllo desde el Hyundai que le llev\u00f3 a la gala hasta la entrada, no dudar\u00eda en posar para las fotos reclamadas.<\/p>\n<p data-mrf-recirculation=\"Links P\u00e1rrafos\" class=\"ue-c-article__paragraph paragraph\">Como no pod\u00eda ser de otro modo, su mesa ten\u00eda que ser la de los otros n\u00fameros 1 como <strong>Rafa Nadal, Marc M\u00e1rquez, Rudy Fern\u00e1ndez, Cazorla y un Casillas<\/strong> (sentado a su derecha en una ic\u00f3nica foto de los derbis) que cenaron junto al director de MARCA <strong>Juan Ignacio Gallardo<\/strong>.<\/p>\n<p data-mrf-recirculation=\"Links P\u00e1rrafos\" class=\"ue-c-article__paragraph paragraph\">No obstante, siempre agradecido al entorno que le ayuda a mantener los pies en el suelo y a no olvidar todo lo que ha trabajado para llegar a ser <strong>el Messi de las porter\u00edas<\/strong>, Jan tampoco quiso dejar de lado a su amigo <strong>Zoran Radenkovic<\/strong> y a su novia <strong>Olga Danilovic<\/strong> (tenista profesional que ya conoc\u00eda a Nadal de coincidir en el circuito), otro ejemplo de humildad al mostrar su deseo de compartir unas palabras con <strong>Carolina Mar\u00edn<\/strong> cuando fuera buen momento.<\/p>\n<p>Un tipo normal<\/p>\n<p data-mrf-recirculation=\"Links P\u00e1rrafos\" class=\"ue-c-article__paragraph paragraph\">Algo inherente a la pareja, pues las <strong>facilidades <\/strong>dadas por Oblak no se encuentran f\u00e1cilmente en el mundillo. Ni una pega a prestar por unas horas sus seis trofeos, ni un mal gesto a cualquier petici\u00f3n, entrevista, foto (significativa la de <strong>Cerezo, Alemany y Bucero<\/strong> arrop\u00e1ndole)&#8230; Con su mejor sonrisa siempre, contestar\u00eda mil veces c\u00f3mo est\u00e1 su rodilla. Como es, un tipo normal, sin acciones impostadas. El mejor 13 del f\u00fatbol, un 1 en la vida diaria.<\/p>\n","protected":false},"excerpt":{"rendered":"Sadvertencia al entrar por el hall del Real Casino de Madrid de que no ser\u00eda la \u00faltima vez&hellip;\n","protected":false},"author":2,"featured_media":254783,"comment_status":"","ping_status":"","sticky":false,"template":"","format":"standard","meta":{"footnotes":""},"categories":[268],"tags":[168,25,24,280,282,281,23,167],"class_list":{"0":"post-254782","1":"post","2":"type-post","3":"status-publish","4":"format-standard","5":"has-post-thumbnail","7":"category-futbol","8":"tag-deportes","9":"tag-es","10":"tag-espana","11":"tag-football","12":"tag-futbol","13":"tag-soccer","14":"tag-spain","15":"tag-sports"},"share_on_mastodon":{"url":"https:\/\/pubeurope.com\/@es\/115609652821816436","error":""},"_links":{"self":[{"href":"https:\/\/www.europesays.com\/es\/wp-json\/wp\/v2\/posts\/254782","targetHints":{"allow":["GET"]}}],"collection":[{"href":"https:\/\/www.europesays.com\/es\/wp-json\/wp\/v2\/posts"}],"about":[{"href":"https:\/\/www.europesays.com\/es\/wp-json\/wp\/v2\/types\/post"}],"author":[{"embeddable":true,"href":"https:\/\/www.europesays.com\/es\/wp-json\/wp\/v2\/users\/2"}],"replies":[{"embeddable":true,"href":"https:\/\/www.europesays.com\/es\/wp-json\/wp\/v2\/comments?post=254782"}],"version-history":[{"count":0,"href":"https:\/\/www.europesays.com\/es\/wp-json\/wp\/v2\/posts\/254782\/revisions"}],"wp:featuredmedia":[{"embeddable":true,"href":"https:\/\/www.europesays.com\/es\/wp-json\/wp\/v2\/media\/254783"}],"wp:attachment":[{"href":"https:\/\/www.europesays.com\/es\/wp-json\/wp\/v2\/media?parent=254782"}],"wp:term":[{"taxonomy":"category","embeddable":true,"href":"https:\/\/www.europesays.com\/es\/wp-json\/wp\/v2\/categories?post=254782"},{"taxonomy":"post_tag","embeddable":true,"href":"https:\/\/www.europesays.com\/es\/wp-json\/wp\/v2\/tags?post=254782"}],"curies":[{"name":"wp","href":"https:\/\/api.w.org\/{rel}","templated":true}]}}