{"id":254784,"date":"2025-11-25T09:34:08","date_gmt":"2025-11-25T09:34:08","guid":{"rendered":"https:\/\/www.europesays.com\/es\/254784\/"},"modified":"2025-11-25T09:34:08","modified_gmt":"2025-11-25T09:34:08","slug":"me-gustaria-que-el-medico-me-dijera-que-la-tengo-para-operarme","status":"publish","type":"post","link":"https:\/\/www.europesays.com\/es\/254784\/","title":{"rendered":"Me gustar\u00eda que el m\u00e9dico me dijera que la tengo para operarme"},"content":{"rendered":"<p class=\"c-paragraph\">Mucho se ha hablado de la relaci\u00f3n que mantienen <a href=\"https:\/\/www.20minutos.es\/tags\/instituciones-empresas\/andy-y-lucas.html\" title=\"Andy y Lucas\" rel=\"nofollow noopener\" target=\"_blank\">Andy y Lucas<\/a>, sobre todo despu\u00e9s de conocerse sus desavenencias y la ruptura final que ha puesto fin a dos d\u00e9cadas de colaboraci\u00f3n.<\/p>\n<p class=\"c-paragraph\">Ante las \u00faltimas declaraciones de Andy, con motivo del lanzamiento de su disco, Lucas ha reaccionado asegurando que no quiere demandarle. \u00a1 \u00abHemos discutido, pero si me preguntas si hemos llegado a las manos, nunca. Yo le quiero mucho y me duele todo esto que est\u00e1 sucediendo\u2026 Quiero pensar, y estoy convencido, de que alguien le est\u00e1 asesorando mal. <b>No quiero demandar a Andy<\/b>, el tiempo dir\u00e1, a mi me gustar\u00eda m\u00e1s construir que destruir\u00bb, confiesa a Javier de Hoyos, presentador de D coraz\u00f3n.<\/p>\n<p class=\"c-paragraph\">Sobre la cuesti\u00f3n econ\u00f3mica, y si se ha aprovechado del que era su compa\u00f1ero de grupo, vuelve a recalcar:\u00a0\u00abDonde m\u00e1s hemos facturado ha sido por la gira. Yo soy el compositor del grupo, tengo cerca de 120 canciones acumuladas. Vend\u00ed mi cat\u00e1logo de canciones. Y<b> que aparezca un promotor que me diga que le debo dinero, con la de gente que sabe que eso es falso&#8230;<\/b>\u00ab.<\/p>\n<p class=\"c-paragraph\">El artista tambi\u00e9n aborda el problema de su nariz. \u00abYo me he enfrentado a eso, he salido a la calle, me he puesto mis tiritas y he sido uno m\u00e1s.<b> He aguantado burlas y miradas por encima del hombro<\/b>\u00ab, sostiene.<\/p>\n<p class=\"c-paragraph\">Y, visiblemente devastado, expresa un deseo: \u00abEste martes tengo cita con el m\u00e9dico, <b>me gustar\u00eda que me dijera que tengo la nariz para operarme<\/b>, me levantar\u00eda de la silla llorando\u00bb.<\/p>\n","protected":false},"excerpt":{"rendered":"Mucho se ha hablado de la relaci\u00f3n que mantienen Andy y Lucas, sobre todo despu\u00e9s de conocerse sus&hellip;\n","protected":false},"author":2,"featured_media":251666,"comment_status":"","ping_status":"","sticky":false,"template":"","format":"standard","meta":{"footnotes":""},"categories":[174],"tags":[255,64191,146,147,25,24,693,256,4596,7357,57,23],"class_list":{"0":"post-254784","1":"post","2":"type-post","3":"status-publish","4":"format-standard","5":"has-post-thumbnail","7":"category-famosos","8":"tag-celebrities","9":"tag-devastado","10":"tag-entertainment","11":"tag-entretenimiento","12":"tag-es","13":"tag-espana","14":"tag-estado","15":"tag-famosos","16":"tag-habla","17":"tag-lucas","18":"tag-sobre","19":"tag-spain"},"share_on_mastodon":{"url":"https:\/\/pubeurope.com\/@es\/115609656769960005","error":""},"_links":{"self":[{"href":"https:\/\/www.europesays.com\/es\/wp-json\/wp\/v2\/posts\/254784","targetHints":{"allow":["GET"]}}],"collection":[{"href":"https:\/\/www.europesays.com\/es\/wp-json\/wp\/v2\/posts"}],"about":[{"href":"https:\/\/www.europesays.com\/es\/wp-json\/wp\/v2\/types\/post"}],"author":[{"embeddable":true,"href":"https:\/\/www.europesays.com\/es\/wp-json\/wp\/v2\/users\/2"}],"replies":[{"embeddable":true,"href":"https:\/\/www.europesays.com\/es\/wp-json\/wp\/v2\/comments?post=254784"}],"version-history":[{"count":0,"href":"https:\/\/www.europesays.com\/es\/wp-json\/wp\/v2\/posts\/254784\/revisions"}],"wp:featuredmedia":[{"embeddable":true,"href":"https:\/\/www.europesays.com\/es\/wp-json\/wp\/v2\/media\/251666"}],"wp:attachment":[{"href":"https:\/\/www.europesays.com\/es\/wp-json\/wp\/v2\/media?parent=254784"}],"wp:term":[{"taxonomy":"category","embeddable":true,"href":"https:\/\/www.europesays.com\/es\/wp-json\/wp\/v2\/categories?post=254784"},{"taxonomy":"post_tag","embeddable":true,"href":"https:\/\/www.europesays.com\/es\/wp-json\/wp\/v2\/tags?post=254784"}],"curies":[{"name":"wp","href":"https:\/\/api.w.org\/{rel}","templated":true}]}}