{"id":254785,"date":"2025-11-25T09:35:31","date_gmt":"2025-11-25T09:35:31","guid":{"rendered":"https:\/\/www.europesays.com\/es\/254785\/"},"modified":"2025-11-25T09:35:31","modified_gmt":"2025-11-25T09:35:31","slug":"mike-bouchet-cuestiona-la-forma-en-la-consumimos-en-fermay","status":"publish","type":"post","link":"https:\/\/www.europesays.com\/es\/254785\/","title":{"rendered":"Mike Bouchet cuestiona la forma en la consumimos en Fermay"},"content":{"rendered":"<p>La primera exposici\u00f3n individual en Espa\u00f1a de Mike Bouchet se mont\u00f3 en la isla, bajo el sugerente nombre de Bait and Tackle. En concreto en Fermay, y se puede ver desde el pasado s\u00e1bado. El creador lleva explorando desde los a\u00f1os noventa un universo que reinterpreta la cultura popular y la propia autor\u00eda art\u00edstica. El galerista Antoni Ferrer, fundador del espacio, se\u00f1ala el inter\u00e9s que tiene ofrecer la posibilidad de mostrar sus piezas a artistas \u00abque a\u00fan no han expuesto de forma individual en el pa\u00eds\u00bb. Bouchet, que reside en Fr\u00e1ncfort desde 2004, ha exhibido en bienales, museos y galer\u00edas de Europa y Estados Unidos, y su obra forma parte de colecciones internacionales. La muestra agrupa tanto pintura como escultura y act\u00faa como una revisi\u00f3n del universo creativo de Mike. Se presentan obras recientes as\u00ed como otras m\u00e1s antiguas que ofrecen una comprensi\u00f3n completa de una pr\u00e1ctica formalmente diversa, pero que mantiene una constante <a href=\"https:\/\/www.ultimahora.es\/etiqueta\/conceptual.html?utm_source=Inline-tag&amp;utm_medium=internal\" rel=\"nofollow noopener\" target=\"_blank\">conceptual<\/a>.<\/p>\n<p>El eje central es el cuestionamiento del consumismo estadounidense, ejemplificado en por un proyecto de 2004 donde el artista invent\u00f3 su propia cola para usarla de pigmento. \u00abQuer\u00eda hacerla m\u00e1s viscosa y negra, sin ning\u00fan aditivo azucarado\u00bb, explica el creador, que quiso algo parecido \u00aba la popular bebida como era en sus or\u00edgenes, una medicina, antes de su evoluci\u00f3n hasta convertirse en un \u00edcono del consumo\u00bb. El resultado son piezas sutiles compuestas de im\u00e1genes en las que la bebida de coca dej\u00f3 una coloraci\u00f3n similar a manchas de caf\u00e9.<\/p>\n<p>Esta fascinaci\u00f3n por el producto de consumo se extiende tambi\u00e9n a las botellas, cuyo dise\u00f1o el artista asocia con el cuerpo femenino. Destaca que \u00abse han transformado en contenedores cada vez m\u00e1s grandes, reflejando el fen\u00f3meno del \u00abpack familiar\u00bb y el crecimiento desmedido\u00bb. En la muestra se presenta una reinterpretaci\u00f3n de estas formas en esculturas que simulan botellas de vidrio soplado a mano y con capacidad para 14 litros.<\/p>\n<p>La obra m\u00e1s reciente del artista se centra en sus propias paletas, en las que mezcla los pigmentos. Durante las \u00faltimas dos d\u00e9cadas acumul\u00f3 m\u00e1s de cien, que le sirvieron de punto de partida a la hora de seleccionar fragmentos que luego mand\u00f3 reproducir a mano en Asia por pintores de encargo, ofreciendo un \u00abgiro consumista\u00bb a algo que tiene la impronta o sello del autor: su propia paleta.<\/p>\n<p>Este proceso genera una reflexi\u00f3n sobre la autor\u00eda y la producci\u00f3n, pasando de lo \u00abintransferible\u00bb de la paleta del artista a una producci\u00f3n en cadena que cuestiona los l\u00edmites de lo considera arte y c\u00f3mo este se relaciona con la \u00abmanufactura hecha por el hombre\u00bb, algo que Bouchet define como cultura.<\/p>\n<p>\u00abEs cualquier cosa que haga el hombre. Estamos acostumbrados a que sea algo grande y elocuente ligado a las bellas artes o a la escritura, y sin embargo, puede ser cualquier cosa\u00bb, se\u00f1ala el artista, que utiliza figuras ic\u00f3nicas de la cultura celebrity, como el actor Tom Cruise, para dialogar con los iconos populares. Algo que sirve para reflexionar sobre fen\u00f3menos actuales como la fama o el consumo y cuyo resultado se puede ver en Fermay desde el s\u00e1bado pasado.<\/p>\n","protected":false},"excerpt":{"rendered":"La primera exposici\u00f3n individual en Espa\u00f1a de Mike Bouchet se mont\u00f3 en la isla, bajo el sugerente nombre&hellip;\n","protected":false},"author":2,"featured_media":254786,"comment_status":"","ping_status":"","sticky":false,"template":"","format":"standard","meta":{"footnotes":""},"categories":[173],"tags":[229,1829,233,231,230,13148,209,232,234,146,147,25,24,31195,6765,64192,23],"class_list":{"0":"post-254785","1":"post","2":"type-post","3":"status-publish","4":"format-standard","5":"has-post-thumbnail","7":"category-arte-y-diseno","8":"tag-arte","9":"tag-arte-en-mallorca","10":"tag-arte-y-diseno","11":"tag-arts","12":"tag-arts-and-design","13":"tag-conceptual","14":"tag-cultura","15":"tag-design","16":"tag-diseno","17":"tag-entertainment","18":"tag-entretenimiento","19":"tag-es","20":"tag-espana","21":"tag-galeria-de-arte","22":"tag-pop","23":"tag-popart","24":"tag-spain"},"share_on_mastodon":{"url":"https:\/\/pubeurope.com\/@es\/115609660488770717","error":""},"_links":{"self":[{"href":"https:\/\/www.europesays.com\/es\/wp-json\/wp\/v2\/posts\/254785","targetHints":{"allow":["GET"]}}],"collection":[{"href":"https:\/\/www.europesays.com\/es\/wp-json\/wp\/v2\/posts"}],"about":[{"href":"https:\/\/www.europesays.com\/es\/wp-json\/wp\/v2\/types\/post"}],"author":[{"embeddable":true,"href":"https:\/\/www.europesays.com\/es\/wp-json\/wp\/v2\/users\/2"}],"replies":[{"embeddable":true,"href":"https:\/\/www.europesays.com\/es\/wp-json\/wp\/v2\/comments?post=254785"}],"version-history":[{"count":0,"href":"https:\/\/www.europesays.com\/es\/wp-json\/wp\/v2\/posts\/254785\/revisions"}],"wp:featuredmedia":[{"embeddable":true,"href":"https:\/\/www.europesays.com\/es\/wp-json\/wp\/v2\/media\/254786"}],"wp:attachment":[{"href":"https:\/\/www.europesays.com\/es\/wp-json\/wp\/v2\/media?parent=254785"}],"wp:term":[{"taxonomy":"category","embeddable":true,"href":"https:\/\/www.europesays.com\/es\/wp-json\/wp\/v2\/categories?post=254785"},{"taxonomy":"post_tag","embeddable":true,"href":"https:\/\/www.europesays.com\/es\/wp-json\/wp\/v2\/tags?post=254785"}],"curies":[{"name":"wp","href":"https:\/\/api.w.org\/{rel}","templated":true}]}}