{"id":254787,"date":"2025-11-25T09:38:16","date_gmt":"2025-11-25T09:38:16","guid":{"rendered":"https:\/\/www.europesays.com\/es\/254787\/"},"modified":"2025-11-25T09:38:16","modified_gmt":"2025-11-25T09:38:16","slug":"las-acusaciones-de-fernando-costa-a-ayax-en-te-avise-pagaste-para-que-esa-chica-retirara-su-denuncia-del-juzgado","status":"publish","type":"post","link":"https:\/\/www.europesays.com\/es\/254787\/","title":{"rendered":"Las acusaciones de\u00a0Fernando Costa a\u00a0Ayax\u00a0en &#8216;Te avis\u00e9&#8217;:\u00a0\u00abPagaste para que esa chica retirara su denuncia del juzgado\u00bb"},"content":{"rendered":"<p>Los raperos <strong>Fernando Costa y\u00a0Ayax<\/strong>\u00a0han pasado de ser amigos y\u00a0colaborar juntos\u00a0en el mundo de la m\u00fasica a ser <strong>grandes enemigos y lanzarse todo tipo de acusaciones.<\/strong> La guerra se ha reavivado tras\u00a0salir a la luz <strong>la canci\u00f3n \u2018Te avis\u00e9\u2019,\u00a0de Costa<\/strong>, donde\u00a0el artista\u00a0nacido en Ibiza\u00a0<strong>confirma las supuestas agresiones<\/strong> por las que ha sido denunciado\u00a0Ayax.\u00a0<strong>\u201cPagaste para que esa chica retirara su denuncia del juzgado\u201d,<\/strong> dice en una de las estrofas.\u00a0<\/p>\n<p>Una acusaci\u00f3n en forma de canci\u00f3n a la que le siguen otras\u00a0como esta:\u00a0<strong>\u201cTe avis\u00e9 cuando peleaste con tu exnovia y la hiciste llorar<\/strong> delante del camerino. Lloraba ella cuando fuiste t\u00fa de putas mientras ella so\u00f1aba contigo\u201d.\u00a0La letra tambi\u00e9n dice:\u00a0<strong>\u201cMe cans\u00e9 de avisarte<\/strong>, en ese momento dejaste de ser mi amigo\u201d.\u00a0\u00a0<\/p>\n<p>Las acusaciones de Fernando Costa a Ayax en la canci\u00f3n &#8216;Te avis\u00e9&#8217; reavivan la guerra<\/p>\n<p>La canci\u00f3n <strong>\u2018Te avis\u00e9\u2019 de Fernandocosta<\/strong>, que\u00a0ya cuenta<strong> con m\u00e1s de 700.000 reproducciones<\/strong> en\u00a0Youtube en menos de 24 horas,\u00a0llega despu\u00e9s de que\u00a0<strong>Ayax\u00a0y\u00a0su hermano gemelo\u00a0Prok<\/strong>\u00a0(Adri\u00e1n Pedrosa)\u00a0fueran\u00a0<strong>acusados de presunto abuso, acoso, maltrato<\/strong> f\u00edsico y psicol\u00f3gico, <strong>violaci\u00f3n y sumisi\u00f3n qu\u00edmica<\/strong>\u00a0a finales de\u00a02024.\u00a0<strong>Incluso las exparejas de\u00a0Ayax\u00a0y\u00a0Prok<\/strong>\u00a0llegaron a relatar las supuestas agresiones sufridas mientras dur\u00f3 la relaci\u00f3n y <strong>subieron fotos como pruebas.\u00a0<\/strong><\/p>\n<p>La <strong>periodista\u00a0Cristina Fallar\u00e1s<\/strong> recibi\u00f3 numerosas denuncias de chicas, cuando salt\u00f3 el caso de \u00cd\u00f1igo Errej\u00f3n, y las\u00a0hizo p\u00fablicas en sus redes. Despu\u00e9s\u00a0han quedado recogidas en la cuenta de Instagram <strong>Denuncias Granada<\/strong>, que\u00a0tiene m\u00e1s de 30.000 seguidores y se han podido leer <strong>cerca de cien testimonios.\u00a0<\/strong>Todo este esc\u00e1ndalo provoc\u00f3\u00a0<strong>la ruptura de\u00a0su oficina de\u00a0management<\/strong>, Taste\u00a0The\u00a0Floor,\u00a0con el d\u00fao <strong>ante\u00a0las\u00a0\u201cnumerosas y grav\u00edsimas acusaciones\u201d.\u00a0\u00a0<\/strong><\/p>\n<p>Los <strong>testimonios de estas chicas, varias de ellas menores de edad,<\/strong>\u00a0hablan de\u00a0supuestas\u00a0situaciones de sumisi\u00f3n qu\u00edmica o tocamientos aludiendo<strong> a\u00a0\u201cun cantante muy famoso de Granada<\/strong> que ha hecho hasta series y pel\u00edculas de Netflix\u201d,\u00a0<strong>\u201cuno de los gemelos\u201d<\/strong>,\u00a0\u201clos dos hermanos\u201d, <strong>adem\u00e1s de\u00a0dar\u00a0las iniciales\u00a0\u201cA\u201d\u00a0y\u00a0\u201cP\u201d.\u00a0\u00a0<\/strong><\/p>\n<p>Hace unos meses <strong>Cristina Fallar\u00e1s anunci\u00f3 que\u00a0Ayax\u00a0le hab\u00eda denunciado<\/strong> por atentar contra su honor, despu\u00e9s de publicar el citado relato de una agresi\u00f3n sexual, ella se justific\u00f3 diciendo que \u00e9l se dio por aludido sin publicar su nombre. \u201cResulta que <strong>publiqu\u00e9 el relato de una chica <\/strong>y el consider\u00f3 entonces que era un delito contra su honor. <strong>El nombre del tal\u00a0Ayax\u00a0no aparec\u00eda en el relato\u201d<\/strong>, argument\u00f3.\u00a0\u00a0<\/p>\n<p><strong>En la canci\u00f3n \u2018Te avis\u00e9\u2019,<\/strong> Fernando Costa tambi\u00e9n denuncia: <strong>\u201cNo se imaginaban que el maltrato ven\u00eda disfrazado de feminista\u201d.<\/strong>\u00a0Y asegura\u00a0que\u00a0aunque\u00a0Ayax\u00a0es \u201cespecialista en darle la vuelta a las cosas\u201d, esta vez eso no le servir\u00e1 de nada.\u00a0<strong>\u201cYo no soy una\u00a0grupi, no puedes abusarme\u201d.\u00a0\u00a0<\/strong><\/p>\n<p>En el\u00a0beef, tambi\u00e9n define a\u00a0Ayax\u00a0como<strong> \u201cbaboso, narcisista, manipulador, t\u00f3xico, inseguro y celoso\u201d\u00a0<\/strong>y\u00a0dice: \u201cMujeres, mujeres, m\u00e1s mujeres, <strong>deja de nombrarlas porque ninguna te quiere\u201d.<\/strong>\u00a0Para despu\u00e9s volver a incidir en que <strong>\u201cya nadie te quiere, aqu\u00ed termina tu carrera\u201d.\u00a0\u00a0<\/strong><\/p>\n<p>Por \u00faltimo, Fernandocosta\u00a0acaba diciendo:<strong> \u201cDa igual lo que inventes<\/strong>, cabr\u00f3n, lo que has hecho no se borra. Recuerda algo: <strong>el culpable sigue siendo culpable, aunque cumpla su condena.<\/strong> As\u00ed que deja el papel de pobrecito, porque <strong>aqu\u00ed la v\u00edctima no eres t\u00fa\u201d.\u00a0<\/strong><\/p>\n<p>\u00bfQu\u00e9 ha pasado entre Fernando Costa y\u00a0Ayax?<\/p>\n<p><strong>La guerra entre Fernando Costa y\u00a0Ayax<\/strong>, que fueron amigos durante a\u00f1os, comenz\u00f3\u00a0con <strong>unas declaraciones que hizo\u00a0Costa<\/strong> que no gustaron al hermano de\u00a0Prok.\u00a0<strong>Ayax\u00a0le contest\u00f3<\/strong> en sus redes sociales:<strong>\u00a0\u201cRecuerda hermanito que sin m\u00ed no ser\u00edas nadie. <\/strong>Tu hijo es mi nieto porque <strong>yo soy tu padre\u201d,<\/strong> escribi\u00f3.\u00a0<\/p>\n<p>Adem\u00e1s,\u00a0<strong>Ayax\u00a0trat\u00f3 de humillarle <\/strong>con su tema \u2018Justicia Po\u00e9tica\u2019, donde dec\u00eda: \u201cVoy a follarte vivo, pase lo que pase \/ Eres un envoltorio, un molino giratorio \/ <strong>Amor falso, amor de estraperlo \/ 14 a\u00f1os, nunca llegu\u00e9 a conocerlo <\/strong>\/Hermanito, toca madera \/ <strong>Eres Fernandito,\u00a0Malaramera\u201d<\/strong>. Adem\u00e1s de acusar a Costa de <strong>haberle traicionado<\/strong>, deja caer\u00a0que podr\u00eda tener a <strong>alguien que le escribe las letras<\/strong> de las canciones.\u00a0<\/p>\n<p>Ahora, la canci\u00f3n de Fernanco Costa, &#8216;Te avis\u00e9&#8217;, ha reavivado a\u00fan m\u00e1s la guerra entre ellos. Cada estrofa de su \u00faltimo tema <strong>es un claro dardo<\/strong> hacia su examigo, Ayax.<\/p>\n<p>A pesar de todo el esc\u00e1ndalo,\u00a0<strong>Ayax\u00a0y\u00a0Prok\u00a0no parec\u00edan\u00a0muy afectados<\/strong> por\u00a0las\u00a0denuncias\u00a0y <strong>hab\u00edan\u00a0anunciado\u00a0una\u00a0gira<\/strong>, Indestructibles. Seis conciertos que no inclu\u00edan\u00a0Granada, su ciudad natal, ni Madrid, de donde proceden gran parte de las denuncias.\u00a0Sin embargo, <strong>el pasado 8 de noviembre,<\/strong> <strong>los hermanos\u00a0Ayax\u00a0y\u00a0Prok\u00a0anunciaron que se separan<\/strong>\u00a0y la cancelaci\u00f3n de su concierto en el Palau Sant Jordi\u00a0en Barcelona.\u00a0\u00a0<\/p>\n<p><strong>La separaci\u00f3n del\u00a0d\u00fao<\/strong>\u00a0se produce\u00a0tras m\u00e1s de una d\u00e9cada juntos <strong>debido a\u00a0las m\u00faltiples denuncias de supuesta agresi\u00f3n sexual<\/strong>\u00a0que han recibido en el\u00a0\u00faltimo\u00a0a\u00f1o.\u00a0<\/p>\n<p><img decoding=\"async\" alt=\"Los hermanos Ayax y Prok\" src=\"https:\/\/www.europesays.com\/es\/wp-content\/uploads\/2025\/11\/articulos-2558933.jpg\" style=\"width:20%\"\/>\u00a0Los hermanos Ayax y Prok<\/p>\n<p>\u00a0<\/p>\n","protected":false},"excerpt":{"rendered":"Los raperos Fernando Costa y\u00a0Ayax\u00a0han pasado de ser amigos y\u00a0colaborar juntos\u00a0en el mundo de la m\u00fasica a ser&hellip;\n","protected":false},"author":2,"featured_media":254788,"comment_status":"","ping_status":"","sticky":false,"template":"","format":"standard","meta":{"footnotes":""},"categories":[170],"tags":[146,147,25,24,184,185,23],"class_list":{"0":"post-254787","1":"post","2":"type-post","3":"status-publish","4":"format-standard","5":"has-post-thumbnail","7":"category-musica","8":"tag-entertainment","9":"tag-entretenimiento","10":"tag-es","11":"tag-espana","12":"tag-music","13":"tag-musica","14":"tag-spain"},"share_on_mastodon":{"url":"https:\/\/pubeurope.com\/@es\/115609673225597086","error":""},"_links":{"self":[{"href":"https:\/\/www.europesays.com\/es\/wp-json\/wp\/v2\/posts\/254787","targetHints":{"allow":["GET"]}}],"collection":[{"href":"https:\/\/www.europesays.com\/es\/wp-json\/wp\/v2\/posts"}],"about":[{"href":"https:\/\/www.europesays.com\/es\/wp-json\/wp\/v2\/types\/post"}],"author":[{"embeddable":true,"href":"https:\/\/www.europesays.com\/es\/wp-json\/wp\/v2\/users\/2"}],"replies":[{"embeddable":true,"href":"https:\/\/www.europesays.com\/es\/wp-json\/wp\/v2\/comments?post=254787"}],"version-history":[{"count":0,"href":"https:\/\/www.europesays.com\/es\/wp-json\/wp\/v2\/posts\/254787\/revisions"}],"wp:featuredmedia":[{"embeddable":true,"href":"https:\/\/www.europesays.com\/es\/wp-json\/wp\/v2\/media\/254788"}],"wp:attachment":[{"href":"https:\/\/www.europesays.com\/es\/wp-json\/wp\/v2\/media?parent=254787"}],"wp:term":[{"taxonomy":"category","embeddable":true,"href":"https:\/\/www.europesays.com\/es\/wp-json\/wp\/v2\/categories?post=254787"},{"taxonomy":"post_tag","embeddable":true,"href":"https:\/\/www.europesays.com\/es\/wp-json\/wp\/v2\/tags?post=254787"}],"curies":[{"name":"wp","href":"https:\/\/api.w.org\/{rel}","templated":true}]}}