{"id":254798,"date":"2025-11-25T09:51:21","date_gmt":"2025-11-25T09:51:21","guid":{"rendered":"https:\/\/www.europesays.com\/es\/254798\/"},"modified":"2025-11-25T09:51:21","modified_gmt":"2025-11-25T09:51:21","slug":"no-podriamos-haber-pedido-un-mejor-cierre","status":"publish","type":"post","link":"https:\/\/www.europesays.com\/es\/254798\/","title":{"rendered":"\u201cNo podr\u00edamos haber pedido un mejor cierre\u201d"},"content":{"rendered":"<p><strong>En la jornada del s\u00e1bado se puso punto final a una edici\u00f3n hist\u00f3rica en el CC El Paso<\/strong>. La primera <a href=\"https:\/\/www.ellitoral.com\/temas\/copa-santa-fe\" target=\"_self\" title=\"Copa \" alt=\"Copa \" rel=\"nofollow noopener\">Copa <\/a>de <a href=\"https:\/\/www.ellitoral.com\/tags\/golf\" target=\"_self\" title=\"Golf \" alt=\"Golf \" rel=\"nofollow noopener\">Golf <\/a>reuni\u00f3 a 4.000 jugadores inscriptos y a 21 instituciones, coronando un evento sin precedentes con una fecha tan competitiva como emocionante.<\/p>\n<p><strong>El primero en tomar la palabra fue Pablo D\u00edaz Guerra, director ejecutivo de la Federaci\u00f3n de Golf del Sur del Litoral,<\/strong> quien se mostr\u00f3 plenamente satisfecho por el desarrollo del torneo.<\/p>\n<p><img decoding=\"async\" src=\"https:\/\/www.europesays.com\/es\/wp-content\/uploads\/2025\/11\/ut75kolCu_870x580__1.jpg\" alt=\"En la jornada del s\u00e1bado se puso punto final a una edici\u00f3n hist\u00f3rica en el CC El Paso\" width=\"870\" height=\"580\" class=\"styles_cover-image__pRCD1\" loading=\"lazy\"\/>En la jornada del s\u00e1bado se puso punto final a una edici\u00f3n hist\u00f3rica en el CC El Paso<\/p>\n<p>\u201cLlegar a esta fecha, a este evento que a principios de a\u00f1o parec\u00eda tan lejano, y hoy poder estar vivi\u00e9ndolo, es realmente incre\u00edble. Hasta el clima acompa\u00f1\u00f3. No podr\u00edamos haber pedido un mejor cierre\u201d, expres\u00f3.<\/p>\n<p><strong>Un formato pensado para todos los clubes<\/strong><\/p>\n<p><strong>Al referirse a c\u00f3mo se dise\u00f1\u00f3 el formato y al trabajo realizado durante todo el a\u00f1o, D\u00edaz Guerra destac\u00f3:<\/strong><\/p>\n<p>\u201cEl desaf\u00edo era representar a todos los golfistas de la provincia. Estar presentes en cada club, recorrer toda la geograf\u00eda provincial y garantizar que todos llegaran a esta gran final en igualdad de condiciones. La idea siempre fue que, desde el club m\u00e1s grande con mayor cantidad de jugadores hasta el m\u00e1s peque\u00f1o, todos pudieran realizar su clasificatoria y tener su equipo en la final\u201d.<\/p>\n<p><img decoding=\"async\" src=\"https:\/\/www.europesays.com\/es\/wp-content\/uploads\/2025\/11\/T47-dLZ7W_870x580__1.jpg\" alt=\"En la jornada del s\u00e1bado se puso punto final a una edici\u00f3n hist\u00f3rica en el CC El Paso\" width=\"870\" height=\"580\" class=\"styles_cover-image__pRCD1\" loading=\"lazy\"\/>En la jornada del s\u00e1bado se puso punto final a una edici\u00f3n hist\u00f3rica en el CC El Paso<\/p>\n<p><strong>Premiaci\u00f3n ampliada y reconocimientos especiales<\/strong><\/p>\n<p>Sobre la entrega de premios, detall\u00f3: \u201cHabr\u00e1 premios individuales para los mejores de cada categor\u00eda y, por supuesto, la copa principal por equipos. Adem\u00e1s, decidimos extender la premiaci\u00f3n hasta el quinto puesto, algo poco habitual en el golf, donde normalmente s\u00f3lo se distingue al primero o al segundo. En esta primera edici\u00f3n queremos que todas las categor\u00edas tengan premios\u201d.<\/p>\n<p><strong>Agradecimientos finales<\/strong><\/p>\n<p>Antes de cerrar, D\u00edaz Guerra dedic\u00f3 un momento especial para los reconocimientos. M\u00e1s all\u00e1 del acompa\u00f1amiento habitual de Loter\u00eda de Santa Fe, Quini 6 y el Gobierno provincial, sum\u00f3 agradecimientos particulares:<\/p>\n<p>\u201cQuiero agradecer especialmente al \u00e1rea de Secretar\u00eda de Turismo de la provincia, que nos abri\u00f3 las puertas para llevar adelante este proyecto. Tambi\u00e9n a la Secretar\u00eda de Deportes, a Santa Fe Producciones, que nos apoy\u00f3 en todo momento, y a los clubes, porque sin ellos esto no ser\u00eda posible\u201d.<\/p>\n","protected":false},"excerpt":{"rendered":"En la jornada del s\u00e1bado se puso punto final a una edici\u00f3n hist\u00f3rica en el CC El Paso.&hellip;\n","protected":false},"author":2,"featured_media":254799,"comment_status":"","ping_status":"","sticky":false,"template":"","format":"standard","meta":{"footnotes":""},"categories":[275],"tags":[16085,168,25,24,329,23,167],"class_list":{"0":"post-254798","1":"post","2":"type-post","3":"status-publish","4":"format-standard","5":"has-post-thumbnail","7":"category-golf","8":"tag-copa-santa-fe","9":"tag-deportes","10":"tag-es","11":"tag-espana","12":"tag-golf","13":"tag-spain","14":"tag-sports"},"share_on_mastodon":{"url":"https:\/\/pubeurope.com\/@es\/115609723891656538","error":""},"_links":{"self":[{"href":"https:\/\/www.europesays.com\/es\/wp-json\/wp\/v2\/posts\/254798","targetHints":{"allow":["GET"]}}],"collection":[{"href":"https:\/\/www.europesays.com\/es\/wp-json\/wp\/v2\/posts"}],"about":[{"href":"https:\/\/www.europesays.com\/es\/wp-json\/wp\/v2\/types\/post"}],"author":[{"embeddable":true,"href":"https:\/\/www.europesays.com\/es\/wp-json\/wp\/v2\/users\/2"}],"replies":[{"embeddable":true,"href":"https:\/\/www.europesays.com\/es\/wp-json\/wp\/v2\/comments?post=254798"}],"version-history":[{"count":0,"href":"https:\/\/www.europesays.com\/es\/wp-json\/wp\/v2\/posts\/254798\/revisions"}],"wp:featuredmedia":[{"embeddable":true,"href":"https:\/\/www.europesays.com\/es\/wp-json\/wp\/v2\/media\/254799"}],"wp:attachment":[{"href":"https:\/\/www.europesays.com\/es\/wp-json\/wp\/v2\/media?parent=254798"}],"wp:term":[{"taxonomy":"category","embeddable":true,"href":"https:\/\/www.europesays.com\/es\/wp-json\/wp\/v2\/categories?post=254798"},{"taxonomy":"post_tag","embeddable":true,"href":"https:\/\/www.europesays.com\/es\/wp-json\/wp\/v2\/tags?post=254798"}],"curies":[{"name":"wp","href":"https:\/\/api.w.org\/{rel}","templated":true}]}}