{"id":254800,"date":"2025-11-25T09:52:10","date_gmt":"2025-11-25T09:52:10","guid":{"rendered":"https:\/\/www.europesays.com\/es\/254800\/"},"modified":"2025-11-25T09:52:10","modified_gmt":"2025-11-25T09:52:10","slug":"rafa-nadal-abre-la-puerta-a-la-presidencia-del-real-madrid-y-le-dice-quien-manda-a-vinicius","status":"publish","type":"post","link":"https:\/\/www.europesays.com\/es\/254800\/","title":{"rendered":"Rafa Nadal abre la puerta a la presidencia del Real Madrid y le dice qui\u00e9n manda a Vin\u00edcius"},"content":{"rendered":"<p>Ya est\u00e1 retirado, pero como pasaba cuando estaba en activo al mejor deportista espa\u00f1ol de nuestra historia hay que escucharle siempre. <strong>Rafa Nadal<\/strong> ha sido entrevistado en el programa \u2018Universo Valdano\u2019 y el 22 veces ganador de Grand Slams habl\u00f3 de su <strong>Real Madrid<\/strong>. Nadal se sincer\u00f3 sobre si quiere ser presidente del conjunto blanco en un futuro.<\/p>\n<p>Esta fue la respuesta de Rafa Nadal:<\/p>\n<p>\u00abAhora tiene al mejor presidente, el <strong>Real Madrid<\/strong>, y no necesita a otro. No se sabe lo que depara el futuro. A nivel conceptual claro que me gustar\u00eda, es un reto precioso, motivacional y excitante. Qu\u00e9 es lo que significa. Que tengo que hacer para ser eso. Tendr\u00eda que estar convencido de que estoy preparado. Me gustar\u00eda. Es posible que s\u00ed. No lo s\u00e9. Lo veo lejano\u00bb, dijo <strong>Rafa Nadal<\/strong>.<\/p>\n<p>Adem\u00e1s, el 14 veces campe\u00f3n de <strong>Roland Garros<\/strong> habl\u00f3 de <strong>Xabi Alonso<\/strong> y de los momentos de cr\u00edtica que se viven alrededor del t\u00e9cnico donostiarra. Nadal cree que a\u00fan es pronto para sacar conclusiones.<\/p>\n<p>\u00abEs cierto que en los \u00faltimos tres partidos no han ido tan bien como los jugadores ni el staff quer\u00edan, pero al final son momentos y no creo que nadie en el <strong>Real Madrid<\/strong> no hubiese firmado estar en la cima de <strong>LaLiga<\/strong> hace unos meses\u00bb, coment\u00f3 el campe\u00f3n espa\u00f1ol.<\/p>\n<p>El manacor\u00ed tambi\u00e9n le mand\u00f3 un mensaje a <strong>Vin\u00edcius<\/strong>: \u00abEl asunto Vinicius se arregla hablando. Desde el entendimiento de todas las partes. Tiene que entender qui\u00e9n es la autoridad y respetarla, y al club por lo que representa ser jugador del <strong>Real Madrid<\/strong>. Pero creo que \u00e9l lo hace en el sentido de esforzarse al m\u00e1ximo y todas esas cosas que salen de \u00e9l y que no gustan se pueden corregir desde el <strong>di\u00e1logo<\/strong> y una concienciaci\u00f3n de que seg\u00fan qu\u00e9 tipo de cosas se tienen que mejorar\u00bb.<\/p>\n","protected":false},"excerpt":{"rendered":"Ya est\u00e1 retirado, pero como pasaba cuando estaba en activo al mejor deportista espa\u00f1ol de nuestra historia hay&hellip;\n","protected":false},"author":2,"featured_media":254801,"comment_status":"","ping_status":"","sticky":false,"template":"","format":"standard","meta":{"footnotes":""},"categories":[274],"tags":[168,25,24,288,64195,6894,3048,23,167,327,326,10344],"class_list":{"0":"post-254800","1":"post","2":"type-post","3":"status-publish","4":"format-standard","5":"has-post-thumbnail","7":"category-tenis","8":"tag-deportes","9":"tag-es","10":"tag-espana","11":"tag-laliga","12":"tag-presidente-del-real-madrid","13":"tag-rafa-nadal","14":"tag-real-madrid","15":"tag-spain","16":"tag-sports","17":"tag-tenis","18":"tag-tennis","19":"tag-xabi-alonso"},"share_on_mastodon":{"url":"https:\/\/pubeurope.com\/@es\/115609727516033424","error":""},"_links":{"self":[{"href":"https:\/\/www.europesays.com\/es\/wp-json\/wp\/v2\/posts\/254800","targetHints":{"allow":["GET"]}}],"collection":[{"href":"https:\/\/www.europesays.com\/es\/wp-json\/wp\/v2\/posts"}],"about":[{"href":"https:\/\/www.europesays.com\/es\/wp-json\/wp\/v2\/types\/post"}],"author":[{"embeddable":true,"href":"https:\/\/www.europesays.com\/es\/wp-json\/wp\/v2\/users\/2"}],"replies":[{"embeddable":true,"href":"https:\/\/www.europesays.com\/es\/wp-json\/wp\/v2\/comments?post=254800"}],"version-history":[{"count":0,"href":"https:\/\/www.europesays.com\/es\/wp-json\/wp\/v2\/posts\/254800\/revisions"}],"wp:featuredmedia":[{"embeddable":true,"href":"https:\/\/www.europesays.com\/es\/wp-json\/wp\/v2\/media\/254801"}],"wp:attachment":[{"href":"https:\/\/www.europesays.com\/es\/wp-json\/wp\/v2\/media?parent=254800"}],"wp:term":[{"taxonomy":"category","embeddable":true,"href":"https:\/\/www.europesays.com\/es\/wp-json\/wp\/v2\/categories?post=254800"},{"taxonomy":"post_tag","embeddable":true,"href":"https:\/\/www.europesays.com\/es\/wp-json\/wp\/v2\/tags?post=254800"}],"curies":[{"name":"wp","href":"https:\/\/api.w.org\/{rel}","templated":true}]}}