{"id":254806,"date":"2025-11-25T09:56:12","date_gmt":"2025-11-25T09:56:12","guid":{"rendered":"https:\/\/www.europesays.com\/es\/254806\/"},"modified":"2025-11-25T09:56:12","modified_gmt":"2025-11-25T09:56:12","slug":"atletico-de-madrid-el-inter-volvio-a-declinar-entrenarse-en-el-metropolitano","status":"publish","type":"post","link":"https:\/\/www.europesays.com\/es\/254806\/","title":{"rendered":"Atl\u00e9tico de Madrid | El Inter volvi\u00f3 a declinar entrenarse en el Metropolitano"},"content":{"rendered":"<p data-gtm-element-container=\"modulo-texto-link\" class=\"paragraph\">El <strong>Atl\u00e9tico de Madrid <\/strong>ya piensa en el choque de <strong>Champions League<\/strong>, ante el<strong> Inter de Mil\u00e1n,<\/strong> de este mi\u00e9rcoles 26 de noviembre. El cuadro italiano ya conoce el <strong>Metropolitano<\/strong>, para su desgracia, despu\u00e9s de la eliminaci\u00f3n de hace unas temporadas, en las eliminatorias del torneo europeo.<\/p>\n<p>        Lee tambi\u00e9n<\/p>\n<p>    Redacci\u00f3n<\/p>\n<p>             <img loading=\"lazy\" decoding=\"async\" data-full-src=\"https:\/\/www.mundodeportivo.com\/uploads\/2025\/11\/24\/6924aa94e0949.jpeg\" alt=\"Eguinaldo de Sousa Lemos es un futbolista brasile\u00f1o que juega como delantero en el Shakhtar Donetsk.\" width=\"334\" height=\"164\" src=\"https:\/\/www.europesays.com\/es\/wp-content\/uploads\/2025\/11\/1764064570_735_6924aa94e0949.r_d.517-518.jpeg\" class=\"lazy\"\/><\/p>\n<p data-gtm-element-container=\"modulo-texto-link\" class=\"paragraph\">Ni entonces, ni ahora, el equipo lombardo quiso hacer algo que es habitual entre los equipos que compiten en el torneo, testar de primera mano el escenario en el que van a tener que batirse. Por segunda vez consecutiva, el<strong> Inter de Mil\u00e1n<\/strong> desestim\u00f3 entrenarse en el <strong>Metropolitano<\/strong>.<\/p>\n<p data-gtm-element-container=\"modulo-texto-link\" class=\"paragraph\">Hace unas temporadas, la <strong>UEFA <\/strong>obligaba a que se produjese dicha sesi\u00f3n previa antes de los partidos europeos. Luego redujo la norma a un simple paseo por el c\u00e9sped, que los equipos sol\u00edan protagonizar para estirar las piernas tras el viaje. Pero ya, ni siquiera es necesario hacerlo.<\/p>\n<p>        Lee tambi\u00e9n<\/p>\n<p>    Javier G. G\u00f3mara<\/p>\n<p>             <img loading=\"lazy\" decoding=\"async\" data-full-src=\"https:\/\/www.mundodeportivo.com\/uploads\/2025\/11\/23\/69234bdbb340e.jpeg\" alt=\"Horizontal\" width=\"334\" height=\"164\" src=\"https:\/\/www.europesays.com\/es\/wp-content\/uploads\/2025\/11\/69234bdbb340e.jpeg\" class=\"lazy\"\/><\/p>\n<p data-gtm-element-container=\"modulo-texto-link\" class=\"paragraph\">A pesar de que ser\u00e1 un partido crucial para los &#8216;nerazzurri&#8217;, que se enfrentar\u00e1n a uno de los equipos m\u00e1s experimentados de <strong>Europa <\/strong>en un estadio tan exigente como el <strong>Metropolitano<\/strong>, <strong>Christian Chivu<\/strong> prefiri\u00f3 que sus jugadores se entrenasen en <strong>Centro de Entrenamiento BPER de Appiano Gentile<\/strong> a las 11:00 horas, para posteriormente viajar a la capital de <strong>Espa\u00f1a<\/strong>. La preparaci\u00f3n para el partido sigue un calendario preciso, dise\u00f1ado para optimizar la concentraci\u00f3n y la condici\u00f3n f\u00edsica de los jugadores.<\/p>\n<p>        Lee tambi\u00e9n<\/p>\n<p>    Chema G. Fuente<\/p>\n<p>             <img loading=\"lazy\" decoding=\"async\" data-full-src=\"https:\/\/www.mundodeportivo.com\/uploads\/2025\/11\/24\/69249353df054.jpeg\" alt=\"El capit\u00e1n del Atl\u00e9tico recibi\u00f3 un reconocimiento del vestuario tras alcanzar los 700 partidos oficiales con el club.\" width=\"334\" height=\"164\" src=\"https:\/\/www.europesays.com\/es\/wp-content\/uploads\/2025\/11\/69249353df054.jpeg\" class=\"lazy\"\/><\/p>\n<p data-gtm-element-container=\"modulo-texto-link\" class=\"paragraph\">Eso s\u00ed, a las 19:00 horas, el Inter ofrecer\u00e1 su rueda de prensa oficial en el estadio del <strong>Atl\u00e9tico de Madrid<\/strong>. Antes de eso, el propio equipo colchonero se habr\u00e1 entrenado, a partir de las 18.00 horas; y una hora antes,<strong> Diego Pablo Simeone <\/strong>y un jugador de la primera plantilla rojiblanca, habr\u00e1n comparecido en rueda de prensa.\u00a0<\/p>\n","protected":false},"excerpt":{"rendered":"El Atl\u00e9tico de Madrid ya piensa en el choque de Champions League, ante el Inter de Mil\u00e1n, de&hellip;\n","protected":false},"author":2,"featured_media":254807,"comment_status":"","ping_status":"","sticky":false,"template":"","format":"standard","meta":{"footnotes":""},"categories":[268],"tags":[168,25,24,280,282,281,23,167],"class_list":{"0":"post-254806","1":"post","2":"type-post","3":"status-publish","4":"format-standard","5":"has-post-thumbnail","7":"category-futbol","8":"tag-deportes","9":"tag-es","10":"tag-espana","11":"tag-football","12":"tag-futbol","13":"tag-soccer","14":"tag-spain","15":"tag-sports"},"share_on_mastodon":{"url":"https:\/\/pubeurope.com\/@es\/115609743660635276","error":""},"_links":{"self":[{"href":"https:\/\/www.europesays.com\/es\/wp-json\/wp\/v2\/posts\/254806","targetHints":{"allow":["GET"]}}],"collection":[{"href":"https:\/\/www.europesays.com\/es\/wp-json\/wp\/v2\/posts"}],"about":[{"href":"https:\/\/www.europesays.com\/es\/wp-json\/wp\/v2\/types\/post"}],"author":[{"embeddable":true,"href":"https:\/\/www.europesays.com\/es\/wp-json\/wp\/v2\/users\/2"}],"replies":[{"embeddable":true,"href":"https:\/\/www.europesays.com\/es\/wp-json\/wp\/v2\/comments?post=254806"}],"version-history":[{"count":0,"href":"https:\/\/www.europesays.com\/es\/wp-json\/wp\/v2\/posts\/254806\/revisions"}],"wp:featuredmedia":[{"embeddable":true,"href":"https:\/\/www.europesays.com\/es\/wp-json\/wp\/v2\/media\/254807"}],"wp:attachment":[{"href":"https:\/\/www.europesays.com\/es\/wp-json\/wp\/v2\/media?parent=254806"}],"wp:term":[{"taxonomy":"category","embeddable":true,"href":"https:\/\/www.europesays.com\/es\/wp-json\/wp\/v2\/categories?post=254806"},{"taxonomy":"post_tag","embeddable":true,"href":"https:\/\/www.europesays.com\/es\/wp-json\/wp\/v2\/tags?post=254806"}],"curies":[{"name":"wp","href":"https:\/\/api.w.org\/{rel}","templated":true}]}}