{"id":254808,"date":"2025-11-25T09:57:09","date_gmt":"2025-11-25T09:57:09","guid":{"rendered":"https:\/\/www.europesays.com\/es\/254808\/"},"modified":"2025-11-25T09:57:09","modified_gmt":"2025-11-25T09:57:09","slug":"muere-jimmy-cliff-una-de-las-grandes-figuras-del-reggae","status":"publish","type":"post","link":"https:\/\/www.europesays.com\/es\/254808\/","title":{"rendered":"Muere Jimmy Cliff, una de las grandes figuras del reggae"},"content":{"rendered":"<p class=\"c-paragraph\"><b>Jimmy Cliff<\/b>, una de las grandes figuras del reggae, <b>ha fallecido a los 81 a\u00f1os por complicaciones de una neumon\u00eda<\/b>, seg\u00fan anunci\u00f3 este lunes su mujer, Latifa Chambers, en las redes sociales.\u00a0<\/p>\n<p class=\"c-paragraph\">\u00abCon profunda tristeza les comparto que mi esposo, Jimmy Cliff, falleci\u00f3 debido a una convulsi\u00f3n a consecuencia de una neumon\u00eda\u00bb, se\u00f1al\u00f3 Chambers, que quiso recordar a todos los que \u00abhan compartido camino con \u00e9l\u00bb.\u00a0<\/p>\n<p class=\"c-paragraph\">\u00abA todos sus fans de todo el mundo, sepan que su apoyo fue su fortaleza durante toda su carrera. <b>\u00c9l agradeci\u00f3 de verdad el cari\u00f1o de cada uno de ellos<\/b>\u00ab, agreg\u00f3.<\/p>\n<p class=\"c-paragraph\">Nacido el 30 de julio de 1944 en Saint James (Jamaica), James Chambers <b>comenz\u00f3 a participar en concursos musicales desde muy joven<\/b> y a los 17 a\u00f1os su carrera despeg\u00f3 con Hurricane Hattie tras convencer al productor de origen chino Leslie Kong de que le grabara sus primeros temas. Su consagraci\u00f3n lleg\u00f3 en 1969 con su disco hom\u00f3nimo, que contiene cl\u00e1sicos como Many Rivers to Cross, Vietnam y Wonderful World, Beautiful People.<\/p>\n<p class=\"c-paragraph\"><b>Se mud\u00f3 a Reino Unido y se convirti\u00f3 en una estrella del reggae y del ska<\/b>. Tanto que es uno de los dos miembros jamaicanos del Sal\u00f3n de la Fama del Rock and Roll, junto a Bob Marley.\u00a0<\/p>\n<p class=\"c-paragraph\">Tambi\u00e9n fue actor de cine y protagoniz\u00f3 una pel\u00edcula esencial del cine de Jamaica, <b>The Harder They Come<\/b> (Caiga quien caiga, 1972), en la que tambi\u00e9n se encarg\u00f3 de la banda sonora y a la que se le atribuye haber introducido el reggae en Estados Unidos.\u00a0<\/p>\n<p class=\"c-paragraph\">Cliff contribuy\u00f3 a difundir el sonido de Jamaica a nivel mundial con \u00e9xitos como The Harder They Come -tema principal del filme-, I Can See Clearly Now o You Can Get It If You Really Want. En 2012 gan\u00f3 un Grammy al mejor \u00e1lbum de reggae por Rebirth y en los \u00faltimos a\u00f1os trabaj\u00f3 con el productor ghan\u00e9s Kwame Yeboah, con el que regres\u00f3 al reggae m\u00e1s puro.<\/p>\n<p class=\"c-paragraph\">La influencia de Cliff ha sido reconocida por artistas como Rolling Stones, Elvis Costello, Annie Lennox o Paul Simon, con los que colabor\u00f3.<\/p>\n<p class=\"c-paragraph\">Otros como Bruce Springsteen, Willie Nelson, Cher, New Order o Fiona Apple han grabado versiones de sus canciones.<\/p>\n<p class=\"c-paragraph\">Mientras que <b>Bob Dylan proclam\u00f3 Vietnam como \u00abla mejor canci\u00f3n de protesta jam\u00e1s escrita\u00bb<\/b>, seg\u00fan destaca la web oficial de Cliff.<\/p>\n<p class=\"c-paragraph\">En una entrevista con EFE en 2015 asegur\u00f3 que \u00abla m\u00fasica es como el ox\u00edgeno. <b>Todos la necesitamos para seguir vivos y es lo que nos une a todos<\/b>\u00ab.<\/p>\n<p class=\"c-paragraph\">Y tras una carrera de m\u00e1s de 60 a\u00f1os, continuaba buscando su mejor canci\u00f3n. \u00abEstoy persigui\u00e9ndola todo el tiempo. Si mi m\u00fasica puede inspirar a alguien y hacer que quiera vivir una vida mejor y no rendirse, para m\u00ed es un gran \u00e9xito\u00bb.<\/p>\n","protected":false},"excerpt":{"rendered":"Jimmy Cliff, una de las grandes figuras del reggae, ha fallecido a los 81 a\u00f1os por complicaciones de&hellip;\n","protected":false},"author":2,"featured_media":254809,"comment_status":"","ping_status":"","sticky":false,"template":"","format":"standard","meta":{"footnotes":""},"categories":[174],"tags":[255,64050,146,147,25,24,256,20984,4207,8938,23,20877],"class_list":{"0":"post-254808","1":"post","2":"type-post","3":"status-publish","4":"format-standard","5":"has-post-thumbnail","7":"category-famosos","8":"tag-celebrities","9":"tag-cliff","10":"tag-entertainment","11":"tag-entretenimiento","12":"tag-es","13":"tag-espana","14":"tag-famosos","15":"tag-jimmy","16":"tag-las","17":"tag-muere","18":"tag-spain","19":"tag-una"},"share_on_mastodon":{"url":"https:\/\/pubeurope.com\/@es\/115609747602763323","error":""},"_links":{"self":[{"href":"https:\/\/www.europesays.com\/es\/wp-json\/wp\/v2\/posts\/254808","targetHints":{"allow":["GET"]}}],"collection":[{"href":"https:\/\/www.europesays.com\/es\/wp-json\/wp\/v2\/posts"}],"about":[{"href":"https:\/\/www.europesays.com\/es\/wp-json\/wp\/v2\/types\/post"}],"author":[{"embeddable":true,"href":"https:\/\/www.europesays.com\/es\/wp-json\/wp\/v2\/users\/2"}],"replies":[{"embeddable":true,"href":"https:\/\/www.europesays.com\/es\/wp-json\/wp\/v2\/comments?post=254808"}],"version-history":[{"count":0,"href":"https:\/\/www.europesays.com\/es\/wp-json\/wp\/v2\/posts\/254808\/revisions"}],"wp:featuredmedia":[{"embeddable":true,"href":"https:\/\/www.europesays.com\/es\/wp-json\/wp\/v2\/media\/254809"}],"wp:attachment":[{"href":"https:\/\/www.europesays.com\/es\/wp-json\/wp\/v2\/media?parent=254808"}],"wp:term":[{"taxonomy":"category","embeddable":true,"href":"https:\/\/www.europesays.com\/es\/wp-json\/wp\/v2\/categories?post=254808"},{"taxonomy":"post_tag","embeddable":true,"href":"https:\/\/www.europesays.com\/es\/wp-json\/wp\/v2\/tags?post=254808"}],"curies":[{"name":"wp","href":"https:\/\/api.w.org\/{rel}","templated":true}]}}