{"id":254810,"date":"2025-11-25T09:58:34","date_gmt":"2025-11-25T09:58:34","guid":{"rendered":"https:\/\/www.europesays.com\/es\/254810\/"},"modified":"2025-11-25T09:58:34","modified_gmt":"2025-11-25T09:58:34","slug":"trajo-consigo-la-estetica-de-los-rascacielos-de-la-escuela-de-chicago","status":"publish","type":"post","link":"https:\/\/www.europesays.com\/es\/254810\/","title":{"rendered":"trajo consigo la est\u00e9tica de los rascacielos de la Escuela de Chicago"},"content":{"rendered":"<p class=\"description\"><b>\u00a1Mejoramos la oferta de Black Friday!<\/b> Suscr\u00edbete hoy a Viajes National Geographic por <b>0,75\u20ac al mes<\/b>. \u00a1-82% por tiempo limitado!<\/p>\n<p><a href=\"https:\/\/tienda.rba.es\/revistas\/landing-suscripcion-viajes-national-geographic-black-friday-075?ORIGIN=REF&amp;rba_click=RBA_rev_ngmv_es_web_conv_pur_pro_noa_black-friday-2025_sus-dig_precio_fns&amp;rba_bh=ngmv\" class=\"more-link\" data-ga4_event=\"custom_event\" data-ga4_event_name=\"click_cta\" data-ga4_link_url=\"https:\/\/tienda.rba.es\/revistas\/landing-suscripcion-viajes-national-geographic-black-friday-075?ORIGIN=REF&amp;rba_click=RBA_rev_ngmv_es_web_conv_pur_pro_noa_black-friday-2025_sus-dig_precio_fns&amp;rba_bh=ngmv\" data-ga4_content_type=\"lead\" data-ga4_element=\"article_phrase\" rel=\"nofollow noopener\" target=\"_blank\">APROVECHA<\/a><\/p>\n<p>Cien a\u00f1os atr\u00e1s, los arquitectos Santiago Esteban de la Mora e Ignacio de C\u00e1rdenas Pastor idearon uno de los edificios m\u00e1s ic\u00f3nicos \u2014y, por entonces, vanguardistas\u2014 de la Val\u00e8ncia del siglo XX. <strong>Nac\u00eda as\u00ed la sede de la Compa\u00f1\u00eda Telef\u00f3nica de Espa\u00f1a, en plena plaza del Ayuntamiento, <\/strong>s\u00edmbolo del progreso t\u00e9cnico y econ\u00f3mico de una ciudad que empezaba a mirar al futuro. A diferencia de sus vecinos \u2014el Edificio de correos y tel\u00e9grafos (1915-1922) o el propio Ayuntamiento (1906), por ejemplo\u2014, <strong>aquella obra racionalista con elementos casticistas romp\u00eda con la est\u00e9tica dominante del entorno,<\/strong> marcada por el eclecticismo afrancesado y la ornamentaci\u00f3n del modernismo valenciano.\u00a0<\/p>\n<p>\u00a0<\/p>\n<p>\u00a0<\/p>\n<p>&#13;&#13;<\/p>\n<p>Cargando v\u00eddeo: Las 10 mejores ciudades del mundo<\/p>\n<p>Las 10 mejores ciudades del mundo<\/p>\n<p>\u00a0<\/p>\n<p><img loading=\"lazy\" decoding=\"async\"   src=\"https:\/\/www.europesays.com\/es\/wp-content\/uploads\/2025\/11\/ag-centenari-ii-01_18366000_251120111052_1200x800.webp.webp\" alt=\"AG Centenari II 01\" class=\"lazyload\" width=\"1200\" height=\"800\" data-aspectratio=\"1200\/800\"\/><\/p>\n<p>&#13;&#13;Foto: Grand Hotel Centenari&#13;<\/p>\n<p>\u00a0<\/p>\n<p>Esta nueva construcci\u00f3n trajo consigo <strong>\u201cla est\u00e9tica de los rascacielos de la llamada <a href=\"https:\/\/viajes.nationalgeographic.com.es\/a\/chicago_20779\" rel=\"nofollow noopener\" target=\"_blank\">Escuela de Chicago<\/a>\u00ab, un movimiento desconocido hasta entonces en nuestra ciudad\u201d, <\/strong>seg\u00fan recoge la Gu\u00eda de Arquitectura de Val\u00e8ncia del Colegio Territorial de Arquitectos de Valencia (CTAV). De l\u00edneas puras y esp\u00edritu sobrio, evitaba la grandilocuencia convirti\u00e9ndose en un emblema de la nueva modernidad. <strong>Un siglo despu\u00e9s, aquella obra revive bajo un nuevo nombre e identidad: el <a href=\"https:\/\/www.marriott.com\/es\/hotels\/vlcay-grand-hotel-centenari-valencia-autograph-collection\/overview\/\" rel=\"nofollow noopener\" target=\"_blank\">Grand Hotel Centenari Valencia.<\/a><\/strong><\/p>\n<p>\u00a0<\/p>\n<p>\u00a0<\/p>\n<p>&#13;<img decoding=\"async\" src=\"https:\/\/www.europesays.com\/es\/wp-content\/uploads\/2025\/11\/693641038_eba9d787_251120110048_1024x683.webp.webp\" alt=\"Grand Hotel Centenari Valencia\" class=\"lazyload\"\/>&#13;<br \/>\nGrand Hotel Centenari Valencia<\/p>\n<p>\u00a0<\/p>\n<p>\u00a0<\/p>\n<p><img loading=\"lazy\" decoding=\"async\"   src=\"https:\/\/www.europesays.com\/es\/wp-content\/uploads\/2025\/11\/ac-centenari-i-23-1_ca3bcb7b_251120111155_1200x800.webp.webp\" alt=\"AC Centenari I 23 (1)\" class=\"lazyload\" width=\"1200\" height=\"800\" data-aspectratio=\"1200\/800\"\/><\/p>\n<p>&#13;&#13;Foto: Grand Hotel Centenari&#13;<\/p>\n<p>En el centro neur\u00e1lgico de la ciudad, con sus cinco estrellas,<strong> este Autograph Collection de ACHM Hotels by Marriott ha sido una de las aperturas m\u00e1s celebradas del a\u00f1o en Val\u00e8ncia.<\/strong> Su rehabilitaci\u00f3n integral, firmada por el estudio ERRE arquitectura \u2014responsable tambi\u00e9n de otros iconos valencianos como <strong>el\u00a0<a href=\"https:\/\/viajes.nationalgeographic.com.es\/lifestyle\/palacio-barroco-valencia-que-se-ha-llenado-mejor-arte-actual_20006\" rel=\"nofollow noopener\" target=\"_blank\">Centro de Arte Hortensia Herrero<\/a>\u2014,<\/strong> ha devuelto la vida a un edificio que forma parte del imaginario urbano de la capital del Turia. M\u00e1s que una restauraci\u00f3n, se trata de un homenaje al tiempo: un di\u00e1logo entre el pasado y el presente que se inicia en 1925 hasta nuestros d\u00edas. De hecho, su propio nombre conmemora el centenario del proyecto original.<\/p>\n<p>\u00a0<\/p>\n<p>Para los socios y los arquitectos Jos\u00e9 Mart\u00ed, Amparo Roig y M. \u00c1ngeles Ros, su compromiso era <strong>\u201cencontrar ese equilibrio entre lo que el edificio fue y lo que deb\u00eda llegar a ser:<\/strong> respetar su historia, pero tambi\u00e9n adaptarlo a las exigencias de un hotel de cinco estrellas capaz de ofrecer una experiencia exclusiva a sus hu\u00e9spedes\u201d.<\/p>\n<p>\u00a0<\/p>\n<p><a href=\"https:\/\/viajes.nationalgeographic.com.es\/ubicacion-exacta\/pueblo-termal-rioja-que-este-fin-semana-se-inundara-humo_23877\" class=\"rel\" rel=\"nofollow noopener\" target=\"_blank\">&#13;&#13;<img loading=\"lazy\" decoding=\"async\" src=\"https:\/\/www.europesays.com\/es\/wp-content\/uploads\/2025\/11\/gettyimages_8e2a4048_1184519949_251124180840_550x807.webp.webp\" alt=\"GettyImages\" class=\"imagenRelacionado lazyload\" width=\"550\" height=\"807\" data-aspectratio=\"550\/807\"\/>&#13;&#13;<\/p>\n<p class=\"relatedTitle\">Seguir viajando<\/p>\n<p class=\"supertitle\">Humo y vapor<\/p>\n<p class=\"title\">El \u00abpueblo termal\u00bb de La Rioja que este fin de semana se inundar\u00e1 de humo<\/p>\n<p class=\"subtitle\">Una humareda densa de olor a romero purificar\u00e1 cada calle y esquina de la villa, rememorando y celebrando su historia y a sus antepasados.<\/p>\n<p><a href=\"https:\/\/viajes.nationalgeographic.com.es\/ubicacion-exacta\/pueblo-termal-rioja-que-este-fin-semana-se-inundara-humo_23877\" class=\"readarticle\" rel=\"nofollow noopener\" target=\"_blank\">Leer art\u00edculo<\/a><\/p>\n<p><\/a><\/p>\n<p>\u00a0<\/p>\n<p>\u00a0<\/p>\n<p>UN RESTAURANTE QUE BAILA AL RITMO DE LOS FELICES A\u00d1OS VEINTE<img loading=\"lazy\" decoding=\"async\"   src=\"https:\/\/www.europesays.com\/es\/wp-content\/uploads\/2025\/11\/ag-centenari-ii-05_6f41feff_251120111217_1200x800.webp.webp\" alt=\"AG Centenari II 05\" class=\"lazyload\" width=\"1200\" height=\"800\" data-aspectratio=\"1200\/800\"\/><\/p>\n<p>&#13;&#13;Foto: Grand Hotel Centenari&#13;<\/p>\n<p>El interiorismo toma los a\u00f1os veinte como hilo conductor. Las formas sinuosas, los brillos met\u00e1licos y la serena elegancia del Art D\u00e9co dialogan con la ciudad de la luz de Sorolla.<strong> Al cruzar el lobby, los altos techos y los detalles en madera noble invitan al visitante a un viaje en el tiempo<\/strong>. Bajo los pies, un pavimento de piedra natural en blanco y negro en forma hexagonal y, al alzar la vista, un techo espejado que juega al trampantojo.\u00a0<\/p>\n<p><strong>Tras el vest\u00edbulo, Soul of 1927, el bistr\u00f3 del hotel con una propuesta all day dining\u00a0(abierto todo el d\u00eda) de alma francesa y acento local. <\/strong>Entre mesas circulares y sillones color jade, emergen dos columnas de nogal que evocan las palmeras mediterr\u00e1neas \u2014<strong>imposible no recordar de los pilares helicoidales del interior de <a href=\"https:\/\/viajes.nationalgeographic.com.es\/a\/curiosidades-secretos-lonja-seda-monumento-valencia-que-esconde-palmeral-piedra_19761\" rel=\"nofollow noopener\" target=\"_blank\">la Lonja de la Seda<\/a><\/strong>\u2014.<\/p>\n<p>\u00a0<\/p>\n<p><a href=\"https:\/\/viajes.nationalgeographic.com.es\/ubicacion-exacta\/pueblo-medieval-valencia-que-sus-origenes-era-isla_23846\" class=\"rel\" rel=\"nofollow noopener\" target=\"_blank\">&#13;&#13;<img loading=\"lazy\" decoding=\"async\" src=\"https:\/\/www.europesays.com\/es\/wp-content\/uploads\/2025\/11\/alzira-valencia_31d87ffe_251118170228_550x807.webp.webp\" alt=\"Alzira, Valencia\" class=\"imagenRelacionado lazyload\" width=\"550\" height=\"807\" data-aspectratio=\"550\/807\"\/>&#13;&#13;<\/p>\n<p class=\"relatedTitle\">Seguir viajando<\/p>\n<p class=\"supertitle\">adi\u00f3s a un legado<\/p>\n<p class=\"title\">El pueblo medieval de Val\u00e8ncia que en sus or\u00edgenes era una isla<\/p>\n<p class=\"subtitle\">Arropada hace siglos por las aguas del J\u00facar, esta localidad es evidencia de la mezcla de todas las civilizaciones que han pasado por sus calles. <\/p>\n<p><a href=\"https:\/\/viajes.nationalgeographic.com.es\/ubicacion-exacta\/pueblo-medieval-valencia-que-sus-origenes-era-isla_23846\" class=\"readarticle\" rel=\"nofollow noopener\" target=\"_blank\">Leer art\u00edculo<\/a><\/p>\n<p><\/a><\/p>\n<p>\u00a0<\/p>\n<p><img loading=\"lazy\" decoding=\"async\"   src=\"https:\/\/www.europesays.com\/es\/wp-content\/uploads\/2025\/11\/ag-centenari-ii-14-1_0b2743ed_251120112054_1200x800.webp.webp\" alt=\"AG Centenari II 14 (1)\" class=\"lazyload\" width=\"1200\" height=\"800\" data-aspectratio=\"1200\/800\"\/><\/p>\n<p>&#13;&#13;Foto: Grand Hotel Centenari&#13;<\/p>\n<p>A mediod\u00eda, el ambiente es luminoso y cosmopolita; por la noche, el espacio se transforma: el brillo tenue, el murmullo de las copas y la m\u00fasica en directo recrean el esp\u00edritu vibrante de los felices a\u00f1os veinte. Sobre el escenario, un piano preside la escena, y l<strong>os fines de semana al sonido de las teclas se suma la voz del jazz, recreando la chispeante vida nocturna de la vieja Nueva York.\u00a0<\/strong><\/p>\n<p>\u00a0<\/p>\n<p>\u00a0<\/p>\n<p>\u00a0<\/p>\n<p>\u00a0<\/p>\n<p><img loading=\"lazy\" decoding=\"async\"   src=\"https:\/\/www.europesays.com\/es\/wp-content\/uploads\/2025\/11\/ag-centenari-ii_3c5747e0_38_251120112109_1200x800.webp.webp\" alt=\"AG Centenari II\" class=\"lazyload\" width=\"1200\" height=\"800\" data-aspectratio=\"1200\/800\"\/><\/p>\n<p>&#13;&#13;Foto: Grand Hotel Centenari&#13;<\/p>\n<p><strong>Su carta rinde celebra la terreta con gui\u00f1os locales<\/strong> reinterpretados como la coca d\u2019esgarraet con bacalao y pimientos, el arroz del senyoret con all i oli de azafr\u00e1n o la gamba roja de Denia a la brasa con costra de sal. \u00bfY para beber? Entre la cocteler\u00eda de autor <strong>resuenan ecos al pasado telef\u00f3nico del edificio con nombres como L\u00ednea directa,<\/strong> con vodka, chartreuse verde, lima, fruta de la pasi\u00f3n y hierbabuena; o Interferencias, un delicada creaci\u00f3n de pisco, infusi\u00f3n de lavanda, sirope de sauco, lim\u00f3n y clara de huevo.\u00a0<\/p>\n<p>Originalmente concebido como un edificio de planta baja, cinco alturas y una torreta central, la antigua sede de Telef\u00f3nica sufri\u00f3 en 1961 una remodelaci\u00f3n que elimin\u00f3 la torre para ganar dos alturas adicionales, otorg\u00e1ndole una apariencia (todav\u00eda m\u00e1s) norteamericana. <strong>Actualmente, su s\u00e9ptima planta culmina con The Rooftop. Soul of 1927, un excepcional mirador al skyline valenciano \u2014<\/strong>y, pr\u00f3ximamente, el lugar m\u00e1s buscado durante las Fallas para presenciar la famosa masclet\u00e0\u2014.\u00a0<\/p>\n<p>EL REFUGIO DEL VIAJERO MODERNO (CON ALMA ART DEC\u00d3)<img loading=\"lazy\" decoding=\"async\"   src=\"https:\/\/www.europesays.com\/es\/wp-content\/uploads\/2025\/11\/ac-centenari-i-01-1_3df70d08_251120112130_1200x800.webp.webp\" alt=\"AC Centenari I 01 (1)\" class=\"lazyload\" width=\"1200\" height=\"800\" data-aspectratio=\"1200\/800\"\/><\/p>\n<p>&#13;&#13;Foto: Grand Hotel Centenari&#13;<\/p>\n<p>El estilo art\u00edstico y decorativo que marc\u00f3 los a\u00f1os veinte y treinta <strong>se prolonga con sutileza en las m\u00e1s de cincuenta habitaciones del Grand Hotel Centenari Valencia.<\/strong> Cada estancia combina materiales nobles, como la madera de nogal y el mosaico de piedra natural, firmado por Porcelanosa, con un mobiliario dise\u00f1ado a medida, que recrea las formas org\u00e1nicas de la \u00e9poca.<strong> Los techos altos y los tonos neutros dialogan con la suavidad del terciopelo,<\/strong> mientras que los motivos geom\u00e9tricos en forma de hojas de palmera o conchas se repiten en cortinas, cabeceros, alfombras y las representativas celos\u00edas doradas que separan el dormitorio del ba\u00f1o.<\/p>\n<p>En las habitaciones, <strong>la interpelaci\u00f3n entre interior y exterior es inevitable. <\/strong>Por eso, no es de extra\u00f1ar, que se encuentren cuadros evocan algunos de los iconos m\u00e1s representativos de la ciudad.<strong> Im\u00e1genes del <a href=\"https:\/\/viajes.nationalgeographic.com.es\/gastronomia\/mucho-mas-que-puestos-que-gran-mercado-valencia-esconde_19797\" rel=\"nofollow noopener\" target=\"_blank\">Mercado Central<\/a>, La Finca Roja <\/strong>\u2014construida por el arquitecto Enrique Viedma en 1933\u2014 o el Mosaico Nolla, s\u00edmbolo del modernismo valenciano que decor\u00f3 suelos en todo el mundo, ponen en valor el patrimonio local.\u00a0<\/p>\n<p>\u00a0<\/p>\n<p>\u00a0<\/p>\n<p>&#13;<img decoding=\"async\" src=\"https:\/\/www.europesays.com\/es\/wp-content\/uploads\/2025\/11\/693641038_eba9d787_251120110048_1024x683.webp.webp\" alt=\"Grand Hotel Centenari Valencia\" class=\"lazyload\"\/>&#13;<br \/>\nGrand Hotel Centenari Valencia<\/p>\n<p>\u00a0<\/p>\n<p><img loading=\"lazy\" decoding=\"async\"   src=\"https:\/\/www.europesays.com\/es\/wp-content\/uploads\/2025\/11\/ac-centenari-i-09-1_a6f239fe_251120112148_1200x800.webp.webp\" alt=\"AC Centenari I 09 (1)\" class=\"lazyload\" width=\"1200\" height=\"800\" data-aspectratio=\"1200\/800\"\/><\/p>\n<p>&#13;&#13;Foto: Grand Hotel Centenari&#13;<\/p>\n<p>Como comenta Mar\u00eda \u00c1ngeles Ros, socia del despacho ERRE Arquitectura, <strong>\u201ctanto la localizaci\u00f3n como las vistas de este hotel fueron el punto de partida para idear este proyecto\u201d.<\/strong> Pero no solo han marcado el rumbo de la reforma, sino que han convertido cada habitaci\u00f3n en un mirador en s\u00ed mismo<strong>. \u00bfEl mayor regalo? Est\u00e1 reservado para las veintitr\u00e9s estancias que se asoman a la plaza,<\/strong> que permiten contemplar Val\u00e8ncia como un paisaje vivo, cien a\u00f1os despu\u00e9s de su inauguraci\u00f3n. Solo que los antiguos escritorios han dado paso a c\u00f3modas camas king size.<br \/>\u00a0<\/p>\n","protected":false},"excerpt":{"rendered":"\u00a1Mejoramos la oferta de Black Friday! Suscr\u00edbete hoy a Viajes National Geographic por 0,75\u20ac al mes. \u00a1-82% por&hellip;\n","protected":false},"author":2,"featured_media":254811,"comment_status":"","ping_status":"","sticky":false,"template":"","format":"standard","meta":{"footnotes":""},"categories":[173],"tags":[229,233,231,230,119,232,234,146,147,25,24,1408,448,1407,1409,23,226],"class_list":{"0":"post-254810","1":"post","2":"type-post","3":"status-publish","4":"format-standard","5":"has-post-thumbnail","7":"category-arte-y-diseno","8":"tag-arte","9":"tag-arte-y-diseno","10":"tag-arts","11":"tag-arts-and-design","12":"tag-ciencia","13":"tag-design","14":"tag-diseno","15":"tag-entertainment","16":"tag-entretenimiento","17":"tag-es","18":"tag-espana","19":"tag-geographic","20":"tag-historia","21":"tag-national","22":"tag-naturaleza","23":"tag-spain","24":"tag-viajes"},"share_on_mastodon":{"url":"https:\/\/pubeurope.com\/@es\/115609753381941548","error":""},"_links":{"self":[{"href":"https:\/\/www.europesays.com\/es\/wp-json\/wp\/v2\/posts\/254810","targetHints":{"allow":["GET"]}}],"collection":[{"href":"https:\/\/www.europesays.com\/es\/wp-json\/wp\/v2\/posts"}],"about":[{"href":"https:\/\/www.europesays.com\/es\/wp-json\/wp\/v2\/types\/post"}],"author":[{"embeddable":true,"href":"https:\/\/www.europesays.com\/es\/wp-json\/wp\/v2\/users\/2"}],"replies":[{"embeddable":true,"href":"https:\/\/www.europesays.com\/es\/wp-json\/wp\/v2\/comments?post=254810"}],"version-history":[{"count":0,"href":"https:\/\/www.europesays.com\/es\/wp-json\/wp\/v2\/posts\/254810\/revisions"}],"wp:featuredmedia":[{"embeddable":true,"href":"https:\/\/www.europesays.com\/es\/wp-json\/wp\/v2\/media\/254811"}],"wp:attachment":[{"href":"https:\/\/www.europesays.com\/es\/wp-json\/wp\/v2\/media?parent=254810"}],"wp:term":[{"taxonomy":"category","embeddable":true,"href":"https:\/\/www.europesays.com\/es\/wp-json\/wp\/v2\/categories?post=254810"},{"taxonomy":"post_tag","embeddable":true,"href":"https:\/\/www.europesays.com\/es\/wp-json\/wp\/v2\/tags?post=254810"}],"curies":[{"name":"wp","href":"https:\/\/api.w.org\/{rel}","templated":true}]}}