{"id":254814,"date":"2025-11-25T10:01:43","date_gmt":"2025-11-25T10:01:43","guid":{"rendered":"https:\/\/www.europesays.com\/es\/254814\/"},"modified":"2025-11-25T10:01:43","modified_gmt":"2025-11-25T10:01:43","slug":"fresones-rebeldes-zaragoza-el-mitico-grupo-indie-que-vuelve-a-zaragoza-mas-de-diez-anos-despues","status":"publish","type":"post","link":"https:\/\/www.europesays.com\/es\/254814\/","title":{"rendered":"Fresones Rebeldes Zaragoza | El m\u00edtico grupo indie que vuelve a Zaragoza m\u00e1s de diez a\u00f1os despu\u00e9s"},"content":{"rendered":"<p class=\"ft-text\">Una de las bandas m\u00e1s m\u00edticas del <strong>primer indie pop<\/strong> volvi\u00f3 a la vida por petici\u00f3n popular en 2014 pero hace m\u00e1s de diez a\u00f1os que no pisan <strong>Zaragoza<\/strong>. El pr\u00f3ximo <strong>19 de diciembre <\/strong>actuar\u00e1n en<strong> La casa del loco<\/strong> a partir de las 21.00 horas<strong> Los fresones rebeldes<\/strong>.<\/p>\n<p class=\"ft-text\">Todo comenz\u00f3 en la Barcelona del 95 con el env\u00edo de una maqueta\u00a0a Juan de Pablos de Radio 3 que estuvo todo un a\u00f1o pinch\u00e1ndola, lo que consigue que<strong> graben en el\u00a096 su primer sencillo<\/strong>, que fue su primer y mayor \u00e9xito, &#8216;Al amanecer&#8217;. A\u00a0finales del 1997 publican su primer \u00e1lbum, &#8216;\u00a1Es que no hay manera!&#8217;, con buenas ventas a pesar de lo cual sufren cambios en su formaci\u00f3n, siempre con Felipe Spada al frente junto al teclista Miguel L\u00f3pez.<\/p>\n<p class=\"ft-text\">En 1999 aparece su segundo <strong>\u00e1lbum bajo el t\u00edtulo de &#8216;\u00c9xitos 99&#8217;,<\/strong> cuyo \u00e9xito les lleva\u00a0de gira por todo el pa\u00eds y participando en festivales como el Contempopr\u00e1nea, tras cuya edici\u00f3n de 2001 deciden separarse. Felipe monta Cola Jet Set en el mismo esp\u00edritu Pop que\u00a0Fresones, que vuelven a tocar en una ocasi\u00f3n a priori \u00fanica en el <strong>25\u00ba aniversario de su discogr\u00e1fica<\/strong>, Subterfuge, en 2014 en Madrid. All\u00ed descubren que\u00a0se han convertido en \u00abgrupo de culto\u00bb en M\u00e9xico, lo que se tradujo en dos visitas a ese pa\u00eds, en diciembre de 2014 y en marzo de 2015 para el festival Vive Latino, y aprovechan para volver a tocar en Espa\u00f1a, aunque en escasas ocasiones.<\/p>\n<p>C\u00f3mo comprar las entradas<\/p>\n<p class=\"ft-text\">En 2022 regresan con nuevo bajista: <strong>Quinito, hijo mayor de Felipe y Ana<\/strong> (cantante de La Monja Enana y ahora de\u00a0Fresones), con el que graban &#8216;Amor y tonter\u00edas&#8217; con cuatro canciones nuevas. En 2025 aparece<strong> &#8216;Yo fui un Fres\u00f3n Rebelde adolescente&#8217;<\/strong>, un \u00e1lbum tributo hispano-mexicano.<\/p>\n<p class=\"ft-text\">Las entradas para este concierto ya est\u00e1n a la venta en <a class=\"ft-link ft-link--decoration\" href=\"https:\/\/localentradas.entradas.plus\/entradas\/es\/fresones-rebeldes-191225\" target=\"_blank\" rel=\"nofollow noopener\"><strong>Localentradas.com<\/strong><\/a> por 20 euros m\u00e1s gastos de gesti\u00f3n.<\/p>\n","protected":false},"excerpt":{"rendered":"Una de las bandas m\u00e1s m\u00edticas del primer indie pop volvi\u00f3 a la vida por petici\u00f3n popular en&hellip;\n","protected":false},"author":2,"featured_media":254815,"comment_status":"","ping_status":"","sticky":false,"template":"","format":"standard","meta":{"footnotes":""},"categories":[170],"tags":[208,64198,146,147,25,24,64199,184,185,23,491],"class_list":{"0":"post-254814","1":"post","2":"type-post","3":"status-publish","4":"format-standard","5":"has-post-thumbnail","7":"category-musica","8":"tag-conciertos","9":"tag-el-mitico-grupo-indie-que-vuelve-a-zaragoza-mas-de-diez-anos-despues","10":"tag-entertainment","11":"tag-entretenimiento","12":"tag-es","13":"tag-espana","14":"tag-la-casa-del-loco","15":"tag-music","16":"tag-musica","17":"tag-spain","18":"tag-zaragoza"},"share_on_mastodon":{"url":"https:\/\/pubeurope.com\/@es\/115609766952770845","error":""},"_links":{"self":[{"href":"https:\/\/www.europesays.com\/es\/wp-json\/wp\/v2\/posts\/254814","targetHints":{"allow":["GET"]}}],"collection":[{"href":"https:\/\/www.europesays.com\/es\/wp-json\/wp\/v2\/posts"}],"about":[{"href":"https:\/\/www.europesays.com\/es\/wp-json\/wp\/v2\/types\/post"}],"author":[{"embeddable":true,"href":"https:\/\/www.europesays.com\/es\/wp-json\/wp\/v2\/users\/2"}],"replies":[{"embeddable":true,"href":"https:\/\/www.europesays.com\/es\/wp-json\/wp\/v2\/comments?post=254814"}],"version-history":[{"count":0,"href":"https:\/\/www.europesays.com\/es\/wp-json\/wp\/v2\/posts\/254814\/revisions"}],"wp:featuredmedia":[{"embeddable":true,"href":"https:\/\/www.europesays.com\/es\/wp-json\/wp\/v2\/media\/254815"}],"wp:attachment":[{"href":"https:\/\/www.europesays.com\/es\/wp-json\/wp\/v2\/media?parent=254814"}],"wp:term":[{"taxonomy":"category","embeddable":true,"href":"https:\/\/www.europesays.com\/es\/wp-json\/wp\/v2\/categories?post=254814"},{"taxonomy":"post_tag","embeddable":true,"href":"https:\/\/www.europesays.com\/es\/wp-json\/wp\/v2\/tags?post=254814"}],"curies":[{"name":"wp","href":"https:\/\/api.w.org\/{rel}","templated":true}]}}