{"id":254827,"date":"2025-11-25T10:09:09","date_gmt":"2025-11-25T10:09:09","guid":{"rendered":"https:\/\/www.europesays.com\/es\/254827\/"},"modified":"2025-11-25T10:09:09","modified_gmt":"2025-11-25T10:09:09","slug":"teresa-peramato-una-carrera-dedicada-a-conseguir-una-justicia-mas-feminista-espana","status":"publish","type":"post","link":"https:\/\/www.europesays.com\/es\/254827\/","title":{"rendered":"Teresa Peramato, una carrera dedicada a conseguir una justicia m\u00e1s feminista | Espa\u00f1a"},"content":{"rendered":"<p class=\"\">El pasado <a href=\"https:\/\/elpais.com\/espana\/2025-11-25\/el-gobierno-propone-a-teresa-peramato-como-proxima-fiscal-general-del-estado.html\" target=\"_self\" rel=\"nofollow noopener\" title=\"https:\/\/elpais.com\/espana\/2025-11-25\/el-gobierno-propone-a-teresa-peramato-como-proxima-fiscal-general-del-estado.html\">12 de noviembre Teresa Peramato Mart\u00edn<\/a> cumpli\u00f3 63 a\u00f1os, lleva 35 de ellos en la carrera fiscal. Y gran parte lo ha hecho desde un lugar que para ella es el \u00fanico posible para intentar lograr un pa\u00eds m\u00e1s democr\u00e1tico: desde el trabajo judicial contra la violencia machista, por los derechos y libertades de las mujeres, los menores y los colectivos minoritarios.<\/p>\n<p class=\"\">En 2005 fue nombrada fiscal delegada para la Secci\u00f3n de Violencia Sobre la Mujer en la Fiscal\u00eda Provincial de Madrid; form\u00f3 parte del Grupo de Expertos del Observatorio Estatal de Violencia contra la Mujer para la elaboraci\u00f3n del Primer Informe Anual del Observatorio Estatal de Violencia sobre la Mujer, en 2007; despu\u00e9s pas\u00f3 dos a\u00f1os y medio por el Constitucional y desde 2021 y hasta enero de este mismo a\u00f1o fue la fiscal de sala contra la Violencia sobre la Mujer. Estos meses ha ocupado el cargo de fiscal de sala jefa de la Secci\u00f3n Penal de la Fiscal\u00eda del Tribunal Supremo y fiscal de sala delegada para la Protecci\u00f3n y Tutela de las V\u00edctimas en el Proceso Penal. Hoy, este martes 25-N, <a href=\"https:\/\/elpais.com\/sociedad\/2025-11-25\/de-los-fallos-en-las-pulseras-al-negacionismo-en-alpedrete-asi-llega-el-movimiento-feminista-al-25-n.html\" target=\"_blank\" rel=\"noreferrer nofollow noopener\" title=\"https:\/\/elpais.com\/sociedad\/2025-11-25\/de-los-fallos-en-las-pulseras-al-negacionismo-en-alpedrete-asi-llega-el-movimiento-feminista-al-25-n.html\">D\u00eda Internacional contra la Violencia de G\u00e9nero<\/a>, ha sido propuesta como nueva fiscal general del Estado. <\/p>\n<p>M\u00e1s informaci\u00f3n<\/p>\n<p class=\"\">Peramato se licenci\u00f3 en Derecho en la Universidad de Salamanca, ciudad en la que naci\u00f3 y desde donde empez\u00f3 la carrera fiscal en 1989. \u201cNo es dada a conformarse con lo que est\u00e1 ya hecho porque s\u00ed, sino con aquello de lo que est\u00e1 convencida que deber\u00eda ser\u201d, dice de ella alguna de las personas que ha compartido trabajo en las dos \u00faltimas d\u00e9cadas.<\/p>\n<p class=\"\">En la comunicaci\u00f3n que ha enviado a primera hora de esta ma\u00f1ana el Ministerio de Presidencia, Justicia y Relaciones con las Cortes se apuntaba a que Peramato \u201ctiene el reconocimiento un\u00e1nime de los operadores jur\u00eddicos\u201d. Y lo tiene, dicen fuentes cercanas a su \u00e1mbito, \u201cen parte porque no es alguien que se quede en la superficie\u201d, y \u201cen parte porque es alguien que trabaja y trabaja, analiza, pondera y toma decisiones en base a ello\u201d. <\/p>\n<p class=\"\">El compromiso de parte de su carrera, y en su vida, no ha sido solo con los derechos de las mujeres, sino tambi\u00e9n con el de ni\u00f1os y ni\u00f1as y los colectivos minoritarios, las personas m\u00e1s vulnerables. En 2013 escribi\u00f3 Desigualdad por raz\u00f3n de orientaci\u00f3n sexual e identidad de g\u00e9nero, homofobia y transfobia, publicado por Thomson Reuters-Aranzadi. <\/p>\n<p class=\"\">Por todo ello, la que fue presidenta de la <a href=\"https:\/\/elpais.com\/noticias\/upf-union-progresista-fiscales\/\" target=\"_blank\" rel=\"noreferrer nofollow noopener\" title=\"https:\/\/elpais.com\/noticias\/upf-union-progresista-fiscales\/\">Uni\u00f3n Progresista de Fiscales<\/a> ha sido condecorada con la Orden del M\u00e9rito Policial (2010), la Orden del M\u00e9rito de la Guardia Civil (2016), se le otorg\u00f3 el Premio Igualdad Alicia Salcedo del Ilustre Colegio de Abogados de Oviedo, el Premio Igualdad Beatriz Galindo del Ilustre Colegio de Abogados de Salamanca; un d\u00eda como hoy, en 2021, una Menina, los premios que da el Ministerio de Igualdad como reconocimiento a la lucha contra la violencia de g\u00e9nero; y el pasado a\u00f1o el IV Premio Igualdad, del Consejo General de la Abogac\u00eda Espa\u00f1ola. <\/p>\n<p class=\"\">Si Peramato es considerada una de las mayores expertas en el \u00e1mbito jur\u00eddico en violencia machista es porque ha estado dos d\u00e9cadas pisando juzgados. Cuando en 2005 se pusieron en marcha los primeros especializados en violencia de g\u00e9nero, tras la aprobaci\u00f3n de la Ley Integral contra la Violencia de G\u00e9nero, ella ya estaba all\u00ed, en los de Plaza de Castilla de Madrid. <\/p>\n<p class=\"\">Trabaj\u00f3, mano a mano, con Soledad Cazorla, la primera fiscal de Sala contra la Violencia sobre la Mujer, quien muchas veces dijo que minimizar o despreciar el compromiso con la igualdad era la base de la violencia y, por lo tanto, \u201cuna enfermedad social injustificable\u201d. Justo antes de ocupar ese cargo que Cazorla, <a href=\"https:\/\/elpais.com\/politica\/2015\/05\/04\/actualidad\/1430763991_689103.html\" target=\"_blank\" rel=\"noreferrer nofollow noopener\" title=\"https:\/\/elpais.com\/politica\/2015\/05\/04\/actualidad\/1430763991_689103.html\">que muri\u00f3 en 2015<\/a>, ostent\u00f3 durante una d\u00e9cada, Peramato fue durante dos a\u00f1os y medio fiscal ante el Tribunal Constitucional, algo que, <a href=\"https:\/\/elpais.com\/sociedad\/2021-06-07\/teresa-peramato-la-asistencia-a-las-victimas-no-debe-acabar-con-la-sentencia-condenatoria.html\" target=\"_blank\" rel=\"noreferrer nofollow noopener\" title=\"https:\/\/elpais.com\/sociedad\/2021-06-07\/teresa-peramato-la-asistencia-a-las-victimas-no-debe-acabar-con-la-sentencia-condenatoria.html\">en una entrevista en este peri\u00f3dico<\/a>, explic\u00f3 que le hab\u00eda dado un bagaje a\u00fan m\u00e1s amplio en derechos fundamentales.<\/p>\n<p class=\"\">Todos esos metros de salas recorridas y horas con compa\u00f1eras como Cazorla y diversos lugares en la carrera fiscal y \u201csu capacidad de observaci\u00f3n y an\u00e1lisis y estudio\u201d han hecho de Peramato \u201calguien capaz de integrar una visi\u00f3n hol\u00edstica de la realidad que hasta ahora nunca ha tenido la Fiscal\u00eda General del Estado\u201d, afirma una tercera fuente, refiri\u00e9ndose a la perspectiva feminista y de infancia.<\/p>\n<p class=\"\">Tambi\u00e9n eso fue lo que hizo que en los \u00faltimos a\u00f1os Peramato pusiera sobre la mesa diversas cuestiones que crey\u00f3 necesarias para cumplir \u201ccon el mayor rigor posible\u201d con su trabajo, la protecci\u00f3n de las v\u00edctimas de violencia machista, mujeres y menores. Por un lado, el <a href=\"https:\/\/elpais.com\/sociedad\/2023-01-01\/teresa-peramato-tenemos-que-ser-capaces-de-detectar-cada-situacion-de-abuso-y-cada-situacion-de-violencia.html\" target=\"_blank\" rel=\"noreferrer nofollow noopener\" title=\"https:\/\/elpais.com\/sociedad\/2023-01-01\/teresa-peramato-tenemos-que-ser-capaces-de-detectar-cada-situacion-de-abuso-y-cada-situacion-de-violencia.html\">reconocimiento de los fallos que, a veces, tiene el sistema<\/a>; y la petici\u00f3n, que siempre calific\u00f3 de \u201cnecesidad\u201d, de formar a todos los operadores jur\u00eddicos, incluidas las fiscal\u00edas, en violencia de g\u00e9nero y, de forma espec\u00edfica, sexual. <\/p>\n<p class=\"\">Por otro lado, Peramato propuso cambios que consideraba que requer\u00eda el sistema: en 2022 pidi\u00f3 que en casos de violencia sexual <a href=\"https:\/\/elpais.com\/sociedad\/2022-07-30\/teresa-peramato-hay-que-evitar-a-las-victimas-el-sufrimiento-de-recordar-y-reproducir-la-violencia-sexual.html\" target=\"_blank\" rel=\"noreferrer nofollow noopener\" title=\"https:\/\/elpais.com\/sociedad\/2022-07-30\/teresa-peramato-hay-que-evitar-a-las-victimas-el-sufrimiento-de-recordar-y-reproducir-la-violencia-sexual.html\">las v\u00edctimas tengan garantizado el acceso, siempre, a la prueba preconstituida<\/a>, es decir, que cuando se le tome declaraci\u00f3n sea grabada antes del juicio para que sea ese archivo el que se incorpore al juicio y las v\u00edctimas no tengan que declarar una y otra vez, volviendo a revivir la violencia y evitando lo que en estos procesos se denomina revictimizaci\u00f3n.<\/p>\n<p class=\"\">Un a\u00f1o despu\u00e9s sugiri\u00f3 que en los comit\u00e9s de crisis \u2015las reuniones entre Igualdad, Interior, Justicia y las distintas comunidades aut\u00f3nomas cuando se producen cinco o m\u00e1s asesinatos machistas en un mes\u2015 <a href=\"https:\/\/elpais.com\/sociedad\/2023-09-06\/la-fiscalia-de-violencia-sobre-la-mujer-propone-analizar-no-solo-los-asesinatos-consumados-sino-tambien-los-intentos.html\" target=\"_blank\" rel=\"noreferrer nofollow noopener\" title=\"https:\/\/elpais.com\/sociedad\/2023-09-06\/la-fiscalia-de-violencia-sobre-la-mujer-propone-analizar-no-solo-los-asesinatos-consumados-sino-tambien-los-intentos.html\">se estudiaran no solo los asesinatos machistas, sino las tentativas frustradas<\/a> para detectar, prevenir y proteger mejor a las v\u00edctimas. Y siempre ha insistido en que el trabajo de las instituciones para con las mujeres, \u201c<a href=\"https:\/\/elpais.com\/sociedad\/2021-06-07\/teresa-peramato-la-asistencia-a-las-victimas-no-debe-acabar-con-la-sentencia-condenatoria.html\" target=\"_blank\" rel=\"noreferrer nofollow noopener\" title=\"https:\/\/elpais.com\/sociedad\/2021-06-07\/teresa-peramato-la-asistencia-a-las-victimas-no-debe-acabar-con-la-sentencia-condenatoria.html\">la asistencia a las v\u00edctimas, no debe acabar con la sentencia condenatoria<\/a>\u201d, sino hasta que las mujeres se recuperen de la violencia sufrida. <\/p>\n<p class=\"\">Quienes la conocen dicen que \u201csu compromiso\u201d es as\u00ed, \u201ccon ese ojo puesto m\u00e1s all\u00e1\u201d. Le cost\u00f3 tomar la decisi\u00f3n de dejar la Fiscal\u00eda de Sala contra la Violencia sobre la Mujer para ocupar el cargo en la Secci\u00f3n Penal de la Fiscal\u00eda del Tribunal Supremo, pero tambi\u00e9n supo que desde esa posici\u00f3n pod\u00eda integrar la perspectiva de g\u00e9nero e infancia, o al menos intentarlo; porque lleva a\u00f1os trabajando desde la convicci\u00f3n de que la Justicia jam\u00e1s estar\u00e1 completa sin la perspectiva feminista, la que otorgue al trabajo judicial el conocimiento de la realidad de las mujeres, de la violencia que sufren, y que constituye uno de los mayores problemas estructurales de sociedades de todo el mundo. <\/p>\n","protected":false},"excerpt":{"rendered":"El pasado 12 de noviembre Teresa Peramato Mart\u00edn cumpli\u00f3 63 a\u00f1os, lleva 35 de ellos en la carrera&hellip;\n","protected":false},"author":2,"featured_media":254828,"comment_status":"","ping_status":"","sticky":false,"template":"","format":"standard","meta":{"footnotes":""},"categories":[8],"tags":[8577,17,18,25,24,13,14,9401,2153,11,2158,19,20,9,10,15,16,23,12,4874,21,22,8615,6580],"class_list":{"0":"post-254827","1":"post","2":"type-post","3":"status-publish","4":"format-standard","5":"has-post-thumbnail","7":"category-espana","8":"tag-alvaro-garcia-ortiz","9":"tag-breaking-news","10":"tag-breakingnews","11":"tag-es","12":"tag-espana","13":"tag-featured-news","14":"tag-featurednews","15":"tag-fiscales","16":"tag-fiscalia-general-estado","17":"tag-headlines","18":"tag-justicia","19":"tag-latest-news","20":"tag-latestnews","21":"tag-news","22":"tag-noticias","23":"tag-noticias-destacadas","24":"tag-noticiasdestacadas","25":"tag-spain","26":"tag-titulares","27":"tag-tribunal-supremo","28":"tag-ultimas-noticias","29":"tag-ultimasnoticias","30":"tag-violencia-genero","31":"tag-violencia-machista"},"share_on_mastodon":{"url":"https:\/\/pubeurope.com\/@es\/115609794304862661","error":""},"_links":{"self":[{"href":"https:\/\/www.europesays.com\/es\/wp-json\/wp\/v2\/posts\/254827","targetHints":{"allow":["GET"]}}],"collection":[{"href":"https:\/\/www.europesays.com\/es\/wp-json\/wp\/v2\/posts"}],"about":[{"href":"https:\/\/www.europesays.com\/es\/wp-json\/wp\/v2\/types\/post"}],"author":[{"embeddable":true,"href":"https:\/\/www.europesays.com\/es\/wp-json\/wp\/v2\/users\/2"}],"replies":[{"embeddable":true,"href":"https:\/\/www.europesays.com\/es\/wp-json\/wp\/v2\/comments?post=254827"}],"version-history":[{"count":0,"href":"https:\/\/www.europesays.com\/es\/wp-json\/wp\/v2\/posts\/254827\/revisions"}],"wp:featuredmedia":[{"embeddable":true,"href":"https:\/\/www.europesays.com\/es\/wp-json\/wp\/v2\/media\/254828"}],"wp:attachment":[{"href":"https:\/\/www.europesays.com\/es\/wp-json\/wp\/v2\/media?parent=254827"}],"wp:term":[{"taxonomy":"category","embeddable":true,"href":"https:\/\/www.europesays.com\/es\/wp-json\/wp\/v2\/categories?post=254827"},{"taxonomy":"post_tag","embeddable":true,"href":"https:\/\/www.europesays.com\/es\/wp-json\/wp\/v2\/tags?post=254827"}],"curies":[{"name":"wp","href":"https:\/\/api.w.org\/{rel}","templated":true}]}}