{"id":254831,"date":"2025-11-25T10:15:09","date_gmt":"2025-11-25T10:15:09","guid":{"rendered":"https:\/\/www.europesays.com\/es\/254831\/"},"modified":"2025-11-25T10:15:09","modified_gmt":"2025-11-25T10:15:09","slug":"rafa-nadal-el-adn-mas-puro-y-querido-del-deporte-espanol","status":"publish","type":"post","link":"https:\/\/www.europesays.com\/es\/254831\/","title":{"rendered":"Rafa Nadal, el ADN m\u00e1s puro y querido del deporte espa\u00f1ol"},"content":{"rendered":"<p data-mrf-recirculation=\"Links P\u00e1rrafos\" class=\"ue-c-article__paragraph paragraph ue-c-article--first-letter-highlighted\">Hay personas que cambian totalmente la historia de un deporte e incluso de un pa\u00eds y Rafa Nadal es uno de esos escas\u00edsimos fen\u00f3menos que han nacido para reescribirlas. <strong>Hasta su llegada, el aficionado espa\u00f1ol pod\u00eda discutir qui\u00e9n era nuestro mejor deportista entre figuras tan destacadas como Manolo Santana, Miguel Indur\u00e1in, Severiano Ballesteros, \u00c1ngel Nieto o Fernando Alonso<\/strong>, pero Rafa se ha encargado, con el paso de los a\u00f1os, de cerrar el debate.<\/p>\n<p data-mrf-recirculation=\"Links P\u00e1rrafos\" class=\"ue-c-article__paragraph paragraph\">Nadie discute ya que el ex tenista manacor\u00ed es la estrella que m\u00e1s ha brillado en el firmamento deportivo espa\u00f1ol, con un palmar\u00e9s sencillamente inigualable. <strong>22 Grand Slams, con 14 victorias en la tierra de Roland Garros; cinco Copa Davis y dos oros ol\u00edmpicos, entre otros muchos t\u00edtulos<\/strong>. Y todo eso, compitiendo contra grandes tenistas pero sobre todo dos gigantes como Roger Federer y Novak Djokovic.<\/p>\n<blockquote class=\"ue-c-article__blockquote\">\n<p>Los deportistas generamos emociones, ilusiones y recuerdos y nos convertimos en parte de la vida de otras personas. A m\u00ed me pasa lo mismo con otros que se han retirado<\/p>\n<\/blockquote>\n<p data-mrf-recirculation=\"Links P\u00e1rrafos\" class=\"ue-c-article__paragraph paragraph\"><strong>El \u2018Big 3\u2019 es adem\u00e1s mucho m\u00e1s que una rivalidad legendaria en la historia centenaria del tenis. Cuesta encontrar algo parecido en otras disciplinas<\/strong>. Que los tres mejores de todos los tiempos coincidan sobre la pista, regal\u00e1ndonos \u2018batallas\u2019 inolvidables. Nadal, como \u00e9l mismo reconoci\u00f3 en una entrevista en MARCA en 2022, es la piedra angular de esa rivalidad a tres bandas.<\/p>\n<p data-mrf-recirculation=\"Links P\u00e1rrafos\" class=\"ue-c-article__paragraph paragraph\">\u201cEs cierto que yo soy el primer gran rival de Federer, as\u00ed que entiendo que \u00e9l lo vea de esta manera. <strong>Luego, cuando llega Novak, es verdad que Federer sigue siendo mejor que yo, pero en los a\u00f1os posteriores yo gano m\u00e1s que Roger <\/strong>as\u00ed que tambi\u00e9n he coincidido m\u00e1s veces con Djokovic sobre la pista. Dicho de otro modo, he sido m\u00e1s su gran rival que Roger\u201d, explicaba entonces Rafa, tras una temporada en la que hab\u00eda ganado su segundo Open de Australia y su decimocuarto Roland Garros.<\/p>\n<blockquote class=\"ue-c-article__blockquote\">\n<p>Apur\u00e9 mi carrera hasta lo m\u00e1ximo que pude porque quer\u00eda estar convencido de que no hab\u00eda vuelta atr\u00e1s, hasta que mi cuerpo dijera basta<\/p>\n<\/blockquote>\n<p data-mrf-recirculation=\"Links P\u00e1rrafos\" class=\"ue-c-article__paragraph paragraph\">\u201cAl final yo lo veo como algo positivo porque es verdad que entre los tres nos hemos quitado mucho pero no creo que ninguno hubiera llegado a los 35 a\u00f1os o m\u00e1s siendo as\u00ed de competitivo sin los otros dos. <strong>Federer, Djokovic y yo nos hemos empujado al l\u00edmite, a mejorar, a estar siempre queriendo y queriendo m\u00e1s<\/strong>\u201d, a\u00f1ad\u00eda el mallorqu\u00edn.<\/p>\n<p data-mrf-recirculation=\"Links P\u00e1rrafos\" class=\"ue-c-article__paragraph paragraph\">Una reflexi\u00f3n que tiene total vigencia y vale para cualquier deporte e incluso \u00e1mbito de la vida. Porque <strong>adem\u00e1s lo hicieron mostr\u00e1ndose un respeto casi reverencial<\/strong>. Conocida es la amistad que mantienen el espa\u00f1ol y el suizo desde hace muchos a\u00f1os, cuando se repart\u00edan los grandes casi en exclusiva hasta la espectacular irrupci\u00f3n de \u2018Nole\u2019.<\/p>\n<blockquote class=\"ue-c-article__blockquote\">\n<p>Seguro que me han faltado cosas, pero he hecho lo que he podido y uno no est\u00e1 obligado a m\u00e1s que eso<\/p>\n<\/blockquote>\n<p data-mrf-recirculation=\"Links P\u00e1rrafos\" class=\"ue-c-article__paragraph paragraph\">Pocas personas como <strong>Ram\u00f3n Delgado, el tenista que perdi\u00f3 contra Nadal en la primera victoria de un imberbe Rafa en el circuito ATP<\/strong>, para elogiar esta actitud del mallorqu\u00edn: \u201cA d\u00eda de hoy sigo siendo el jugador m\u00e1s famoso que ha perdido contigo, pero quer\u00eda felicitarte por la calidad de persona que eres\u201d, dijo el jugador paraguayo en un emotivo v\u00eddeo que sorprendi\u00f3 a Nadal, que <strong>tambi\u00e9n fue felicitado por el h\u00fangaro M\u00e1rton Fucsovics, su \u00faltima \u2018v\u00edctima\u2019<\/strong>, por su incre\u00edble carrera.<\/p>\n<p data-mrf-recirculation=\"Links P\u00e1rrafos\" class=\"ue-c-article__paragraph paragraph\">\u201cEl deporte es impredecible y a veces ocurren cosas que son impensables. Ese fue el comienzo de algo que ha sido muy bonito. <strong>El que ha sido m\u00e1s feliz he sido yo, en parte por sentir el cari\u00f1o y el apoyo de la gente por el mundo, y especialmente en Espa\u00f1a<\/strong>. Los deportistas generamos emociones, ilusiones y recuerdos y nos convertimos en parte de la vida de otras personas. A m\u00ed me pasa lo mismo con otros que se han retirado\u201d, explicaba un Rafa feliz y agradecido a MARCA por este nuevo galard\u00f3n.<\/p>\n<p>Una carrera plena<\/p>\n<p data-mrf-recirculation=\"Links P\u00e1rrafos\" class=\"ue-c-article__paragraph paragraph\">El manacor\u00ed repas\u00f3 su trayectoria con la sinceridad que le caracteriza: \u201cApur\u00e9 mi carrera hasta lo m\u00e1ximo que pude porque quer\u00eda estar convencido de que no hab\u00eda vuelta atr\u00e1s, hasta que mi cuerpo dijera basta. Seguro que me han faltado cosas, pero he hecho lo que he podido y uno no est\u00e1 obligado a m\u00e1s que eso. <strong>Lo he disfrutado y sufrido pero lo he hecho todo con pasi\u00f3n. Ahora estoy feliz, disfrutando de otras cosas en una nueva etapa<\/strong>\u201d, a\u00f1ad\u00eda un Rafa a coraz\u00f3n abierto.<\/p>\n<blockquote class=\"ue-c-article__blockquote\">\n<p>He cometido errores pero pensando en ese momento que hac\u00eda lo correcto. Las quinielas las acertamos todos los lunes<\/p>\n<\/blockquote>\n<p data-mrf-recirculation=\"Links P\u00e1rrafos\" class=\"ue-c-article__paragraph paragraph\">\u201cHe llevado mi tenis, mi cuerpo y mi cabeza lo m\u00e1s lejos que lo pod\u00eda llevar, alargando mi carrera hasta los 38 a\u00f1os, mucho m\u00e1s de lo que jam\u00e1s hubiera so\u00f1ado. He cometido errores pero pensando en ese momento que hac\u00eda lo correcto. Las quinielas las acertamos todos los lunes\u201d, sentenciaba Nadal antes de mostrar sus esperanzas en la nueva etapa del deporte espa\u00f1ol: \u201d<strong>Venimos de una etapa de grandes campeones en la que se han roto barreras y ahora viviremos otras que intentar\u00e1n superarnos. Los n\u00fameros y r\u00e9cords est\u00e1n para superarlos<\/strong>\u201d.\u00a0<\/p>\n<p data-mrf-recirculation=\"Links P\u00e1rrafos\" class=\"ue-c-article__paragraph paragraph\">.<\/p>\n","protected":false},"excerpt":{"rendered":"Hay personas que cambian totalmente la historia de un deporte e incluso de un pa\u00eds y Rafa Nadal&hellip;\n","protected":false},"author":2,"featured_media":254832,"comment_status":"","ping_status":"","sticky":false,"template":"","format":"standard","meta":{"footnotes":""},"categories":[274],"tags":[168,25,24,23,167,327,326],"class_list":{"0":"post-254831","1":"post","2":"type-post","3":"status-publish","4":"format-standard","5":"has-post-thumbnail","7":"category-tenis","8":"tag-deportes","9":"tag-es","10":"tag-espana","11":"tag-spain","12":"tag-sports","13":"tag-tenis","14":"tag-tennis"},"share_on_mastodon":{"url":"https:\/\/pubeurope.com\/@es\/115609817906950981","error":""},"_links":{"self":[{"href":"https:\/\/www.europesays.com\/es\/wp-json\/wp\/v2\/posts\/254831","targetHints":{"allow":["GET"]}}],"collection":[{"href":"https:\/\/www.europesays.com\/es\/wp-json\/wp\/v2\/posts"}],"about":[{"href":"https:\/\/www.europesays.com\/es\/wp-json\/wp\/v2\/types\/post"}],"author":[{"embeddable":true,"href":"https:\/\/www.europesays.com\/es\/wp-json\/wp\/v2\/users\/2"}],"replies":[{"embeddable":true,"href":"https:\/\/www.europesays.com\/es\/wp-json\/wp\/v2\/comments?post=254831"}],"version-history":[{"count":0,"href":"https:\/\/www.europesays.com\/es\/wp-json\/wp\/v2\/posts\/254831\/revisions"}],"wp:featuredmedia":[{"embeddable":true,"href":"https:\/\/www.europesays.com\/es\/wp-json\/wp\/v2\/media\/254832"}],"wp:attachment":[{"href":"https:\/\/www.europesays.com\/es\/wp-json\/wp\/v2\/media?parent=254831"}],"wp:term":[{"taxonomy":"category","embeddable":true,"href":"https:\/\/www.europesays.com\/es\/wp-json\/wp\/v2\/categories?post=254831"},{"taxonomy":"post_tag","embeddable":true,"href":"https:\/\/www.europesays.com\/es\/wp-json\/wp\/v2\/tags?post=254831"}],"curies":[{"name":"wp","href":"https:\/\/api.w.org\/{rel}","templated":true}]}}