{"id":254839,"date":"2025-11-25T10:20:08","date_gmt":"2025-11-25T10:20:08","guid":{"rendered":"https:\/\/www.europesays.com\/es\/254839\/"},"modified":"2025-11-25T10:20:08","modified_gmt":"2025-11-25T10:20:08","slug":"todos-los-looks-de-las-invitadas-a-la-primera-gran-fiesta-de-la-navidad","status":"publish","type":"post","link":"https:\/\/www.europesays.com\/es\/254839\/","title":{"rendered":"todos los looks de las invitadas a la primera gran fiesta de la Navidad"},"content":{"rendered":"<p>El final de a\u00f1o se aproxima. Esto hace que en las \u00faltimas semanas est\u00e9 habiendo <strong>muchos eventos<\/strong> en los que reunirse para despedir 2025 y festejar los \u00e9xitos de los \u00faltimos doce meses. Actos que se convierten en el mejor escaparate para encontrar <a href=\"https:\/\/www.lecturas.com\/moda\/lourdes-montes-sorprende-bautizo-su-sobrino-traje-cuadros-que-es-perfecto-para-cenas-navidad_184727\" rel=\"nofollow noopener\" target=\"_blank\">inspiraci\u00f3n de cara a la Navidad<\/a>. Es lo que ha sucedido en la gala con la que el medio \u2018El Espa\u00f1ol\u2019 ha celebrado su d\u00e9cimo aniversario.<\/p>\n<p>Varias famosas han acudido al evento con <strong>looks repletos de tendencias navide\u00f1as<\/strong> con los que han dado<strong> ideas para las comidas y cenas<\/strong> que est\u00e1n a la vuelta de la esquina. Presentadoras como Ana Rosa Quintana, Susanna Griso, Patricia Pardo o Emma Garc\u00eda, tertulianas como Raquel Bollo o Carmen Alcayde, o influencers como Virginia Troconis y Marta L\u00f3pez \u00c1lamo, no se han perdido esta cita.<\/p>\n<p>A continuaci\u00f3n, recopilamos<strong>\u00a0los looks<\/strong> con los que las invitadas famosas han deslumbrado en la alfombra roja.<\/p>\n<p>Los looks de la alfombra roja de &#8216;El Espa\u00f1ol&#8217;<\/p>\n","protected":false},"excerpt":{"rendered":"El final de a\u00f1o se aproxima. Esto hace que en las \u00faltimas semanas est\u00e9 habiendo muchos eventos en&hellip;\n","protected":false},"author":2,"featured_media":254840,"comment_status":"","ping_status":"","sticky":false,"template":"","format":"standard","meta":{"footnotes":""},"categories":[174],"tags":[255,146,147,25,24,256,23],"class_list":{"0":"post-254839","1":"post","2":"type-post","3":"status-publish","4":"format-standard","5":"has-post-thumbnail","7":"category-famosos","8":"tag-celebrities","9":"tag-entertainment","10":"tag-entretenimiento","11":"tag-es","12":"tag-espana","13":"tag-famosos","14":"tag-spain"},"share_on_mastodon":{"url":"https:\/\/pubeurope.com\/@es\/115609837440921833","error":""},"_links":{"self":[{"href":"https:\/\/www.europesays.com\/es\/wp-json\/wp\/v2\/posts\/254839","targetHints":{"allow":["GET"]}}],"collection":[{"href":"https:\/\/www.europesays.com\/es\/wp-json\/wp\/v2\/posts"}],"about":[{"href":"https:\/\/www.europesays.com\/es\/wp-json\/wp\/v2\/types\/post"}],"author":[{"embeddable":true,"href":"https:\/\/www.europesays.com\/es\/wp-json\/wp\/v2\/users\/2"}],"replies":[{"embeddable":true,"href":"https:\/\/www.europesays.com\/es\/wp-json\/wp\/v2\/comments?post=254839"}],"version-history":[{"count":0,"href":"https:\/\/www.europesays.com\/es\/wp-json\/wp\/v2\/posts\/254839\/revisions"}],"wp:featuredmedia":[{"embeddable":true,"href":"https:\/\/www.europesays.com\/es\/wp-json\/wp\/v2\/media\/254840"}],"wp:attachment":[{"href":"https:\/\/www.europesays.com\/es\/wp-json\/wp\/v2\/media?parent=254839"}],"wp:term":[{"taxonomy":"category","embeddable":true,"href":"https:\/\/www.europesays.com\/es\/wp-json\/wp\/v2\/categories?post=254839"},{"taxonomy":"post_tag","embeddable":true,"href":"https:\/\/www.europesays.com\/es\/wp-json\/wp\/v2\/tags?post=254839"}],"curies":[{"name":"wp","href":"https:\/\/api.w.org\/{rel}","templated":true}]}}