{"id":254843,"date":"2025-11-25T10:24:08","date_gmt":"2025-11-25T10:24:08","guid":{"rendered":"https:\/\/www.europesays.com\/es\/254843\/"},"modified":"2025-11-25T10:24:08","modified_gmt":"2025-11-25T10:24:08","slug":"un-grupo-k-pop-pamplones-viaja-a-orlando","status":"publish","type":"post","link":"https:\/\/www.europesays.com\/es\/254843\/","title":{"rendered":"Un grupo K-pop pamplon\u00e9s viaja a Orlando"},"content":{"rendered":"<p class=\"paragraph\"><b>M\u00fasica occidental con elementos coreanos <\/b>y una coreograf\u00eda extremadamente sincronizada. As\u00ed es el baile que interpreta un <b>grupo de K-Pop (pop koreano)<\/b> que ha nacido en Pamplona y que se subir\u00e1 al escenario el pr\u00f3ximo domingo en <b>Orlando (Florida, Estados Unidos)<\/b>. Se trata del grupo<b> \u2018Haze\u2019, <\/b>integrado por seis j\u00f3venes bailarines de la <b>Escuela de Danza Ravel<\/b>, del Segundo Ensanche pamplon\u00e9s. Y que competir\u00e1 en la final del <b>All Dance World Orlando 2025<\/b>, un campeonato oficial de todos los estilos de danza del mundo que se celebra actualmente en la ciudad de los parques tem\u00e1ticos.<\/p>\n<p class=\"paragraph\"><b>EST\u00c9TICA VIBRANTE<\/b><\/p>\n<p class=\"paragraph\">\u00a0El grupo est\u00e1 integrado por<b> Irene Bueno, Iker De Luis, June Aguirre, Vicky Gonz\u00e1lez, Ainhoa Zugaldia y Natalia Reyes<\/b> e interpretar\u00e1 la coreograf\u00eda <b>\u2018Kiss\u2019<\/b> (beso) en el festival de Estados Unidos, despu\u00e9s de haber pasado la fase clasificatoria nacional en Espa\u00f1a. El campeonato de danza se celebrar\u00e1 desde el jueves 27 de noviembre hasta el lunes 1 de diciembre y el grupo navarro intervendr\u00e1 el domingo 30. La modalidad del grupo \u2018Haze\u2019 se centra en el<b> K-Pop,<\/b> un g\u00e9nero musical originario de Corea del Sur, que ha trascendido fronteras y fusionado diversos estilos de m\u00fasica occidental con elementos coreanos. Se trata de un fen\u00f3meno mundial (de m\u00fasica, pel\u00edculas&#8230;.) conocido por sus coreograf\u00edas sincronizadas, su <b>est\u00e9tica visual vibrante<\/b> y su fuerte uso de la <b>producci\u00f3n multimedi<\/b>a. El grupo navarro competir\u00e1 en la divisi\u00f3n \u2018Open\u2019 y en el nivel pre-profesional.<\/p>\n","protected":false},"excerpt":{"rendered":"M\u00fasica occidental con elementos coreanos y una coreograf\u00eda extremadamente sincronizada. As\u00ed es el baile que interpreta un grupo&hellip;\n","protected":false},"author":2,"featured_media":254844,"comment_status":"","ping_status":"","sticky":false,"template":"","format":"standard","meta":{"footnotes":""},"categories":[170],"tags":[146,147,25,24,100,10648,184,185,8120,6765,23,4127],"class_list":{"0":"post-254843","1":"post","2":"type-post","3":"status-publish","4":"format-standard","5":"has-post-thumbnail","7":"category-musica","8":"tag-entertainment","9":"tag-entretenimiento","10":"tag-es","11":"tag-espana","12":"tag-grupo","13":"tag-k","14":"tag-music","15":"tag-musica","16":"tag-orlando","17":"tag-pop","18":"tag-spain","19":"tag-viaja"},"share_on_mastodon":{"url":"https:\/\/pubeurope.com\/@es\/115609853424675883","error":""},"_links":{"self":[{"href":"https:\/\/www.europesays.com\/es\/wp-json\/wp\/v2\/posts\/254843","targetHints":{"allow":["GET"]}}],"collection":[{"href":"https:\/\/www.europesays.com\/es\/wp-json\/wp\/v2\/posts"}],"about":[{"href":"https:\/\/www.europesays.com\/es\/wp-json\/wp\/v2\/types\/post"}],"author":[{"embeddable":true,"href":"https:\/\/www.europesays.com\/es\/wp-json\/wp\/v2\/users\/2"}],"replies":[{"embeddable":true,"href":"https:\/\/www.europesays.com\/es\/wp-json\/wp\/v2\/comments?post=254843"}],"version-history":[{"count":0,"href":"https:\/\/www.europesays.com\/es\/wp-json\/wp\/v2\/posts\/254843\/revisions"}],"wp:featuredmedia":[{"embeddable":true,"href":"https:\/\/www.europesays.com\/es\/wp-json\/wp\/v2\/media\/254844"}],"wp:attachment":[{"href":"https:\/\/www.europesays.com\/es\/wp-json\/wp\/v2\/media?parent=254843"}],"wp:term":[{"taxonomy":"category","embeddable":true,"href":"https:\/\/www.europesays.com\/es\/wp-json\/wp\/v2\/categories?post=254843"},{"taxonomy":"post_tag","embeddable":true,"href":"https:\/\/www.europesays.com\/es\/wp-json\/wp\/v2\/tags?post=254843"}],"curies":[{"name":"wp","href":"https:\/\/api.w.org\/{rel}","templated":true}]}}