{"id":254845,"date":"2025-11-25T10:25:12","date_gmt":"2025-11-25T10:25:12","guid":{"rendered":"https:\/\/www.europesays.com\/es\/254845\/"},"modified":"2025-11-25T10:25:12","modified_gmt":"2025-11-25T10:25:12","slug":"el-ultimo-estreno-de-movistar-plus-que-promete-arrasar-en-espana-a-pesar-de-la-baja-acogida-en-cines","status":"publish","type":"post","link":"https:\/\/www.europesays.com\/es\/254845\/","title":{"rendered":"El \u00faltimo estreno de Movistar Plus+ que promete arrasar en Espa\u00f1a a pesar de la baja acogida en cines"},"content":{"rendered":"<p data-gtm-element-container=\"modulo-texto-link\" class=\"paragraph\">14 son los estrenos que tiene previstos <strong>Movistar Plus+<\/strong> esta semana. 14 nuevas producciones que llegar\u00e1n al cat\u00e1logo de la plataforma en streaming para el disfrute de sus suscriptores. Este martes 25 de noviembre aterriza<strong> &#8216;Adivina qui\u00e9n muere esta noche&#8217;<\/strong>, la pel\u00edcula de terror italiano-estadounidense que pretende conquistar a la audiencia.<\/p>\n<p>                <img loading=\"lazy\" decoding=\"async\" data-full-src=\"https:\/\/www.mundodeportivo.com\/uploads\/2025\/11\/25\/69256bacc045c.jpeg\" alt=\"'Adivina qui\u00e9n muere esta noche'\" width=\"449\" height=\"252\" src=\"https:\/\/www.europesays.com\/es\/wp-content\/uploads\/2025\/11\/69256bacc045c.jpeg\" class=\"lazy\"\/><\/p>\n<p class=\"caption-title \">&#8216;Adivina qui\u00e9n muere esta noche&#8217;<\/p>\n<p>                    Movistar Plus+<\/p>\n<p data-gtm-element-container=\"modulo-texto-link\" class=\"paragraph\">La pel\u00edcula dirigida por <strong>Brian Crano y David Joseph Craig<\/strong> lleg\u00f3 a los cines de Estados Unidos el pasado mes de septiembre de 2024, donde recaud\u00f3 algo m\u00e1s de 265.000 d\u00f3lares (229.000 aproximadamente al cambio). Un dato muy pobre comparado con el que han conseguido otras pel\u00edculas recientemente estrenadas como &#8216;Wicked&#8217;, que ya supera los 220 millones de d\u00f3lares, &#8216;Ahora me ves 3&#8217; (36,7 millones de d\u00f3lares) o &#8216;Predator: Badlands&#8217; (77 millones).<\/p>\n<p data-gtm-element-container=\"modulo-texto-link\" class=\"paragraph\">El reparto lo forman <strong>conocidos rostros del mundo del cine tanto italiano como norteamericano<\/strong>. Entre los actores y actrices encontramos nombres como el de Andrew Rannells, Nick Kroll, Morgan Spector, Nunzia Schiano o Amanda Seyfried.<\/p>\n<p>                <img loading=\"lazy\" decoding=\"async\" data-full-src=\"https:\/\/www.mundodeportivo.com\/uploads\/2025\/11\/25\/69256bac00335.jpeg\" alt=\"'Adivina qui\u00e9n muere esta noche'\" width=\"449\" height=\"252\" src=\"https:\/\/www.europesays.com\/es\/wp-content\/uploads\/2025\/11\/69256bac00335.jpeg\" class=\"lazy\"\/><\/p>\n<p class=\"caption-title \">&#8216;Adivina qui\u00e9n muere esta noche&#8217;<\/p>\n<p>                    Movistar Plus+<\/p>\n<p>Sinopsis &#8216;Adivina qui\u00e9n muere esta noche&#8217;<\/p>\n<p data-gtm-element-container=\"modulo-texto-link\" class=\"paragraph\">La comedia, el romance y el caos se mezclan en esta oscura s\u00e1tira, con tintes de terror, protagonizada por Nick Kroll (&#8216;Operaci\u00f3n final&#8217;) y Andrew Rannells (&#8216;Los chicos de la banda&#8217;). <strong>Una pareja homosexual, a punto de convertirse en padres, se va de vacaciones a Italia<\/strong> para celebrar su d\u00e9cimo aniversario. Todo es perfecto, el ep\u00edtome de la luna de miel europea&#8230; hasta que las cosas empiezan a descontrolarse.<\/p>\n<p data-gtm-element-container=\"modulo-texto-link\" class=\"paragraph\">En &#8216;Adivina qui\u00e9n muere esta noche&#8217; se<strong> mezcla la s\u00e1tira, el humor absurdo, las situaciones grotescas y los malentendidos<\/strong> que rozan lo letal para abordar temas como la paternidad, el amor de pareja y las falsas esperanzas.<\/p>\n<p><a href=\"https:\/\/clk.tradedoubler.com\/click?p=357743&amp;a=3290363&amp;url=https:\/\/www.movistarplus.es\/\" rel=\"nofollow noreferrer noopener\" target=\"_blank\">Disfruta de toda la ficci\u00f3n con Movistar Plus+ por solo 9,99\u20ac\/mes \u00a1Activa aqu\u00ed tu cuenta!<\/a><\/p>\n<p>    Lee tambi\u00e9n<\/p>\n<p>Sobre Movistar Plus+<\/p>\n<p data-gtm-element-container=\"modulo-texto-link\" class=\"paragraph\">Es una<strong> plataforma de televisi\u00f3n de pago espa\u00f1ola<\/strong>, propiedad de Telef\u00f3nica. Emite por fibra y v\u00eda sat\u00e9lite, estando disponible a su vez como aplicaci\u00f3n para dispositivos m\u00f3viles. Movistar Plus+ opera desde el 8 de julio de 2015, y tiene su origen en la fusi\u00f3n de las plataformas Canal+ (sat\u00e9lite) y Movistar TV (IPTV). En nuestro pa\u00eds tiene ya <strong>m\u00e1s de 3,5 millones de suscriptores que disfrutan de sus contenidos.<\/strong>\u00a0<\/p>\n","protected":false},"excerpt":{"rendered":"14 son los estrenos que tiene previstos Movistar Plus+ esta semana. 14 nuevas producciones que llegar\u00e1n al cat\u00e1logo&hellip;\n","protected":false},"author":2,"featured_media":254846,"comment_status":"","ping_status":"","sticky":false,"template":"","format":"standard","meta":{"footnotes":""},"categories":[169],"tags":[177,146,147,25,24,176,175,23],"class_list":{"0":"post-254845","1":"post","2":"type-post","3":"status-publish","4":"format-standard","5":"has-post-thumbnail","7":"category-cine","8":"tag-cine","9":"tag-entertainment","10":"tag-entretenimiento","11":"tag-es","12":"tag-espana","13":"tag-film","14":"tag-movies","15":"tag-spain"},"share_on_mastodon":{"url":"https:\/\/pubeurope.com\/@es\/115609857686843171","error":""},"_links":{"self":[{"href":"https:\/\/www.europesays.com\/es\/wp-json\/wp\/v2\/posts\/254845","targetHints":{"allow":["GET"]}}],"collection":[{"href":"https:\/\/www.europesays.com\/es\/wp-json\/wp\/v2\/posts"}],"about":[{"href":"https:\/\/www.europesays.com\/es\/wp-json\/wp\/v2\/types\/post"}],"author":[{"embeddable":true,"href":"https:\/\/www.europesays.com\/es\/wp-json\/wp\/v2\/users\/2"}],"replies":[{"embeddable":true,"href":"https:\/\/www.europesays.com\/es\/wp-json\/wp\/v2\/comments?post=254845"}],"version-history":[{"count":0,"href":"https:\/\/www.europesays.com\/es\/wp-json\/wp\/v2\/posts\/254845\/revisions"}],"wp:featuredmedia":[{"embeddable":true,"href":"https:\/\/www.europesays.com\/es\/wp-json\/wp\/v2\/media\/254846"}],"wp:attachment":[{"href":"https:\/\/www.europesays.com\/es\/wp-json\/wp\/v2\/media?parent=254845"}],"wp:term":[{"taxonomy":"category","embeddable":true,"href":"https:\/\/www.europesays.com\/es\/wp-json\/wp\/v2\/categories?post=254845"},{"taxonomy":"post_tag","embeddable":true,"href":"https:\/\/www.europesays.com\/es\/wp-json\/wp\/v2\/tags?post=254845"}],"curies":[{"name":"wp","href":"https:\/\/api.w.org\/{rel}","templated":true}]}}